{"id":6488,"date":"2020-09-02T00:00:33","date_gmt":"2020-09-02T03:00:33","guid":{"rendered":"https:\/\/revistaepocadigital.com.ar\/?p=6488"},"modified":"2020-09-02T00:00:33","modified_gmt":"2020-09-02T03:00:33","slug":"suspenden-pago-de-cuotas-de-los-creditos-anses-hasta-el-31-de-octubre","status":"publish","type":"post","link":"https:\/\/revistaepocadigital.com.ar\/?p=6488","title":{"rendered":"SUSPENDEN PAGO DE CUOTAS DE LOS\u00a0CR\u00c9DITOS ANSES\u00a0HASTA EL 31 DE OCTUBRE"},"content":{"rendered":"<div class=\"D_F ek_BB H_6D6F aw_2941hk ba_10I1Qt az_oOItw ay_Z1nkUQx I_kt4zd\">\n<div id=\"app\" class=\"D_F ek_BB H_6D6F cZ1RN91d_n s_1HCsWR aw_Z22yhkg I_kt4zd az_DW ba_Z2gmOa3 ay_Z1cYiMT c2hBT4u_Zm6i39 cZTwBjO_Zdogtk\" tabindex=\"-1\" data-test-id=\"mail-app\">\n<div class=\"I_ZnwrMC D_F em_N o_h W_6D6F H_6D6F\" data-test-id=\"content-area\">\n<div class=\"D_F em_N o_h s_1HCsWR\" data-test-id=\"content-below-tabs\">\n<div id=\"mail-app-component-container\" class=\"D_F em_N ej_eUh o_h\">\n<div class=\"D_F o_v p_R I_ZnwrMC\" data-test-id=\"mail-right-rail\">\n<div class=\"D_F ek_BB\">\n<div class=\"Z_qc\">\n<div class=\"D_F en_0 gl_FM je_6Fd5 jb_6Fd5 N_6Fd5 X_6Fd5 H_7bcz k_w I_52qC m_Z14vXdP U_67SN\" data-test-id=\"comms-properties-bar\" aria-label=\"Grupo de navegaci\u00f3n del teclado. Usa las flechas para navegar o el tabulador para pasar al siguiente grupo.\">\n<div class=\"D_F W_A\" role=\"navigation\" data-test-id=\"comms-properties\" aria-label=\"Navega a otras propiedades de Yahoo, como Messenger, Agenda, Contactos y Bloc de notas\"><\/div>\n<div class=\"D_F ab_C cdPFi_ZamTeg C_ZamTeg r_P C4_Z29WjXl cdPFi4_Z29WjXl\">\n<div data-test-id=\"popover-container\">\n<div class=\"D_F\">\n<div class=\"msg-body P_wpofO mq_AS\" data-test-id=\"message-view-body-content\">\n<div class=\"jb_0 X_6MGW N_6Fd5\">\n<div id=\"yiv5796932780\">\n<div class=\"yiv5796932780WordSection1\">\n<p class=\"yiv5796932780MsoNormal\" align=\"left\"><b>PER\u00cdODO DE GRACIA.<!--more--><\/b><\/p>\n<p class=\"yiv5796932780MsoNormal\">La ANSES informa que extiende la suspensi\u00f3n del pago de las cuotas de los\u00a0<i>Cr\u00e9ditos ANSES<\/i>\u00a0hasta el 31 de octubre, en el marco de la Resoluci\u00f3n 5\/2020 publicada hoy en el Bolet\u00edn Oficial. Con esta medida se incluyen los meses de septiembre y octubre al per\u00edodo de gracia ya otorgado (de enero hasta agosto), lo que resulta en diez meses de pr\u00f3rroga.<\/p>\n<p class=\"yiv5796932780MsoNormal\">Cabe recordar que esta decisi\u00f3n se suma al env\u00edo de un proyecto de ley al Congreso, que realiz\u00f3 el organismo la semana pasada, que dispone que no se capitalicen los intereses de estos pr\u00e9stamos desde el 1\u00b0 de enero de 2020.<\/p>\n<\/div>\n<\/div>\n<\/div>\n<\/div>\n<\/div>\n<\/div>\n<\/div>\n<\/div>\n<\/div>\n<\/div>\n<\/div>\n<\/div>\n<\/div>\n<\/div>\n<\/div>\n<\/div>\n<p>&nbsp;<\/p>\n<p>&nbsp;<\/p>\n","protected":false},"excerpt":{"rendered":"<p>PER\u00cdODO DE GRACIA.<\/p>\n","protected":false},"author":3,"featured_media":6490,"comment_status":"open","ping_status":"open","sticky":false,"template":"","format":"standard","meta":{"footnotes":"","jetpack_publicize_message":"","jetpack_publicize_feature_enabled":true,"jetpack_social_post_already_shared":false,"jetpack_social_options":{"image_generator_settings":{"template":"highway","default_image_id":0,"font":"","enabled":false},"version":2}},"categories":[5],"tags":[21,872,142],"class_list":["post-6488","post","type-post","status-publish","format-standard","has-post-thumbnail","hentry","category-aqui-parada-robles","tag-anses","tag-creditos","tag-pagos"],"jetpack_publicize_connections":[],"jetpack_featured_media_url":"https:\/\/revistaepocadigital.com.ar\/wp-content\/uploads\/2020\/09\/ANSESS.jpg","jetpack_likes_enabled":true,"_links":{"self":[{"href":"https:\/\/revistaepocadigital.com.ar\/index.php?rest_route=\/wp\/v2\/posts\/6488","targetHints":{"allow":["GET"]}}],"collection":[{"href":"https:\/\/revistaepocadigital.com.ar\/index.php?rest_route=\/wp\/v2\/posts"}],"about":[{"href":"https:\/\/revistaepocadigital.com.ar\/index.php?rest_route=\/wp\/v2\/types\/post"}],"author":[{"embeddable":true,"href":"https:\/\/revistaepocadigital.com.ar\/index.php?rest_route=\/wp\/v2\/users\/3"}],"replies":[{"embeddable":true,"href":"https:\/\/revistaepocadigital.com.ar\/index.php?rest_route=%2Fwp%2Fv2%2Fcomments&post=6488"}],"version-history":[{"count":0,"href":"https:\/\/revistaepocadigital.com.ar\/index.php?rest_route=\/wp\/v2\/posts\/6488\/revisions"}],"wp:featuredmedia":[{"embeddable":true,"href":"https:\/\/revistaepocadigital.com.ar\/index.php?rest_route=\/wp\/v2\/media\/6490"}],"wp:attachment":[{"href":"https:\/\/revistaepocadigital.com.ar\/index.php?rest_route=%2Fwp%2Fv2%2Fmedia&parent=6488"}],"wp:term":[{"taxonomy":"category","embeddable":true,"href":"https:\/\/revistaepocadigital.com.ar\/index.php?rest_route=%2Fwp%2Fv2%2Fcategories&post=6488"},{"taxonomy":"post_tag","embeddable":true,"href":"https:\/\/revistaepocadigital.com.ar\/index.php?rest_route=%2Fwp%2Fv2%2Ftags&post=6488"}],"curies":[{"name":"wp","href":"https:\/\/api.w.org\/{rel}","templated":true}]}}