{"id":6506,"date":"2020-09-03T18:52:01","date_gmt":"2020-09-03T21:52:01","guid":{"rendered":"https:\/\/revistaepocadigital.com.ar\/?p=6506"},"modified":"2020-09-03T18:52:01","modified_gmt":"2020-09-03T21:52:01","slug":"con-el-corazon-en-la-mano","status":"publish","type":"post","link":"https:\/\/revistaepocadigital.com.ar\/?p=6506","title":{"rendered":"Con el coraz\u00f3n en la mano"},"content":{"rendered":"<div class=\"clearfix fbPhotoSnowliftAuthorInfo _xlu\">\n<div class=\"clearfix _8u _42ef\">\n<div class=\"_6a\">\n<div class=\"_6a _6b\">\n<div id=\"fbPhotoSnowliftAudienceSelector\">\n<div class=\"mbs fbPhotosAudienceContainerNotEditable\">\n<div class=\"_6a _29ee _3iio _43_1\" role=\"img\" data-hover=\"tooltip\" data-tooltip-content=\"Compartido con: Amigos de Javier Oscar\" aria-label=\"Compartido con: Amigos de Javier Oscar\"><strong>\u00a0EL MENSAJE DE UN ESPOSO, ANTE LA PERDIDA IRREPARABLE DE SU ESPOSA.<\/strong><\/div>\n<\/div>\n<\/div>\n<div class=\"fsm fwn fcg\">\n<div id=\"fbPhotoSnowliftOnProfile\" class=\"fbPhotosOnProfile\"><\/div>\n<\/div>\n<p>&nbsp;<\/p>\n<\/div>\n<\/div>\n<\/div>\n<\/div>\n<p><!--more--><\/p>\n<div class=\"_xlr\"><span id=\"fbPhotoSnowliftContext\" class=\"fbPhotosPhotoContext\"><\/span><span id=\"fbPhotoSnowliftCaption\" class=\"fbPhotosPhotoCaption\" tabindex=\"0\" aria-live=\"polite\" data-ft=\"{&quot;tn&quot;:&quot;K&quot;}\"><span class=\"hasCaption\">El vecino capillense <strong>Javier Oscar Fragosa<\/strong>, ante el golpe dur\u00edsimo sufrido debido a la cruel y tan angustiante pandemia de coronavirus. Falleci\u00f3 su esposa Mirian Beatriz Saubaber, vecina de Los Cardales de 46 a\u00f1os. Fragosa cargado de imaginable dolor, escribi\u00f3 un mensaje conmovedor en su cuenta en la red social Facebook; habl\u00f3 con el coraz\u00f3n en la mano.<\/span><\/span><\/div>\n<div><\/div>\n<div class=\"_xlr\"><strong><em><span id=\"fbPhotoSnowliftCaption\" class=\"fbPhotosPhotoCaption\" tabindex=\"0\" aria-live=\"polite\" data-ft=\"{&quot;tn&quot;:&quot;K&quot;}\"><span class=\"hasCaption\">&#8220;Hoy es un d\u00eda muy triste para m\u00ed, Dios me sac\u00f3 a mi esposa pero me dej\u00f3 al cuidado de sus hijos, por los cuales voy a dar la vida. Amor te voy a extra\u00f1ar un mont\u00f3n, pero se que ahora vas a estar con Mili y desde el cielo me vas a proteger. Dale un abrazo a mi madre y decile que te ayude a cuidarnos. Te amo y te voy a extra\u00f1ar, vuela alto y descansa en paz&#8221;.<\/span><\/span><\/em><\/strong><\/div>\n","protected":false},"excerpt":{"rendered":"<p>\u00a0EL MENSAJE DE UN ESPOSO, ANTE LA PERDIDA IRREPARABLE DE SU ESPOSA. &nbsp;<\/p>\n","protected":false},"author":4,"featured_media":6507,"comment_status":"open","ping_status":"open","sticky":false,"template":"","format":"standard","meta":{"footnotes":"","jetpack_publicize_message":"","jetpack_publicize_feature_enabled":true,"jetpack_social_post_already_shared":false,"jetpack_social_options":{"image_generator_settings":{"template":"highway","default_image_id":0,"font":"","enabled":false},"version":2}},"categories":[13],"tags":[875],"class_list":["post-6506","post","type-post","status-publish","format-standard","has-post-thumbnail","hentry","category-interes-general","tag-vecina-fallecida"],"jetpack_publicize_connections":[],"jetpack_featured_media_url":"https:\/\/revistaepocadigital.com.ar\/wp-content\/uploads\/2020\/09\/vecina.jpg","jetpack_likes_enabled":true,"_links":{"self":[{"href":"https:\/\/revistaepocadigital.com.ar\/index.php?rest_route=\/wp\/v2\/posts\/6506","targetHints":{"allow":["GET"]}}],"collection":[{"href":"https:\/\/revistaepocadigital.com.ar\/index.php?rest_route=\/wp\/v2\/posts"}],"about":[{"href":"https:\/\/revistaepocadigital.com.ar\/index.php?rest_route=\/wp\/v2\/types\/post"}],"author":[{"embeddable":true,"href":"https:\/\/revistaepocadigital.com.ar\/index.php?rest_route=\/wp\/v2\/users\/4"}],"replies":[{"embeddable":true,"href":"https:\/\/revistaepocadigital.com.ar\/index.php?rest_route=%2Fwp%2Fv2%2Fcomments&post=6506"}],"version-history":[{"count":0,"href":"https:\/\/revistaepocadigital.com.ar\/index.php?rest_route=\/wp\/v2\/posts\/6506\/revisions"}],"wp:featuredmedia":[{"embeddable":true,"href":"https:\/\/revistaepocadigital.com.ar\/index.php?rest_route=\/wp\/v2\/media\/6507"}],"wp:attachment":[{"href":"https:\/\/revistaepocadigital.com.ar\/index.php?rest_route=%2Fwp%2Fv2%2Fmedia&parent=6506"}],"wp:term":[{"taxonomy":"category","embeddable":true,"href":"https:\/\/revistaepocadigital.com.ar\/index.php?rest_route=%2Fwp%2Fv2%2Fcategories&post=6506"},{"taxonomy":"post_tag","embeddable":true,"href":"https:\/\/revistaepocadigital.com.ar\/index.php?rest_route=%2Fwp%2Fv2%2Ftags&post=6506"}],"curies":[{"name":"wp","href":"https:\/\/api.w.org\/{rel}","templated":true}]}}