{"id":6534,"date":"2020-09-04T19:15:47","date_gmt":"2020-09-04T22:15:47","guid":{"rendered":"https:\/\/revistaepocadigital.com.ar\/?p=6534"},"modified":"2020-09-04T19:15:47","modified_gmt":"2020-09-04T22:15:47","slug":"retiran-vehiculos-judicializados-de-la-comisaria","status":"publish","type":"post","link":"https:\/\/revistaepocadigital.com.ar\/?p=6534","title":{"rendered":"RETIRAN VEHICULOS JUDICIALIZADOS DE LA COMISAR\u00cdA"},"content":{"rendered":"<p><strong>EN MARCHA.<\/strong><!--more--><\/p>\n<p>Continuaban los trabajos para retirar los automotores judicializados que se encontraban en la comisar\u00eda de Los Cardales. El trabajo comenz\u00f3 hace algunas semanas, y que apunta a liberar calles y dependencias de los veh\u00edculos que se encuentran en esa situaci\u00f3n.<\/p>\n<p>Las unidades fueron remolcadas con equipos municipales hasta el nuevo dep\u00f3sito, en Capilla del Se\u00f1or. Algo similar viene ocurriendo con las comisar\u00edas de Capilla del Se\u00f1or y Parada Robles, tambi\u00e9n con el objetivo de liberar calles y ganar espacio. Si bien las labores no han concluido, el objetivo es que finalicen en los pr\u00f3ximos d\u00edas.<\/p>\n","protected":false},"excerpt":{"rendered":"<p>EN MARCHA.<\/p>\n","protected":false},"author":3,"featured_media":6536,"comment_status":"open","ping_status":"open","sticky":false,"template":"","format":"standard","meta":{"footnotes":"","jetpack_publicize_message":"","jetpack_publicize_feature_enabled":true,"jetpack_social_post_already_shared":false,"jetpack_social_options":{"image_generator_settings":{"template":"highway","default_image_id":0,"font":"","enabled":false},"version":2}},"categories":[4],"tags":[],"class_list":["post-6534","post","type-post","status-publish","format-standard","has-post-thumbnail","hentry","category-aqui-los-cardales"],"jetpack_publicize_connections":[],"jetpack_featured_media_url":"https:\/\/revistaepocadigital.com.ar\/wp-content\/uploads\/2020\/09\/comi-cardal.jpg","jetpack_likes_enabled":true,"_links":{"self":[{"href":"https:\/\/revistaepocadigital.com.ar\/index.php?rest_route=\/wp\/v2\/posts\/6534","targetHints":{"allow":["GET"]}}],"collection":[{"href":"https:\/\/revistaepocadigital.com.ar\/index.php?rest_route=\/wp\/v2\/posts"}],"about":[{"href":"https:\/\/revistaepocadigital.com.ar\/index.php?rest_route=\/wp\/v2\/types\/post"}],"author":[{"embeddable":true,"href":"https:\/\/revistaepocadigital.com.ar\/index.php?rest_route=\/wp\/v2\/users\/3"}],"replies":[{"embeddable":true,"href":"https:\/\/revistaepocadigital.com.ar\/index.php?rest_route=%2Fwp%2Fv2%2Fcomments&post=6534"}],"version-history":[{"count":0,"href":"https:\/\/revistaepocadigital.com.ar\/index.php?rest_route=\/wp\/v2\/posts\/6534\/revisions"}],"wp:featuredmedia":[{"embeddable":true,"href":"https:\/\/revistaepocadigital.com.ar\/index.php?rest_route=\/wp\/v2\/media\/6536"}],"wp:attachment":[{"href":"https:\/\/revistaepocadigital.com.ar\/index.php?rest_route=%2Fwp%2Fv2%2Fmedia&parent=6534"}],"wp:term":[{"taxonomy":"category","embeddable":true,"href":"https:\/\/revistaepocadigital.com.ar\/index.php?rest_route=%2Fwp%2Fv2%2Fcategories&post=6534"},{"taxonomy":"post_tag","embeddable":true,"href":"https:\/\/revistaepocadigital.com.ar\/index.php?rest_route=%2Fwp%2Fv2%2Ftags&post=6534"}],"curies":[{"name":"wp","href":"https:\/\/api.w.org\/{rel}","templated":true}]}}