{"id":6537,"date":"2020-09-04T19:28:15","date_gmt":"2020-09-04T22:28:15","guid":{"rendered":"https:\/\/revistaepocadigital.com.ar\/?p=6537"},"modified":"2020-09-04T19:29:59","modified_gmt":"2020-09-04T22:29:59","slug":"programas-para-la-primera-infancia-funcionaran-en-el-jardin-maternal-el-abrojito","status":"publish","type":"post","link":"https:\/\/revistaepocadigital.com.ar\/?p=6537","title":{"rendered":"Programas para la primera infancia, funcionar\u00e1n en el jard\u00edn maternal El Abrojito"},"content":{"rendered":"<p><strong>FUNCIONARIOS DE NACI\u00d3N VISITARON EL DISTRITO.<\/strong><!--more--><\/p>\n<p>Funcionarios del Ministerio de Desarrollo Social visitaron Exaltaci\u00f3n de la Cruz (4\/9), para firmar una serie de convenios con el intendente Diego Nanni. Se relacionan con la puesta en marcha de programas relacionados con la primera infancia. Dichos programas van a funcionar en el edificio del jard\u00edn maternal El Abrojito, establecimiento que recorrieron.<\/p>\n<p>Estuvieron el director nacional de Pol\u00edticas de Primera Infancia, Federico Berardi, y el subsecretario de esa cartera, Nicol\u00e1s<span class=\"text_exposed_show\"> Falcone. Ambos, junto a la secretaria de Gobierno, Mar\u00edaLuz Bozzani y su par de Pol\u00edticas Educativas del municipio, Vanesa Russo, rubricaron dichos acuerdos.<\/span><\/p>\n<div class=\"text_exposed_show\">\n<p>El convenio permiti\u00f3 incluir al \u201cEl Abrojito\u201d dentro de los programas de Desarrollo Infantil, abarcando asistencia nutricional, estimulaci\u00f3n temprana, promoci\u00f3n de la salud y capacitaci\u00f3n y formaci\u00f3n de personal. Estos programas son financiados con recursos del gobierno nacional.<\/p>\n<\/div>\n","protected":false},"excerpt":{"rendered":"<p>FUNCIONARIOS DE NACI\u00d3N VISITARON EL DISTRITO.<\/p>\n","protected":false},"author":4,"featured_media":6539,"comment_status":"open","ping_status":"open","sticky":false,"template":"","format":"standard","meta":{"footnotes":"","jetpack_publicize_message":"","jetpack_publicize_feature_enabled":true,"jetpack_social_post_already_shared":false,"jetpack_social_options":{"image_generator_settings":{"template":"highway","default_image_id":0,"font":"","enabled":false},"version":2}},"categories":[17],"tags":[880,879,878],"class_list":["post-6537","post","type-post","status-publish","format-standard","has-post-thumbnail","hentry","category-politica","tag-el-abrojito","tag-infancia","tag-programas"],"jetpack_publicize_connections":[],"jetpack_featured_media_url":"https:\/\/revistaepocadigital.com.ar\/wp-content\/uploads\/2020\/09\/nanni-funionairos.jpg","jetpack_likes_enabled":true,"_links":{"self":[{"href":"https:\/\/revistaepocadigital.com.ar\/index.php?rest_route=\/wp\/v2\/posts\/6537","targetHints":{"allow":["GET"]}}],"collection":[{"href":"https:\/\/revistaepocadigital.com.ar\/index.php?rest_route=\/wp\/v2\/posts"}],"about":[{"href":"https:\/\/revistaepocadigital.com.ar\/index.php?rest_route=\/wp\/v2\/types\/post"}],"author":[{"embeddable":true,"href":"https:\/\/revistaepocadigital.com.ar\/index.php?rest_route=\/wp\/v2\/users\/4"}],"replies":[{"embeddable":true,"href":"https:\/\/revistaepocadigital.com.ar\/index.php?rest_route=%2Fwp%2Fv2%2Fcomments&post=6537"}],"version-history":[{"count":0,"href":"https:\/\/revistaepocadigital.com.ar\/index.php?rest_route=\/wp\/v2\/posts\/6537\/revisions"}],"wp:featuredmedia":[{"embeddable":true,"href":"https:\/\/revistaepocadigital.com.ar\/index.php?rest_route=\/wp\/v2\/media\/6539"}],"wp:attachment":[{"href":"https:\/\/revistaepocadigital.com.ar\/index.php?rest_route=%2Fwp%2Fv2%2Fmedia&parent=6537"}],"wp:term":[{"taxonomy":"category","embeddable":true,"href":"https:\/\/revistaepocadigital.com.ar\/index.php?rest_route=%2Fwp%2Fv2%2Fcategories&post=6537"},{"taxonomy":"post_tag","embeddable":true,"href":"https:\/\/revistaepocadigital.com.ar\/index.php?rest_route=%2Fwp%2Fv2%2Ftags&post=6537"}],"curies":[{"name":"wp","href":"https:\/\/api.w.org\/{rel}","templated":true}]}}