{"id":6540,"date":"2020-09-04T20:17:52","date_gmt":"2020-09-04T23:17:52","guid":{"rendered":"https:\/\/revistaepocadigital.com.ar\/?p=6540"},"modified":"2020-09-04T20:17:52","modified_gmt":"2020-09-04T23:17:52","slug":"robo-y-desmanes-en-el-jardin-de-infantes-901-incalificable","status":"publish","type":"post","link":"https:\/\/revistaepocadigital.com.ar\/?p=6540","title":{"rendered":"ROBO Y DESMANES EN EL JARDIN DE INFANTES 901, INCALIFICABLE"},"content":{"rendered":"<p><strong>REPUDIABLE. <\/strong><!--more--><\/p>\n<p>Hace unos d\u00edas (2\/9) se produjo un hecho incalificables, seg\u00fan dijo a Capilla Online, Patricio Diez, presidente del Consejo Escolar, &#8220;robaron el Jard\u00edn 901, entraron y pintaron paredes, carteleras, alguna puerta y tambi\u00e9n<span class=\"text_exposed_show\"> se llevaron mercader\u00eda&#8221;.<\/span><\/p>\n<p>En horas de la madrugada, delincuentes, irrumpieron rompiendo una puerta, pintaron las paredes, ensuciaron los pisos, se llevaron comida, destruyeron vidrios y armarios. Un hecho repudiable perpetrado en un establecimiento educativo de Capilla del Se\u00f1or, al que asisten numerosos ni\u00f1os.<\/p>\n<div class=\"itemFullText\">\n<p>\u00a0Aproximadamente a las 9 de la ma\u00f1ana, -ampli\u00f3 Capilla Online- cuando empleados y funcionarios llegaron al jard\u00edn, se encontraron con la sorpresa. Hab\u00edan violado la puerta que da a un patio,\u00a0 y desde ah\u00ed lograron acceder a las aulas y al sal\u00f3n de usos m\u00faltiples. La complicidad de la oscuridad, los favoreci\u00f3 para sustraer objetos y mercader\u00eda destinada a los m\u00f3dulos alimentarios, cometiendo un doble perjuicio.<\/p>\n<p>Desde el Jard\u00edn 901, se recibe a gran parte de la comunidad pre escolar y se distribuyen bolsones alimentarios, destinados a personas de bajos recursos, que han sido duramente golpeados por la econom\u00eda, mientras que los ingresos disminuyen, aumentan las necesidades.<\/p>\n<p>El trabajo de las maestras y los chicos que antes de la pandemia -se mencion\u00f3 en otro pasaje de la nota en el mencionado medio- hab\u00edan sido dejado en las carteleras, las \u00faltimas fotos, antes del forzado alejamiento de los alumnos, tambi\u00e9n sufri\u00f3 el desquicio, sin sentido de los que no miden sus actos y menos sus consecuencias.<\/p>\n<p>El Jard\u00edn 901 Almirante Irizar se encuentra muy cerca de la comisar\u00eda capillense y desde el Sistema de Monitoreo no habr\u00edan logrado observar nada, mientras m\u00e1s tarde fueron esperadas las conclusiones de la Polic\u00eda Cient\u00edfica, y la revisi\u00f3n de las c\u00e1maras de seguridad, para dar con los autores del hecho.<\/p>\n<p>No solo quedaba la indignaci\u00f3n por lo ocurrido, sino tambi\u00e9n los gastos a afrontar para las refacciones y la pintura\u00a0 necesaria para dejar todo en condiciones, al respecto Patricio Diez, Presidente de la Consejo escolar de Exaltaci\u00f3n, agreg\u00f3:\u201dVinieron nuestros proveedores a medir los vidrios que faltan, la Secretaria del Jard\u00edn, ya hizo la denuncia y estamos esperando a ver si hay algunas novedades del hecho\u201d, coment\u00f3.<\/p>\n<p>El da\u00f1o quiz\u00e1s fue, el verdadero objetivo, destrozar el trabajo y el \u00e1mbito del pr\u00f3jimo, expresando bronca, ensa\u00f1amiento, justamente con quienes no se lo merecen, con quienes est\u00e1n al servicio de la comunidad y en donde han asistido miles de ni\u00f1os y ni\u00f1as con ansias de aprender.<\/p>\n<\/div>\n<p>Como dijo el concejal Ra\u00fal Sancho, uno de los hijos de la directora, y habr\u00e1 sin dudas, coincidencia general entre los vecinos: <em>&#8220;Vergonzoso esto. Da\u00f1ar un jard\u00edn de infantes, es da\u00f1ar el futuro de los cientos de ni\u00f1os que ah\u00ed reciben educaci\u00f3n.<\/em><br \/>\n<em>Esperemos que no quede en nada&#8221;.<\/em> Esperemos.<\/p>\n<p>&nbsp;<\/p>\n<p>Fuente: Capilla Online.<\/p>\n<p>&nbsp;<\/p>\n","protected":false},"excerpt":{"rendered":"<p>REPUDIABLE.<\/p>\n","protected":false},"author":4,"featured_media":6543,"comment_status":"open","ping_status":"open","sticky":false,"template":"","format":"standard","meta":{"footnotes":"","jetpack_publicize_message":"","jetpack_publicize_feature_enabled":true,"jetpack_social_post_already_shared":false,"jetpack_social_options":{"image_generator_settings":{"template":"highway","default_image_id":0,"font":"","enabled":false},"version":2}},"categories":[13],"tags":[496,881],"class_list":["post-6540","post","type-post","status-publish","format-standard","has-post-thumbnail","hentry","category-interes-general","tag-jardin-901","tag-robo"],"jetpack_publicize_connections":[],"jetpack_featured_media_url":"https:\/\/revistaepocadigital.com.ar\/wp-content\/uploads\/2020\/09\/jardin-robo-9-20.jpg","jetpack_likes_enabled":true,"_links":{"self":[{"href":"https:\/\/revistaepocadigital.com.ar\/index.php?rest_route=\/wp\/v2\/posts\/6540","targetHints":{"allow":["GET"]}}],"collection":[{"href":"https:\/\/revistaepocadigital.com.ar\/index.php?rest_route=\/wp\/v2\/posts"}],"about":[{"href":"https:\/\/revistaepocadigital.com.ar\/index.php?rest_route=\/wp\/v2\/types\/post"}],"author":[{"embeddable":true,"href":"https:\/\/revistaepocadigital.com.ar\/index.php?rest_route=\/wp\/v2\/users\/4"}],"replies":[{"embeddable":true,"href":"https:\/\/revistaepocadigital.com.ar\/index.php?rest_route=%2Fwp%2Fv2%2Fcomments&post=6540"}],"version-history":[{"count":0,"href":"https:\/\/revistaepocadigital.com.ar\/index.php?rest_route=\/wp\/v2\/posts\/6540\/revisions"}],"wp:featuredmedia":[{"embeddable":true,"href":"https:\/\/revistaepocadigital.com.ar\/index.php?rest_route=\/wp\/v2\/media\/6543"}],"wp:attachment":[{"href":"https:\/\/revistaepocadigital.com.ar\/index.php?rest_route=%2Fwp%2Fv2%2Fmedia&parent=6540"}],"wp:term":[{"taxonomy":"category","embeddable":true,"href":"https:\/\/revistaepocadigital.com.ar\/index.php?rest_route=%2Fwp%2Fv2%2Fcategories&post=6540"},{"taxonomy":"post_tag","embeddable":true,"href":"https:\/\/revistaepocadigital.com.ar\/index.php?rest_route=%2Fwp%2Fv2%2Ftags&post=6540"}],"curies":[{"name":"wp","href":"https:\/\/api.w.org\/{rel}","templated":true}]}}