{"id":6550,"date":"2020-09-06T22:42:50","date_gmt":"2020-09-07T01:42:50","guid":{"rendered":"https:\/\/revistaepocadigital.com.ar\/?p=6550"},"modified":"2020-09-06T22:42:50","modified_gmt":"2020-09-07T01:42:50","slug":"usurpaciones-lo-tuyo-es-mio","status":"publish","type":"post","link":"https:\/\/revistaepocadigital.com.ar\/?p=6550","title":{"rendered":"Usurpaciones, lo tuyo es m\u00edo"},"content":{"rendered":"<article id=\"article-post\" class=\"first\">\n<div class=\"cuerpo\" data-twitter-link=\"https:\/\/twitter.com\/intent\/tweet?url=https:\/\/www.diariopopular.com.ar\/\/c500038&amp;via=poopulardiario&amp;related=Diario Popular&amp;text=\">\n<p><strong>UN FEN\u00d3MENO QUE HA RECRUDECIDO, QUE PREOCUPA Y ANGUSTIA A LEG\u00cdTIMOS PROPIETARIOS.<!--more--><\/strong><\/p>\n<p>Propietarios, vecinos de distintas localidades que se hacen escuchar, planteando sus justificados reclamos a las autoridades nacionales y provinciales, sin que se perciba de parte de los poderes, cursos de acci\u00f3n claros y ajustados a las leyes y decisiones pol\u00edticas.<\/p>\n<p>Sobre tan seria problem\u00e1tica, ell gobernador de Buenos Aires, Axel Kicillof, se sum\u00f3 a las cr\u00edticas a las usurpaciones de tierras que formularan el presidente Alberto Fern\u00e1ndez y varios dirigentes del oficialismo, al se\u00f1alar que son &#8220;ilegales&#8221; e &#8220;injustas&#8221;.<\/p>\n<\/div>\n<\/article>\n<p>&#8220;Las usurpaciones no s\u00f3lo son ilegales, sino que adem\u00e1s producen situaciones injustas&#8221;, dijo Kicillof al t\u00e9rmino de una reuni\u00f3n con intendentes de partidos en los que se registran hechos de esa naturaleza y con los que acord\u00f3 conformar una mesa de trabajo conjunta para adoptar medidas de coyuntura y estructurales.<\/p>\n<p>&#8220;Sabemos que la provincia de Buenos Aires, tiene un enorme d\u00e9ficit habitacional, pero \u00e9ste no se soluciona con intrusiones ilegales&#8221;, afirm\u00f3 el mandatario provincial.\u00a0 En tanto, a diferencia de manifestaciones anteriores, la controversial ministra de seguridad, Sabrina Frederic coincidi\u00f3 con Kicillof, &#8220;las tomas de tierras son actos ilegales, prohibidos por la ley&#8221;.<\/p>\n<article id=\"article-post\">\n<div class=\"cuerpo\" data-twitter-link=\"https:\/\/twitter.com\/intent\/tweet?url=https:\/\/www.diariopopular.com.ar\/\/c500038&amp;via=poopulardiario&amp;related=Diario Popular&amp;text=\">\n<p>Kicillof se reuni\u00f3 durante unas tres horas con los jefes comunales de Presidente Per\u00f3n, Blanca Canteros; Avellaneda, Jorge Ferraresi; Florencio Varela, Andr\u00e9s Watson; Berazategui, Juan Patricio Mussi; San Vicente, Nicol\u00e1s Mantegazza; Berisso, Fabi\u00e1n Cagliardi; La Matanza, Fernando Espinoza; San Fernando, Juan Andreotti; Quilmes, Mayra Mendoza; y Malvinas Argentinas, Leonardo Nardini, para coordinar acciones conjuntas para abordar la problem\u00e1tica de las tomas ilegales.<\/p>\n<p>Tambi\u00e9n estuvieron presentes los ministros de Desarrollo de la Comunidad, Andr\u00e9s Larroque; Justicia, Julio Alak; Seguridad, Sergio Berni; Gobierno, Teresa Garc\u00eda; Infraestructura, Agust\u00edn Simone y el jefe de Gabinete, Carlos Bianco.<\/p>\n<div id=\"embed44_wrap\" class=\"embed_cont type_freetext no-epigrafe no-copyright\">\n<div id=\"embed44_content\" class=\"embed_content\">\n<div id=\"embed44_embed\">\n<div class=\"twitter-tweet twitter-tweet-rendered\"><iframe id=\"twitter-widget-0\" class=\"\" title=\"Twitter Tweet\" src=\"https:\/\/platform.twitter.com\/embed\/index.html?creatorScreenName=populardiario&amp;dnt=false&amp;embedId=twitter-widget-0&amp;frame=false&amp;hideCard=false&amp;hideThread=false&amp;id=1301618578563706880&amp;lang=en&amp;origin=https%3A%2F%2Fwww.diariopopular.com.ar%2Fprovincia%2Faxel-kicillof-la-toma-tierra-las-usurpaciones-son-ilegales-y-producen-situaciones-injustas-n500038&amp;siteScreenName=populardiario&amp;theme=light&amp;widgetsVersion=219d021%3A1598982042171&amp;width=550px\" frameborder=\"0\" scrolling=\"no\" allowfullscreen=\"allowfullscreen\" data-tweet-id=\"1301618578563706880\" data-mce-fragment=\"1\"><\/iframe><\/div>\n<\/div>\n<\/div>\n<\/div>\n<p>El gobernador dijo que &#8220;el Ministerio de Seguridad, al mando de Sergio Berni, viene actuando incansablemente para evitar nuevas tomas&#8221;, pero advirti\u00f3 que, &#8220;adem\u00e1s, es necesario que la Justicia haga su trabajo con quienes incentivan las ocupaciones y se abusan de las necesidades de la gente&#8221;.<\/p>\n<p><span id=\"saysCMSEmphasisdppezkux70w\" class=\"saysCMSEmphasis\"><mark>En ese contexto, Kicillof expuso que &#8220;para enfrentar el d\u00e9ficit habitacional, Naci\u00f3n, Provincia y municipios disponen y est\u00e1n reforzando diferentes planes de vivienda, de urbanizaci\u00f3n de barrios populares y de acceso al suelo&#8221;.<\/mark><\/span><\/p>\n<p>&#8220;Esos planes fueron pr\u00e1cticamente abandonados durante los \u00faltimos cuatro a\u00f1os generando una necesidad mayor&#8221;, continu\u00f3 y resalt\u00f3 que &#8220;es el Estado el que tiene que dar una soluci\u00f3n de fondo a esta problem\u00e1tica&#8221;.<\/p>\n<p>Seg\u00fan inform\u00f3 la gobernaci\u00f3n, se acord\u00f3 con los intendentes \u201cun plan de acci\u00f3n que consta del establecimiento de una mesa de trabajo conjunta entre la Provincia y los municipios del AMBA, de modo de dar un abordaje integral a la problem\u00e1tica con acciones de car\u00e1cter coyuntural y estructural\u201d.<\/p>\n<p>Dentro de las acciones puntuales para evitar nuevas usurpaciones y tomas ilegales, se estableci\u00f3 un sistema de \u201calerta temprana\u201d entre los municipios, la Jefatura de Gabinete y los ministerios de Gobierno, Seguridad y Justicia y Derechos Humanos.\u00a0Por su parte, el Ministerio de Desarrollo de la Comunidad se encargar\u00e1 de la asistencia a las poblaciones vulnerables que sufren del d\u00e9ficit habitacional.<\/p>\n<p>Fuente: nota publicada en Diario Popular<\/p>\n<\/div>\n<\/article>\n","protected":false},"excerpt":{"rendered":"<p>UN FEN\u00d3MENO QUE HA RECRUDECIDO, QUE PREOCUPA Y ANGUSTIA A LEG\u00cdTIMOS PROPIETARIOS.<\/p>\n","protected":false},"author":3,"featured_media":6552,"comment_status":"open","ping_status":"open","sticky":false,"template":"","format":"standard","meta":{"footnotes":"","jetpack_publicize_message":"","jetpack_publicize_feature_enabled":true,"jetpack_social_post_already_shared":false,"jetpack_social_options":{"image_generator_settings":{"template":"highway","default_image_id":0,"font":"","enabled":false},"version":2}},"categories":[13],"tags":[776,735,179,882],"class_list":["post-6550","post","type-post","status-publish","format-standard","has-post-thumbnail","hentry","category-interes-general","tag-gobernador","tag-intendentes","tag-politica","tag-usurpaciones"],"jetpack_publicize_connections":[],"jetpack_featured_media_url":"https:\/\/revistaepocadigital.com.ar\/wp-content\/uploads\/2020\/09\/kici-usurpa.jpg","jetpack_likes_enabled":true,"_links":{"self":[{"href":"https:\/\/revistaepocadigital.com.ar\/index.php?rest_route=\/wp\/v2\/posts\/6550","targetHints":{"allow":["GET"]}}],"collection":[{"href":"https:\/\/revistaepocadigital.com.ar\/index.php?rest_route=\/wp\/v2\/posts"}],"about":[{"href":"https:\/\/revistaepocadigital.com.ar\/index.php?rest_route=\/wp\/v2\/types\/post"}],"author":[{"embeddable":true,"href":"https:\/\/revistaepocadigital.com.ar\/index.php?rest_route=\/wp\/v2\/users\/3"}],"replies":[{"embeddable":true,"href":"https:\/\/revistaepocadigital.com.ar\/index.php?rest_route=%2Fwp%2Fv2%2Fcomments&post=6550"}],"version-history":[{"count":0,"href":"https:\/\/revistaepocadigital.com.ar\/index.php?rest_route=\/wp\/v2\/posts\/6550\/revisions"}],"wp:featuredmedia":[{"embeddable":true,"href":"https:\/\/revistaepocadigital.com.ar\/index.php?rest_route=\/wp\/v2\/media\/6552"}],"wp:attachment":[{"href":"https:\/\/revistaepocadigital.com.ar\/index.php?rest_route=%2Fwp%2Fv2%2Fmedia&parent=6550"}],"wp:term":[{"taxonomy":"category","embeddable":true,"href":"https:\/\/revistaepocadigital.com.ar\/index.php?rest_route=%2Fwp%2Fv2%2Fcategories&post=6550"},{"taxonomy":"post_tag","embeddable":true,"href":"https:\/\/revistaepocadigital.com.ar\/index.php?rest_route=%2Fwp%2Fv2%2Ftags&post=6550"}],"curies":[{"name":"wp","href":"https:\/\/api.w.org\/{rel}","templated":true}]}}