{"id":6571,"date":"2020-09-08T23:47:32","date_gmt":"2020-09-09T02:47:32","guid":{"rendered":"https:\/\/revistaepocadigital.com.ar\/?p=6571"},"modified":"2020-09-08T23:49:08","modified_gmt":"2020-09-09T02:49:08","slug":"como-se-origino-la-masiva-protesta-de-la-policia-de-la-provincia-de-buenos-aires","status":"publish","type":"post","link":"https:\/\/revistaepocadigital.com.ar\/?p=6571","title":{"rendered":"Como se origin\u00f3 la masiva protesta de la polic\u00eda de la provincia de Buenos Aires."},"content":{"rendered":"<header class=\"header | col widescreen-12 desktop-12 tablet-12 width_full\">\n<div class=\"article-header font_tertiary\">\n<h5 class=\"article-subheadline | article-subheadline padding_vertical_5px border_bottom border_1 border_lightgray width_full\"><strong>POR LAS REDES SOCIALES, LA CONVOCATORIA.<!--more--><\/strong><\/h5>\n<h6 class=\"article-subheadline | article-subheadline padding_vertical_5px border_bottom border_1 border_lightgray width_full\">El fin de semana, el grupo \u201cPolic\u00eda Reclamando\u201d que nuclea 50 mil miembros viraliz\u00f3 las primeras im\u00e1genes que terminaron con la mayor movilizaci\u00f3n de la fuerza de seguridad m\u00e1s numerosa del pa\u00eds en la historia reciente. El efecto bola de nieve y el problema de lidiar con una movilizaci\u00f3n sin l\u00edderes.<\/h6>\n<\/div>\n<div class=\"grid\">\n<div class=\"byline | font_tertiary display_flex align_items_center isText col widescreen-8 desktop-8 tablet-12 width_full\">\n<div class=\"author_image margin_horizontal_5px\"><\/div>\n<div class=\"authors | margin_horizontal_5px color_black display_inline border_2 border_right border_middlegray\"><\/div>\n<\/div>\n<\/div>\n<\/header>\n<article class=\"article | col widescreen-8 desktop-8 tablet-12 width_full\"><picture class=\"font_tertiary visual__image\"><source srcset=\"https:\/\/www.infobae.com\/new-resizer\/wQQzGlN2c3tlsc9ywwK8z0ME5fg=\/768x1024\/filters:format(jpg):quality(85)\/cloudfront-us-east-1.images.arcpublishing.com\/infobae\/36S26TPO25AOJA5BYIC6ETIUMY.jpg 1200w\" type=\"image\/jpg\" \/><source srcset=\"https:\/\/www.infobae.com\/new-resizer\/wQQzGlN2c3tlsc9ywwK8z0ME5fg=\/768x1024\/filters:format(jpg):quality(85)\/cloudfront-us-east-1.images.arcpublishing.com\/infobae\/36S26TPO25AOJA5BYIC6ETIUMY.jpg 992w\" type=\"image\/jpg\" \/><source srcset=\"https:\/\/www.infobae.com\/new-resizer\/wQQzGlN2c3tlsc9ywwK8z0ME5fg=\/768x1024\/filters:format(jpg):quality(85)\/cloudfront-us-east-1.images.arcpublishing.com\/infobae\/36S26TPO25AOJA5BYIC6ETIUMY.jpg 768w\" type=\"image\/jpg\" \/><source srcset=\"https:\/\/www.infobae.com\/new-resizer\/LPEJMMmR615zax7xhqa_Rz8RWco=\/420x560\/filters:format(jpg):quality(85)\/cloudfront-us-east-1.images.arcpublishing.com\/infobae\/36S26TPO25AOJA5BYIC6ETIUMY.jpg 420w\" type=\"image\/jpg\" \/><img loading=\"lazy\" decoding=\"async\" src=\"https:\/\/www.infobae.com\/new-resizer\/LPEJMMmR615zax7xhqa_Rz8RWco=\/420x560\/filters:format(jpg):quality(85)\/\/cloudfront-us-east-1.images.arcpublishing.com\/infobae\/36S26TPO25AOJA5BYIC6ETIUMY.jpg\" alt=\"El mensaje viralizado este fin de semana que anticip\u00f3 la protesta.\" width=\"770\" height=\"1059\" \/>El mensaje viralizado este fin de semana que anticip\u00f3 la protesta.<\/picture>\n<p class=\"font_tertiary paragraph\">En el fin de semana pasado<b>, los grupos de Facebook y de Whatsapp que nuclean a miles de agentes de la Polic\u00eda Bonaerense publicaron una foto con logo de la fuerza que dec\u00eda:<\/b>\u00a0<mark class=\"hl_yellow\"><b>\u201cLunes 7\/9 a las 12 horas, retenci\u00f3n de tareas y reclamo salarial en la puerta de las departamentales\u201d.<\/b><\/mark><\/p>\n<p class=\"font_tertiary paragraph\">El mensaje que se viraliz\u00f3 fue acompa\u00f1ado de una captura de pantalla reciente de un noticiero donde se le\u00eda\u00a0<b>\u201cun oficial de polic\u00eda tiene un sueldo de $35.000\u201d.<\/b>\u00a0Ambos gr\u00e1ficos resum\u00edan el malestar que atravesaban la mayor\u00eda de los efectivos desde hace tiempo,\u00a0<b>entre una necesidad de recomponer sus salarios y la posibilidad de recibir una sanci\u00f3n del \u00e1rea de Asuntos Internos<\/b>, con una ley interna que les proh\u00edbe agremiarse legalmente o salir a manifestar sus reclamos. As\u00ed, el tema escal\u00f3 entre los agentes, tel\u00e9fono por tel\u00e9fono.<\/p>\n<p class=\"font_tertiary paragraph\">Seg\u00fan relat\u00f3 un efectivo de alto rango que sigue el conflicto de cerca,\u00a0<b>el puntapi\u00e9 inicial de lo que termin\u00f3 en una de la mayor protesta reciente,<\/b>\u00a0<mark class=\"hl_yellow\"><b>se dio en el comando de Almirante Brown<\/b><\/mark>. All\u00ed un grupo de agentes fue<b>\u00a0advertido por un superior sobre la prohibici\u00f3n por ley de la posible protesta a\u00fan en plena gestaci\u00f3n.<\/b>\u00a0Los efectivos se sintieron amenazados y sin m\u00e1s se dirigieron a la Plaza de Adrogu\u00e9 ayer por la tarde para manifestarse junto a sus familiares.<\/p>\n<p class=\"font_tertiary paragraph\">As\u00ed, las im\u00e1genes de esa protesta<b>\u00a0se viralizaron en los grupos de Facebook como \u201cPolic\u00eda Reclamando\u201d, que nuclea a 50 mil miembros<\/b>, donde se public\u00f3 el gr\u00e1fico original que ilustra esta nota y comenz\u00f3 un efecto domin\u00f3. La protesta, en el fondo, no sorprende a nadie que conozca a la Bonaerense en su funcionamiento: los reclamos que hoy se oyen,<b>\u00a0se arrastran al menos desde hace a\u00f1os.<\/b><\/p>\n<picture class=\"font_tertiary visual__image\"><source srcset=\"https:\/\/www.infobae.com\/new-resizer\/qIg7nrllKiUQ1gX5A9B3h2NRxM0=\/768x432\/filters:format(jpg):quality(85)\/cloudfront-us-east-1.images.arcpublishing.com\/infobae\/357I4YHQPVC2BBT7NXPSWVTFVY.jpeg 1200w\" type=\"image\/jpg\" \/><source srcset=\"https:\/\/www.infobae.com\/new-resizer\/qIg7nrllKiUQ1gX5A9B3h2NRxM0=\/768x432\/filters:format(jpg):quality(85)\/cloudfront-us-east-1.images.arcpublishing.com\/infobae\/357I4YHQPVC2BBT7NXPSWVTFVY.jpeg 992w\" type=\"image\/jpg\" \/><source srcset=\"https:\/\/www.infobae.com\/new-resizer\/qIg7nrllKiUQ1gX5A9B3h2NRxM0=\/768x432\/filters:format(jpg):quality(85)\/cloudfront-us-east-1.images.arcpublishing.com\/infobae\/357I4YHQPVC2BBT7NXPSWVTFVY.jpeg 768w\" type=\"image\/jpg\" \/><source srcset=\"https:\/\/www.infobae.com\/new-resizer\/boLXap59ykm7QetzEmdPuMdv5WU=\/420x236\/filters:format(jpg):quality(85)\/cloudfront-us-east-1.images.arcpublishing.com\/infobae\/357I4YHQPVC2BBT7NXPSWVTFVY.jpeg 420w\" type=\"image\/jpg\" \/>La protesta de familias ayer en Adrogu\u00e9, el punto cero de las movilizaciones.<\/picture>\n<p class=\"font_tertiary paragraph\">Poco despu\u00e9s,\u00a0<b>la protesta llegaba a otros puntos de la provincia, cuenta de WhatsApp por cuenta de WhatsApp.\u00a0<\/b>En cuesti\u00f3n de horas, el gobierno provincial de Axel Kicillof anunciaba una oferta de aumento, pero la movilizaci\u00f3n\u00a0<b>sigui\u00f3 y sigue hasta ahora.<\/b><\/p>\n<p class=\"font_tertiary paragraph\"><b>\u201c<\/b><mark class=\"hl_yellow\"><b>Se gest\u00f3 por redes. Ni los mismos polic\u00edas que lo originaron esperaban tanta repercusi\u00f3n\u201d,<\/b><\/mark>\u00a0cont\u00f3 un comisario de alto rango a\u00a0<b>Infobae<\/b>.<\/p>\n<p class=\"font_tertiary paragraph\"><mark class=\"hl_yellow\"><b>As\u00ed a las pocas horas, miles de polic\u00edas de civil y uniformados en plena comunicaci\u00f3n por esos grupos se organizaron, cada uno en sus zonas, sin un l\u00edder aparente, lo que dificulta una negociaci\u00f3n centralizada, para cortar calles en diferentes puntos de la provincia. Llegaron hasta Puente 12 en La Matanza, donde Sergio Berni y el comisario Daniel Garc\u00eda, jefe de la Bonaerense, tiene su centro de comando. El grupo \u201cPolic\u00eda Reclamando\u201d anuncia nuevos focos en San Isidro, Pehuaj\u00f3, Miramar, gr\u00e1ficos similares.<\/b><\/mark><\/p>\n<\/article>\n<p><img loading=\"lazy\" decoding=\"async\" class=\"aligncenter size-full wp-image-6574\" src=\"https:\/\/revistaepocadigital.com.ar\/wp-content\/uploads\/2020\/09\/poli.jpg\" alt=\"\" width=\"1024\" height=\"680\" srcset=\"https:\/\/revistaepocadigital.com.ar\/wp-content\/uploads\/2020\/09\/poli.jpg 1024w, https:\/\/revistaepocadigital.com.ar\/wp-content\/uploads\/2020\/09\/poli-300x199.jpg 300w, https:\/\/revistaepocadigital.com.ar\/wp-content\/uploads\/2020\/09\/poli-768x510.jpg 768w, https:\/\/revistaepocadigital.com.ar\/wp-content\/uploads\/2020\/09\/poli-696x462.jpg 696w, https:\/\/revistaepocadigital.com.ar\/wp-content\/uploads\/2020\/09\/poli-632x420.jpg 632w\" sizes=\"auto, (max-width: 1024px) 100vw, 1024px\" \/><\/p>\n<article class=\"article | col widescreen-8 desktop-8 tablet-12 width_full\">\n<p class=\"font_tertiary paragraph\"><mark class=\"hl_yellow\"><b>Los pedidos fueron claros, una diferencia tajante a las condiciones actuales:<\/b><\/mark><\/p>\n<p class=\"font_tertiary paragraph\">\u201cSueldo m\u00ednimo vital y m\u00f3vil:\u00a0<b>incremento de un 60% en todas las jerarqu\u00edas y subescalafones; incremento de un 50% horas extras y del 100% los domingos y feriados y horas nocturnas<\/b>; jornada de trabajo limitada a 36 horas; reconocimiento de la insalubridad; reducci\u00f3n del r\u00e9gimen jubilatorio: retiro con 25 y 30 a\u00f1os de servicio al 100% de los haberes;\u00a0<b>creaci\u00f3n de una mesa de di\u00e1logo con el poder pol\u00edtico y dar por cumplido el tiempo m\u00ednimo\u00a0<\/b>para todos los efectivos de la polic\u00edas de la provincia de Buenos Aires\u201d, se describe en un petitorio de ocho puntos, hecho por efectivos de Almirante Brown, dirigido a su jefe de estaci\u00f3n.<\/p>\n<p class=\"font_tertiary paragraph\"><b>Mientras las horas corr\u00edan, la tensi\u00f3n aumentaba<\/b>. As\u00ed el reclamo en la noche de ayer se esparci\u00f3 a lo largo del territorio bonaerense y<mark class=\"hl_yellow\"><b>\u00a0hasta un grupo de agentes se manifest\u00f3 frente a la residencia del gobernador Axel Kicillof en La Plata.<\/b><\/mark><\/p>\n<p class=\"font_tertiary paragraph\">De ese modo, esta ma\u00f1ana (8\/9), el Gobierno bonaerense anticip\u00f3 en conferencia de prensa que otorgar\u00e1 una \u201c<b>mejora salarial importante\u201d<\/b>\u00a0a la Polic\u00eda provincial, aunque afirm\u00f3 que el aumento\u00a0<mark class=\"hl_yellow\"><b>\u201cestaba previsto y planeado\u201d con anterioridad debido al \u201catraso de un 30 por ciento que hubo entre 2016 y 2019\u201d en los ingresos de los uniformados.<\/b><\/mark><\/p>\n<p class=\"font_tertiary paragraph\">\u201cLa idea del anuncio\u00a0<b>es dar certidumbre respecto de lo que va a pasar, ratificar que era algo que ya estaba previsto<\/b>, pero por las circunstancias que se han vivido en el d\u00eda de ayer nos parece pertinente ratificar y asegurarlo para dar tranquilidad a la fuerza policial\u201d, resumi\u00f3 Carlos Bianco, jefe de Gabinete bonaerense, durante una conferencia de prensa.<\/p>\n<picture class=\"font_tertiary visual__image\"><source srcset=\"https:\/\/www.infobae.com\/new-resizer\/ofYma172YQyfBJOFE8TG3zeThI4=\/768x432\/filters:format(jpg):quality(85)\/cloudfront-us-east-1.images.arcpublishing.com\/infobae\/SYP6454WQ5CMVI5EXCYYCUMAPQ.jpg 1200w\" type=\"image\/jpg\" \/><source srcset=\"https:\/\/www.infobae.com\/new-resizer\/ofYma172YQyfBJOFE8TG3zeThI4=\/768x432\/filters:format(jpg):quality(85)\/cloudfront-us-east-1.images.arcpublishing.com\/infobae\/SYP6454WQ5CMVI5EXCYYCUMAPQ.jpg 992w\" type=\"image\/jpg\" \/><source srcset=\"https:\/\/www.infobae.com\/new-resizer\/ofYma172YQyfBJOFE8TG3zeThI4=\/768x432\/filters:format(jpg):quality(85)\/cloudfront-us-east-1.images.arcpublishing.com\/infobae\/SYP6454WQ5CMVI5EXCYYCUMAPQ.jpg 768w\" type=\"image\/jpg\" \/><source srcset=\"https:\/\/www.infobae.com\/new-resizer\/Y2jpIFQWogZPyBj38OiPkq4ugp4=\/420x236\/filters:format(jpg):quality(85)\/cloudfront-us-east-1.images.arcpublishing.com\/infobae\/SYP6454WQ5CMVI5EXCYYCUMAPQ.jpg 420w\" type=\"image\/jpg\" \/>Polic\u00edas en La Matanza a la espera de una respuesta. (Gustavo Gavotti)<\/picture>\n<p class=\"font_tertiary paragraph\">Sin embargo,<mark class=\"hl_yellow\">\u00a0el anuncio no apacigu\u00f3 el reclamo y los grupos de Facebook y WhatsApp continuaron con un mensaje claro: hasta que no est\u00e9n los aumentos de salario y las peticiones seguir\u00e1n con la protesta. Los polic\u00edas, a pesar del anuncio, quieren definiciones<\/mark>.<\/p>\n<p class=\"font_tertiary paragraph\">El reclamo es general pero no universal, por otra parte. El pedido<b>\u00a0encolumna principalmente a los efectivos rasos<\/b>, pero miembros de divisiones especializadas en varias jurisdicciones decidieron no unirse.\u201cYo estoy laburando, me interesa igual que a todos un aumento, pero no es el momento y la forma. No lo voy a alentar.\u00a0<b>Estamos en pandemia, el pa\u00eds no recauda literalmente nada.\u00a0<\/b>No se nos cort\u00f3 el sueldo y el aguinaldo. Otros tienen sus comercios parados. Pero nuestro rubro sigue trabajando. Hay que ser un poco m\u00e1s solidario.\u00a0<b>Te encontr\u00e1s con un gobierno que reci\u00e9n empieza, plantarse a Berni ahora, que defiende a la Bonaerense, parece una canallada<\/b>\u201d, dijo un hist\u00f3rico, joven pero de alto rango en un \u00e1rea estrat\u00e9gica.<\/p>\n<p class=\"font_tertiary paragraph\">Mientras tanto, en los grupos continua la viralizaci\u00f3n, sin un cierre de las movilizaciones a la vista, convocan con nuevos gr\u00e1ficos a que la sociedad civil los apoye.\u00a0<b>\u201cPolic\u00eda Reclamando\u201d anuncia nuevos encuentros y cortes para esta noche.<\/b><\/p>\n<p>Nota publicada en Infobae.com<\/p>\n<p>Fotos: gentileza diario El Litoral.<\/p>\n<\/article>\n","protected":false},"excerpt":{"rendered":"<p>POR LAS REDES SOCIALES, LA CONVOCATORIA.<\/p>\n","protected":false},"author":3,"featured_media":6573,"comment_status":"open","ping_status":"open","sticky":false,"template":"","format":"standard","meta":{"footnotes":"","jetpack_publicize_message":"","jetpack_publicize_feature_enabled":true,"jetpack_social_post_already_shared":false,"jetpack_social_options":{"image_generator_settings":{"template":"highway","default_image_id":0,"font":"","enabled":false},"version":2}},"categories":[17],"tags":[179,884],"class_list":["post-6571","post","type-post","status-publish","format-standard","has-post-thumbnail","hentry","category-politica","tag-politica","tag-protesta-policial"],"jetpack_publicize_connections":[],"jetpack_featured_media_url":"https:\/\/revistaepocadigital.com.ar\/wp-content\/uploads\/2020\/09\/policia-proteta-el-litroal.jpg","jetpack_likes_enabled":true,"_links":{"self":[{"href":"https:\/\/revistaepocadigital.com.ar\/index.php?rest_route=\/wp\/v2\/posts\/6571","targetHints":{"allow":["GET"]}}],"collection":[{"href":"https:\/\/revistaepocadigital.com.ar\/index.php?rest_route=\/wp\/v2\/posts"}],"about":[{"href":"https:\/\/revistaepocadigital.com.ar\/index.php?rest_route=\/wp\/v2\/types\/post"}],"author":[{"embeddable":true,"href":"https:\/\/revistaepocadigital.com.ar\/index.php?rest_route=\/wp\/v2\/users\/3"}],"replies":[{"embeddable":true,"href":"https:\/\/revistaepocadigital.com.ar\/index.php?rest_route=%2Fwp%2Fv2%2Fcomments&post=6571"}],"version-history":[{"count":0,"href":"https:\/\/revistaepocadigital.com.ar\/index.php?rest_route=\/wp\/v2\/posts\/6571\/revisions"}],"wp:featuredmedia":[{"embeddable":true,"href":"https:\/\/revistaepocadigital.com.ar\/index.php?rest_route=\/wp\/v2\/media\/6573"}],"wp:attachment":[{"href":"https:\/\/revistaepocadigital.com.ar\/index.php?rest_route=%2Fwp%2Fv2%2Fmedia&parent=6571"}],"wp:term":[{"taxonomy":"category","embeddable":true,"href":"https:\/\/revistaepocadigital.com.ar\/index.php?rest_route=%2Fwp%2Fv2%2Fcategories&post=6571"},{"taxonomy":"post_tag","embeddable":true,"href":"https:\/\/revistaepocadigital.com.ar\/index.php?rest_route=%2Fwp%2Fv2%2Ftags&post=6571"}],"curies":[{"name":"wp","href":"https:\/\/api.w.org\/{rel}","templated":true}]}}