{"id":6610,"date":"2020-09-11T00:30:59","date_gmt":"2020-09-11T03:30:59","guid":{"rendered":"https:\/\/revistaepocadigital.com.ar\/?p=6610"},"modified":"2020-09-11T00:31:49","modified_gmt":"2020-09-11T03:31:49","slug":"el-plan-integral-de-seguridad-para-la-provincia-ante-los-reclamos-de-la-policia","status":"publish","type":"post","link":"https:\/\/revistaepocadigital.com.ar\/?p=6610","title":{"rendered":"El Plan Integral de Seguridad para la Provincia ante los reclamos de la Polic\u00eda"},"content":{"rendered":"<div class=\"D_F ek_BB H_6D6F aw_2941hk ba_10I1Qt az_oOItw ay_Z1nkUQx I_kt4zd\">\n<div id=\"app\" class=\"D_F ek_BB H_6D6F cZ1RN91d_n s_1HCsWR aw_Z22yhkg I_kt4zd az_DW ba_Z2gmOa3 ay_Z1cYiMT c2hBT4u_Zm6i39 cZTwBjO_Zdogtk\" tabindex=\"-1\" data-test-id=\"mail-app\">\n<div class=\"I_ZnwrMC D_F em_N o_h W_6D6F H_6D6F\" data-test-id=\"content-area\">\n<div class=\"D_F em_N o_h s_1HCsWR\" data-test-id=\"content-below-tabs\">\n<div id=\"mail-app-component-container\" class=\"D_F em_N ej_eUh o_h\">\n<div id=\"mail-app-component\" class=\"em_N gl_C I_52qC j_ZlOSbd o_h p_R D_F s_e5X x_Z14vXdP\" data-yaft-module=\"norrin_main\" data-test-id=\"mail-app-component\">\n<div class=\"D_F ek_BB p_a Z_0 L_0 R_0 T_0 B_0 cZ1RN91d_GG I_ZnwrMC\" data-test-id=\"message-group-view\">\n<div class=\"iz_A I_52qC em_0 Z_0\" role=\"main\" data-test-id=\"message-group-view-scroller\" aria-label=\"Vista de mensajes\">\n<div data-test-id=\"focus-group\" aria-label=\"Grupo de navegaci\u00f3n del teclado. Usa las flechas para navegar o el tabulador para pasar al siguiente grupo.\">\n<div class=\"p_R b_2w4l8N I_52qC em_N X_fq7 N_6LEV ir3_Z1tiXR3 it3_689y j_ZlOSbd message-view\" tabindex=\"40\" data-test-id=\"message-view\" data-test-expanded=\"true\" data-iskeynav=\"true\">\n<div data-test-id=\"message-body-container\">\n<div class=\"I_52qC D_FY W_6D6F\" data-test-id=\"message-view-body\">\n<div class=\"msg-body P_wpofO mq_AS\" data-test-id=\"message-view-body-content\">\n<div class=\"jb_0 X_6MGW N_6Fd5\">\n<div>\n<div dir=\"ltr\"><strong>CUANDO SE HAB\u00cdA INGRESADO.<!--more--><img decoding=\"async\" src=\"data:image\/gif;base64,R0lGODlhAQABAIAAAAAAAP\/\/\/yH5BAEAAAAALAAAAAABAAEAAAIBRAA7\" \/><\/strong><\/div>\n<\/div>\n<\/div>\n<div dir=\"ltr\">Al cuarto d\u00eda del reclamo salarial y para mejorar condiciones de trabajo, planteado por la Polic\u00eda de la provincia de Buenos Aires, el gobernador Axel Kicillof present\u00f3 el Plan Integral de Seguridad para la provincia de Buenos Aires.<\/div>\n<div dir=\"ltr\"><\/div>\n<div dir=\"ltr\">Incluy\u00f3 una restructuraci\u00f3n salarial para efectivos de la polic\u00eda, y un plan estrat\u00e9gico de formaci\u00f3n: \u201cHemos tomado una decisi\u00f3n pol\u00edtica de fondo que salda una deuda hist\u00f3rica del Estado provincial con su polic\u00eda\u201d y agreg\u00f3: \u201cSi queremos construir una pol\u00edtica de Estado en materia de seguridad los salarios de la polic\u00eda tienen que estar a la altura de las circunstancias\u201d.<\/div>\n<div dir=\"ltr\"><\/div>\n<div class=\"jb_0 X_6MGW N_6Fd5\">\n<div>\n<div dir=\"ltr\">Durante el encuentro que se realiz\u00f3 en el Sal\u00f3n Dorado de la Casa de Gobierno, Kicillof estuvo acompa\u00f1ado por la vicegobernadora Ver\u00f3nica Magario, el jefe de Gabinete, Carlos Bianco, el ministro de Seguridad, Sergio Berni, y de manera presencial y por videoconferencia por intendentes de toda la provincia. En ese marco, se\u00f1al\u00f3 que \u201cla seguridad en la provincia de Buenos Aires sufre graves problemas estructurales hace mucho tiempo, que van desde lo salarial, al equipamiento, la infraestructura, la formaci\u00f3n y la jerarqu\u00eda. Pero esos problemas estuvieron marcados por un fuerte deterioro en los \u00faltimos cuatro a\u00f1os\u201d.<\/div>\n<div dir=\"ltr\"><\/div>\n<div dir=\"ltr\">En este sentido, Kicillof se\u00f1al\u00f3 que \u201cayer la Naci\u00f3n realiz\u00f3 un anuncio que marca un camino en este aspecto\u201d y agradeci\u00f3 al presidente Alberto Fern\u00e1ndez porque una parte de estas pol\u00edticas \u201ctienen como premisa la restituci\u00f3n de coparticipaci\u00f3n de la Provincia para contar con recursos que permitan desarrollarlos\u201d.<\/div>\n<div dir=\"ltr\"><\/div>\n<div dir=\"ltr\">El gobernador detall\u00f3 que el Plan Integral de Seguridad incluye las medidas anunciadas hace unos d\u00edas (4\/9) con una inversi\u00f3n de $37.700 millones para la incorporaci\u00f3n de 10 mil nuevos agentes; 2200 patrulleros; obras en 96 comisar\u00edas;\u00a0 4 mil paradas seguras y\u00a0 la construcci\u00f3n de 12 nuevas unidades penitenciarias para alojar a 5 mil internos.<\/div>\n<\/div>\n<div dir=\"ltr\"><\/div>\n<div>\n<div dir=\"ltr\">Asimismo, se elevar\u00e1 la remuneraci\u00f3n de 39.521 oficiales de polic\u00eda a 44 mil pesos de bolsillo y se aplicar\u00e1 esta misma proporci\u00f3n a toda la jerarqu\u00eda. Adem\u00e1s, anunci\u00f3 un aumento en el monto que se destina a cada efectivo para la compra de uniformes, que a partir de ahora ser\u00e1 de 5 mil pesos; y la triplicaci\u00f3n del valor de las horas CORES ($120 la hora). Estas mejoras ser\u00e1n aplicables tambi\u00e9n a los agentes del Servicio Penitenciario. Por otra parte, se pondr\u00e1 en marcha el Instituto Universitario Juan Vucetich, y se incorporar\u00e1n dos hospitales como prestadores en exclusividad para la Polic\u00eda bonaerense.<\/div>\n<div dir=\"ltr\"><\/div>\n<div dir=\"ltr\">\u201cEs un primer paso para dar un salto profundo de calidad en el profesionalismo de la Polic\u00eda de la provincia de Buenos Aires. Vamos a ser muy exigentes, pero lo vamos a acompa\u00f1ar con este reconocimiento\u201d, remarc\u00f3 Kicillof y ratific\u00f3 su compromiso \u201ccon un accionar profesional, eficaz y respetuoso de los est\u00e1ndares internacionales en Derechos Humanos\u201d.<\/div>\n<div dir=\"ltr\"><\/div>\n<div dir=\"ltr\">Por \u00faltimo, se refiri\u00f3 a las manifestaciones que realizaron efectivos en distintos puntos de la Provincia y expres\u00f3: \u201cSi esto es un reclamo salarial y de condiciones de trabajo estamos dando una respuesta contundente e hist\u00f3rica\u201d, y enfatiz\u00f3 que ese accionar \u201cdeslegitima reclamos que son leg\u00edtimos, no es la manera de expresarse\u201d.\u00a0\u201cNos comprometimos a construir una polic\u00eda m\u00e1s profesional, m\u00e1s equipada y tambi\u00e9n m\u00e1s humana y eso requiere una transformaci\u00f3n\u201d, concluy\u00f3 el gobernador.<\/div>\n<\/div>\n<\/div>\n<\/div>\n<\/div>\n<\/div>\n<\/div>\n<\/div>\n<\/div>\n<\/div>\n<\/div>\n<\/div>\n<\/div>\n<\/div>\n<\/div>\n<\/div>\n<p>&nbsp;<\/p>\n<p>Foto: prensa y comunicaci\u00f3n gobernaci\u00f3n provincia Buenos Aires.<\/p>\n","protected":false},"excerpt":{"rendered":"<p>CUANDO SE HAB\u00cdA INGRESADO.<\/p>\n","protected":false},"author":4,"featured_media":6612,"comment_status":"open","ping_status":"open","sticky":false,"template":"","format":"standard","meta":{"footnotes":"","jetpack_publicize_message":"","jetpack_publicize_feature_enabled":true,"jetpack_social_post_already_shared":false,"jetpack_social_options":{"image_generator_settings":{"template":"highway","default_image_id":0,"font":"","enabled":false},"version":2}},"categories":[17],"tags":[888,889,890],"class_list":["post-6610","post","type-post","status-publish","format-standard","has-post-thumbnail","hentry","category-politica","tag-plan-de-seguridad","tag-prov-buenos-aires","tag-reclamos-policiales"],"jetpack_publicize_connections":[],"jetpack_featured_media_url":"https:\/\/revistaepocadigital.com.ar\/wp-content\/uploads\/2020\/09\/kici-plan-seg-20.jpeg","jetpack_likes_enabled":true,"_links":{"self":[{"href":"https:\/\/revistaepocadigital.com.ar\/index.php?rest_route=\/wp\/v2\/posts\/6610","targetHints":{"allow":["GET"]}}],"collection":[{"href":"https:\/\/revistaepocadigital.com.ar\/index.php?rest_route=\/wp\/v2\/posts"}],"about":[{"href":"https:\/\/revistaepocadigital.com.ar\/index.php?rest_route=\/wp\/v2\/types\/post"}],"author":[{"embeddable":true,"href":"https:\/\/revistaepocadigital.com.ar\/index.php?rest_route=\/wp\/v2\/users\/4"}],"replies":[{"embeddable":true,"href":"https:\/\/revistaepocadigital.com.ar\/index.php?rest_route=%2Fwp%2Fv2%2Fcomments&post=6610"}],"version-history":[{"count":0,"href":"https:\/\/revistaepocadigital.com.ar\/index.php?rest_route=\/wp\/v2\/posts\/6610\/revisions"}],"wp:featuredmedia":[{"embeddable":true,"href":"https:\/\/revistaepocadigital.com.ar\/index.php?rest_route=\/wp\/v2\/media\/6612"}],"wp:attachment":[{"href":"https:\/\/revistaepocadigital.com.ar\/index.php?rest_route=%2Fwp%2Fv2%2Fmedia&parent=6610"}],"wp:term":[{"taxonomy":"category","embeddable":true,"href":"https:\/\/revistaepocadigital.com.ar\/index.php?rest_route=%2Fwp%2Fv2%2Fcategories&post=6610"},{"taxonomy":"post_tag","embeddable":true,"href":"https:\/\/revistaepocadigital.com.ar\/index.php?rest_route=%2Fwp%2Fv2%2Ftags&post=6610"}],"curies":[{"name":"wp","href":"https:\/\/api.w.org\/{rel}","templated":true}]}}