{"id":6616,"date":"2020-09-13T00:23:05","date_gmt":"2020-09-13T03:23:05","guid":{"rendered":"https:\/\/revistaepocadigital.com.ar\/?p=6616"},"modified":"2020-09-14T20:02:08","modified_gmt":"2020-09-14T23:02:08","slug":"la-comision-de-preservacion-del-patrimonio-no-otorga-el-premio-anual","status":"publish","type":"post","link":"https:\/\/revistaepocadigital.com.ar\/?p=6616","title":{"rendered":"LA COMISI\u00d3N DE PRESERVACI\u00d3N DEL PATRIMONIO NO OTORGA EL PREMIO  ANUAL"},"content":{"rendered":"<p><strong>ESTE A\u00d1O NO.<\/strong><br \/>\n<!--more--><\/p>\n<p>La Comisi\u00f3n de Preservaci\u00f3n del Patrimonio comunic\u00f3 que debido a la pandemia por Covid-19, que motiv\u00f3 la suspensi\u00f3n de determinadas actividades, entre ellas las obras particulares, se determin\u00f3 que este a\u00f1o no habr\u00e1 Premio Anual en el marco de los festejos patronales como ocurre cada a\u00f1o.<\/p>\n<p>Entendiendo que este es un tiempo at\u00edpico y que no existen trabajos sobre fachadas e inmuebles por los motivos antes se\u00f1alados, se establece que en el 2021 se compense con un premio doble, ya sea para categor\u00eda comercio como para vivienda particular.<\/p>\n<p>Dicho certamen tiene como objeto promover la restauraci\u00f3n, puesta en valor y preservaci\u00f3n de los frentes que integran el conjunto hist\u00f3rico &#8211; patrimonial de Capilla del Se\u00f1or.<\/p>\n<p>Desde 1994, en que Capilla del Se\u00f1or es declarado Bien de Inter\u00e9s Hist\u00f3rico Nacional, se trabaja en pol\u00edticas de incentivos para fortalecer la preservaci\u00f3n del patrimonio arquitect\u00f3nico que cargado de historia forma parte del acervo cultural y tur\u00edstico que distingue a este pueblo<\/p>\n<p><strong>EL SAL\u00d3N DE ARTES PL\u00c1STICAS LUIS GUALCHI EN RETROSPECTIVA<\/strong><\/p>\n<p>2020&#8230; un nuevo a\u00f1o en el que la celebraci\u00f3n del Aniversario de las Fiestas Patronales, tiene caracter\u00edsticas inusuales.<\/p>\n<p>El Sal\u00f3n de Artes Pl\u00e1sticas Luis Gualchi un \u00edcono para nuestro pueblo, se presentaba como una muestra retrospectiva donde se podr\u00e1 transitar a lo largo de su historia hasta hoy&#8230;&#8230;<\/p>\n<p>&nbsp;<\/p>\n","protected":false},"excerpt":{"rendered":"<p>ESTE A\u00d1O NO.<\/p>\n","protected":false},"author":3,"featured_media":6617,"comment_status":"open","ping_status":"open","sticky":false,"template":"","format":"standard","meta":{"footnotes":"","jetpack_publicize_message":"","jetpack_publicize_feature_enabled":true,"jetpack_social_post_already_shared":false,"jetpack_social_options":{"image_generator_settings":{"template":"highway","default_image_id":0,"font":"","enabled":false},"version":2}},"categories":[11],"tags":[893,892],"class_list":["post-6616","post","type-post","status-publish","format-standard","has-post-thumbnail","hentry","category-entidades","tag-premios-14-septiembre","tag-salon-gualchi"],"jetpack_publicize_connections":[],"jetpack_featured_media_url":"https:\/\/revistaepocadigital.com.ar\/wp-content\/uploads\/2020\/09\/iglesia.jpg","jetpack_likes_enabled":true,"_links":{"self":[{"href":"https:\/\/revistaepocadigital.com.ar\/index.php?rest_route=\/wp\/v2\/posts\/6616","targetHints":{"allow":["GET"]}}],"collection":[{"href":"https:\/\/revistaepocadigital.com.ar\/index.php?rest_route=\/wp\/v2\/posts"}],"about":[{"href":"https:\/\/revistaepocadigital.com.ar\/index.php?rest_route=\/wp\/v2\/types\/post"}],"author":[{"embeddable":true,"href":"https:\/\/revistaepocadigital.com.ar\/index.php?rest_route=\/wp\/v2\/users\/3"}],"replies":[{"embeddable":true,"href":"https:\/\/revistaepocadigital.com.ar\/index.php?rest_route=%2Fwp%2Fv2%2Fcomments&post=6616"}],"version-history":[{"count":0,"href":"https:\/\/revistaepocadigital.com.ar\/index.php?rest_route=\/wp\/v2\/posts\/6616\/revisions"}],"wp:featuredmedia":[{"embeddable":true,"href":"https:\/\/revistaepocadigital.com.ar\/index.php?rest_route=\/wp\/v2\/media\/6617"}],"wp:attachment":[{"href":"https:\/\/revistaepocadigital.com.ar\/index.php?rest_route=%2Fwp%2Fv2%2Fmedia&parent=6616"}],"wp:term":[{"taxonomy":"category","embeddable":true,"href":"https:\/\/revistaepocadigital.com.ar\/index.php?rest_route=%2Fwp%2Fv2%2Fcategories&post=6616"},{"taxonomy":"post_tag","embeddable":true,"href":"https:\/\/revistaepocadigital.com.ar\/index.php?rest_route=%2Fwp%2Fv2%2Ftags&post=6616"}],"curies":[{"name":"wp","href":"https:\/\/api.w.org\/{rel}","templated":true}]}}