{"id":6623,"date":"2020-09-14T00:43:26","date_gmt":"2020-09-14T03:43:26","guid":{"rendered":"https:\/\/revistaepocadigital.com.ar\/?p=6623"},"modified":"2020-09-14T00:43:26","modified_gmt":"2020-09-14T03:43:26","slug":"nanni-con-katopodis-en-la-entrega-de-moviles-para-seguridad-vial","status":"publish","type":"post","link":"https:\/\/revistaepocadigital.com.ar\/?p=6623","title":{"rendered":"NANNI CON KATOPODIS EN LA ENTREGA DE M\u00d3VILES PARA SEGURIDAD VIAL"},"content":{"rendered":"<p><strong>SEGURIDAD, BENDITO TESORO<\/strong><strong>.<\/strong><br \/>\n<!--more--><\/p>\n<p>En tiempos, en d\u00edas en que la seguridad de millones de argentinos, como se ve a diario, se encuentra en grav\u00edsimo riesgo; a lo que se sum\u00f3 d\u00edas atr\u00e1s la in\u00e9dita protesta de la polic\u00eda bonaerense en reclamo de mejores salarios y mayores condiciones de trabajo, requerimiento que tambi\u00e9n se hizo sentir en Capilla del Se\u00f1or con una caravana de m\u00f3viles policiales por la ciudad con personal, exteriorizando su descontento y ante el aplauso de vecinos a su paso, qued\u00f3 reflejado la cr\u00edtica situaci\u00f3n actual.<\/p>\n<p><img loading=\"lazy\" decoding=\"async\" class=\"aligncenter size-full wp-image-6626\" src=\"https:\/\/revistaepocadigital.com.ar\/wp-content\/uploads\/2020\/09\/moviles.jpg\" alt=\"\" width=\"960\" height=\"640\" srcset=\"https:\/\/revistaepocadigital.com.ar\/wp-content\/uploads\/2020\/09\/moviles.jpg 960w, https:\/\/revistaepocadigital.com.ar\/wp-content\/uploads\/2020\/09\/moviles-300x200.jpg 300w, https:\/\/revistaepocadigital.com.ar\/wp-content\/uploads\/2020\/09\/moviles-768x512.jpg 768w, https:\/\/revistaepocadigital.com.ar\/wp-content\/uploads\/2020\/09\/moviles-696x464.jpg 696w, https:\/\/revistaepocadigital.com.ar\/wp-content\/uploads\/2020\/09\/moviles-630x420.jpg 630w\" sizes=\"auto, (max-width: 960px) 100vw, 960px\" \/><\/p>\n<p>La seguridad\u00a0 es un aspecto vital que hace a la vida de los argentinos; el gobierno ante el acoso de la inseguridad, dio a conocer el plan de seguridad y comenzaron a notarse algunas aplicaciones. En el caso de nuestro distrito, hace unos d\u00edas el intendente Diego Nanni particip\u00f3 de la entrega de 20 m\u00f3viles para seguridad vial, en un acto que se concret\u00f3 en la estaci\u00f3n del Peaje Larena, con la presencia del ministro de Obras P\u00fablicas de la Naci\u00f3n Gabriel Katopodis, el titular de Vialidad Nacional Gustavo Arrieta y el presidente de Corredores Viales, Gonzalo Atanasof.<\/p>\n<p>Son 20 veh\u00edculos especialmente adaptados a la labor en rutas y autopistas. De hecho, varios de ellos son rodados tipo pickup, dotadas de se\u00f1ales lum\u00ednicas que demarcan distintas situaciones que pudieran darse sobre la carpeta asf\u00e1ltica.<\/p>\n<p><em>\u201cEs muy valorable este aporte del ministro de Obras P\u00fablicas, y de Vialidad Nacional, porque varios de estos veh\u00edculos servir\u00e1n para cuidar el tr\u00e1nsito en el corredor de la Ruta 8, y mejorar la seguridad de ese sector\u201d<\/em>, dijo Nanni.<\/p>\n","protected":false},"excerpt":{"rendered":"<p>SEGURIDAD, BENDITO TESORO.<\/p>\n","protected":false},"author":4,"featured_media":6625,"comment_status":"open","ping_status":"open","sticky":false,"template":"","format":"standard","meta":{"footnotes":"","jetpack_publicize_message":"","jetpack_publicize_feature_enabled":true,"jetpack_social_post_already_shared":false,"jetpack_social_options":{"image_generator_settings":{"template":"highway","default_image_id":0,"font":"","enabled":false},"version":2}},"categories":[17],"tags":[896,263,895],"class_list":["post-6623","post","type-post","status-publish","format-standard","has-post-thumbnail","hentry","category-politica","tag-entrega","tag-moviles-policiales","tag-politic"],"jetpack_publicize_connections":[],"jetpack_featured_media_url":"https:\/\/revistaepocadigital.com.ar\/wp-content\/uploads\/2020\/09\/NANNI-Katopo-20.jpg","jetpack_likes_enabled":true,"_links":{"self":[{"href":"https:\/\/revistaepocadigital.com.ar\/index.php?rest_route=\/wp\/v2\/posts\/6623","targetHints":{"allow":["GET"]}}],"collection":[{"href":"https:\/\/revistaepocadigital.com.ar\/index.php?rest_route=\/wp\/v2\/posts"}],"about":[{"href":"https:\/\/revistaepocadigital.com.ar\/index.php?rest_route=\/wp\/v2\/types\/post"}],"author":[{"embeddable":true,"href":"https:\/\/revistaepocadigital.com.ar\/index.php?rest_route=\/wp\/v2\/users\/4"}],"replies":[{"embeddable":true,"href":"https:\/\/revistaepocadigital.com.ar\/index.php?rest_route=%2Fwp%2Fv2%2Fcomments&post=6623"}],"version-history":[{"count":0,"href":"https:\/\/revistaepocadigital.com.ar\/index.php?rest_route=\/wp\/v2\/posts\/6623\/revisions"}],"wp:featuredmedia":[{"embeddable":true,"href":"https:\/\/revistaepocadigital.com.ar\/index.php?rest_route=\/wp\/v2\/media\/6625"}],"wp:attachment":[{"href":"https:\/\/revistaepocadigital.com.ar\/index.php?rest_route=%2Fwp%2Fv2%2Fmedia&parent=6623"}],"wp:term":[{"taxonomy":"category","embeddable":true,"href":"https:\/\/revistaepocadigital.com.ar\/index.php?rest_route=%2Fwp%2Fv2%2Fcategories&post=6623"},{"taxonomy":"post_tag","embeddable":true,"href":"https:\/\/revistaepocadigital.com.ar\/index.php?rest_route=%2Fwp%2Fv2%2Ftags&post=6623"}],"curies":[{"name":"wp","href":"https:\/\/api.w.org\/{rel}","templated":true}]}}