{"id":6628,"date":"2020-09-09T00:53:39","date_gmt":"2020-09-09T03:53:39","guid":{"rendered":"https:\/\/revistaepocadigital.com.ar\/?p=6628"},"modified":"2020-09-16T01:16:44","modified_gmt":"2020-09-16T04:16:44","slug":"la-fiesta-del-14-de-setiembre-con-el-mismo-espiritu-pero-virtual","status":"publish","type":"post","link":"https:\/\/revistaepocadigital.com.ar\/?p=6628","title":{"rendered":"LA FIESTA DEL 14 DE SETIEMBRE CON EL MISMO ESP\u00cdRITU, PERO VIRTUAL"},"content":{"rendered":"<div id=\"js_1s\" class=\"_5pbx userContent _3576\" data-testid=\"post_message\" data-ft=\"{&quot;tn&quot;:&quot;K&quot;}\">\n<div id=\"id_5f5edbe09a8f66854213225\" class=\"text_exposed_root text_exposed\">\n<p><strong>LA GRAN FIESTA DE EXALTACI\u00d3N DE LA CRUZ, ENCLAVADA EN EL CORAZ\u00d3N DE LOS VECINOS.<!--more--><\/strong>Desde siempre y por siempre, invariable.<\/p>\n<p>Sin embaro, este a\u00f1o a\u00fan con el mismo esp\u00edritu que se pone de manifesto cuando llega la fecha, la celebraci\u00f3n estaba acotada debido a las circunstancias originadas en la pandemia que tanto nos golpea.<\/p>\n<p>Por eso el municipio en el cronograma de actividades dads a conocer para este 14 de Setiembre, se registr\u00f3 lanovedad de la transmisi\u00f3n en vivo de todas las propuestas, a trav\u00e9s de las redes sociales del municipio, y la se\u00f1al del canal local BBT4 para los que cuentan con ese servicio.<\/p>\n<p>El programa alberga el mismo el sentir religioso y festivo, pero con los l\u00edmites que impone la situaci\u00f3n sanitaria. En ese contexto, to<span class=\"text_exposed_show\">das las puestas en escena y shows art\u00edsticos eran de manera virtual, y respetando las condiciones que impone la actual coyuntura.<\/span><\/p>\n<div class=\"text_exposed_show\">\n<p>Preservando esos mismos valores y con el esp\u00edritu de celebrar el 285 aniversario de Exaltaci\u00f3n de la Cruz, se invit\u00f3 a la comunidad a sumarse a la \u201cpropuesta virtual\u201d, con la certeza de poder encontrarnos nuevamente en este 14 de Setiembre tan particular.<\/p>\n<p>Ac\u00e1 fijate el programa.<\/p>\n<\/div>\n<\/div>\n<\/div>\n<p>&nbsp;<\/p>\n<div class=\"_3x-2\" data-ft=\"{&quot;tn&quot;:&quot;H&quot;}\">\n<div data-ft=\"{&quot;tn&quot;:&quot;H&quot;}\">\n<div class=\"mtm\">\n<div>\n<div class=\"_1ktf\" data-ft=\"{&quot;tn&quot;:&quot;E&quot;}\">\n<div class=\"uiScaledImageContainer _517g\"><img loading=\"lazy\" decoding=\"async\" class=\"scaledImageFitWidth img\" src=\"https:\/\/scontent.faep16-2.fna.fbcdn.net\/v\/t1.0-9\/119177906_3638773189508947_6942662000468522139_o.jpg?_nc_cat=105&amp;_nc_sid=8024bb&amp;_nc_ohc=gFWpt7rAWIsAX_VxgAY&amp;_nc_ht=scontent.faep16-2.fna&amp;oh=f0c9911c7a06d7cfe060dda8a9662c69&amp;oe=5F82CB12\" alt=\"No hay ninguna descripci\u00f3n de la foto disponible.\" width=\"500\" height=\"761\" data-src=\"https:\/\/scontent.faep16-2.fna.fbcdn.net\/v\/t1.0-9\/119177906_3638773189508947_6942662000468522139_o.jpg?_nc_cat=105&amp;_nc_sid=8024bb&amp;_nc_ohc=gFWpt7rAWIsAX_VxgAY&amp;_nc_ht=scontent.faep16-2.fna&amp;oh=f0c9911c7a06d7cfe060dda8a9662c69&amp;oe=5F82CB12\" \/><\/div>\n<\/div>\n<\/div>\n<\/div>\n<\/div>\n<\/div>\n","protected":false},"excerpt":{"rendered":"<p>LA GRAN FIESTA DE EXALTACI\u00d3N DE LA CRUZ, ENCLAVADA EN EL CORAZ\u00d3N DE LOS VECINOS.<\/p>\n","protected":false},"author":3,"featured_media":6630,"comment_status":"open","ping_status":"open","sticky":false,"template":"","format":"standard","meta":{"footnotes":"","jetpack_publicize_message":"","jetpack_publicize_feature_enabled":true,"jetpack_social_post_already_shared":false,"jetpack_social_options":{"image_generator_settings":{"template":"highway","default_image_id":0,"font":"","enabled":false},"version":2}},"categories":[13],"tags":[897,639,898],"class_list":["post-6628","post","type-post","status-publish","format-standard","has-post-thumbnail","hentry","category-interes-general","tag-14-setiembre","tag-pandemia","tag-virtual"],"jetpack_publicize_connections":[],"jetpack_featured_media_url":"https:\/\/revistaepocadigital.com.ar\/wp-content\/uploads\/2020\/09\/14-20.jpg","jetpack_likes_enabled":true,"_links":{"self":[{"href":"https:\/\/revistaepocadigital.com.ar\/index.php?rest_route=\/wp\/v2\/posts\/6628","targetHints":{"allow":["GET"]}}],"collection":[{"href":"https:\/\/revistaepocadigital.com.ar\/index.php?rest_route=\/wp\/v2\/posts"}],"about":[{"href":"https:\/\/revistaepocadigital.com.ar\/index.php?rest_route=\/wp\/v2\/types\/post"}],"author":[{"embeddable":true,"href":"https:\/\/revistaepocadigital.com.ar\/index.php?rest_route=\/wp\/v2\/users\/3"}],"replies":[{"embeddable":true,"href":"https:\/\/revistaepocadigital.com.ar\/index.php?rest_route=%2Fwp%2Fv2%2Fcomments&post=6628"}],"version-history":[{"count":0,"href":"https:\/\/revistaepocadigital.com.ar\/index.php?rest_route=\/wp\/v2\/posts\/6628\/revisions"}],"wp:featuredmedia":[{"embeddable":true,"href":"https:\/\/revistaepocadigital.com.ar\/index.php?rest_route=\/wp\/v2\/media\/6630"}],"wp:attachment":[{"href":"https:\/\/revistaepocadigital.com.ar\/index.php?rest_route=%2Fwp%2Fv2%2Fmedia&parent=6628"}],"wp:term":[{"taxonomy":"category","embeddable":true,"href":"https:\/\/revistaepocadigital.com.ar\/index.php?rest_route=%2Fwp%2Fv2%2Fcategories&post=6628"},{"taxonomy":"post_tag","embeddable":true,"href":"https:\/\/revistaepocadigital.com.ar\/index.php?rest_route=%2Fwp%2Fv2%2Ftags&post=6628"}],"curies":[{"name":"wp","href":"https:\/\/api.w.org\/{rel}","templated":true}]}}