{"id":6639,"date":"2020-09-13T05:31:56","date_gmt":"2020-09-13T08:31:56","guid":{"rendered":"https:\/\/revistaepocadigital.com.ar\/?p=6639"},"modified":"2020-09-20T21:29:30","modified_gmt":"2020-09-21T00:29:30","slug":"la-union-industrial-exaltacrucena-unida-al-festejo","status":"publish","type":"post","link":"https:\/\/revistaepocadigital.com.ar\/?p=6639","title":{"rendered":"LA UNI\u00d3N INDUSTRIAL EXALTACRUCE\u00d1A, UNIDA AL FESTEJO"},"content":{"rendered":"<p><strong>LA ENTIDAD SE ASOCI\u00d3 A LOS FESTEJOS PATRONALES, TAN DISTINTOS ESTE A\u00d1O.<\/strong><!--more--><!--more--><\/p>\n<p><img loading=\"lazy\" decoding=\"async\" class=\"aligncenter size-full wp-image-6640\" src=\"https:\/\/revistaepocadigital.com.ar\/wp-content\/uploads\/2020\/09\/thumbnail-2.jpg\" alt=\"\" width=\"1280\" height=\"801\" srcset=\"https:\/\/revistaepocadigital.com.ar\/wp-content\/uploads\/2020\/09\/thumbnail-2.jpg 1280w, https:\/\/revistaepocadigital.com.ar\/wp-content\/uploads\/2020\/09\/thumbnail-2-300x188.jpg 300w, https:\/\/revistaepocadigital.com.ar\/wp-content\/uploads\/2020\/09\/thumbnail-2-1024x641.jpg 1024w, https:\/\/revistaepocadigital.com.ar\/wp-content\/uploads\/2020\/09\/thumbnail-2-768x481.jpg 768w, https:\/\/revistaepocadigital.com.ar\/wp-content\/uploads\/2020\/09\/thumbnail-2-696x436.jpg 696w, https:\/\/revistaepocadigital.com.ar\/wp-content\/uploads\/2020\/09\/thumbnail-2-1068x668.jpg 1068w, https:\/\/revistaepocadigital.com.ar\/wp-content\/uploads\/2020\/09\/thumbnail-2-671x420.jpg 671w\" sizes=\"auto, (max-width: 1280px) 100vw, 1280px\" \/><\/p>\n","protected":false},"excerpt":{"rendered":"<p>LA ENTIDAD SE ASOCI\u00d3 A LOS FESTEJOS PATRONALES, TAN DISTINTOS ESTE A\u00d1O.<\/p>\n","protected":false},"author":3,"featured_media":6640,"comment_status":"open","ping_status":"open","sticky":false,"template":"","format":"standard","meta":{"footnotes":"","jetpack_publicize_message":"","jetpack_publicize_feature_enabled":true,"jetpack_social_post_already_shared":false,"jetpack_social_options":{"image_generator_settings":{"template":"highway","default_image_id":0,"font":"","enabled":false},"version":2}},"categories":[17],"tags":[480,899],"class_list":["post-6639","post","type-post","status-publish","format-standard","has-post-thumbnail","hentry","category-politica","tag-festejos-patronales","tag-union-industrial"],"jetpack_publicize_connections":[],"jetpack_featured_media_url":"https:\/\/revistaepocadigital.com.ar\/wp-content\/uploads\/2020\/09\/thumbnail-2.jpg","jetpack_likes_enabled":true,"_links":{"self":[{"href":"https:\/\/revistaepocadigital.com.ar\/index.php?rest_route=\/wp\/v2\/posts\/6639","targetHints":{"allow":["GET"]}}],"collection":[{"href":"https:\/\/revistaepocadigital.com.ar\/index.php?rest_route=\/wp\/v2\/posts"}],"about":[{"href":"https:\/\/revistaepocadigital.com.ar\/index.php?rest_route=\/wp\/v2\/types\/post"}],"author":[{"embeddable":true,"href":"https:\/\/revistaepocadigital.com.ar\/index.php?rest_route=\/wp\/v2\/users\/3"}],"replies":[{"embeddable":true,"href":"https:\/\/revistaepocadigital.com.ar\/index.php?rest_route=%2Fwp%2Fv2%2Fcomments&post=6639"}],"version-history":[{"count":0,"href":"https:\/\/revistaepocadigital.com.ar\/index.php?rest_route=\/wp\/v2\/posts\/6639\/revisions"}],"wp:featuredmedia":[{"embeddable":true,"href":"https:\/\/revistaepocadigital.com.ar\/index.php?rest_route=\/wp\/v2\/media\/6640"}],"wp:attachment":[{"href":"https:\/\/revistaepocadigital.com.ar\/index.php?rest_route=%2Fwp%2Fv2%2Fmedia&parent=6639"}],"wp:term":[{"taxonomy":"category","embeddable":true,"href":"https:\/\/revistaepocadigital.com.ar\/index.php?rest_route=%2Fwp%2Fv2%2Fcategories&post=6639"},{"taxonomy":"post_tag","embeddable":true,"href":"https:\/\/revistaepocadigital.com.ar\/index.php?rest_route=%2Fwp%2Fv2%2Ftags&post=6639"}],"curies":[{"name":"wp","href":"https:\/\/api.w.org\/{rel}","templated":true}]}}