{"id":6643,"date":"2020-09-12T00:25:36","date_gmt":"2020-09-12T03:25:36","guid":{"rendered":"https:\/\/revistaepocadigital.com.ar\/?p=6643"},"modified":"2020-09-17T18:38:20","modified_gmt":"2020-09-17T21:38:20","slug":"el-estudio-juridico-oyhanto-noriega-en-nuevas-oficinas","status":"publish","type":"post","link":"https:\/\/revistaepocadigital.com.ar\/?p=6643","title":{"rendered":"El estudio jur\u00eddico Oyhanto &#038; Noriega en nuevas oficinas"},"content":{"rendered":"<p><strong>OTRO PASO ADELANTE. YA ATIENDEN EN LA NUEVA DIRECCI\u00d3N.<\/strong><!--more--><\/p>\n<p>El conocido estudio jur\u00eddico <strong>Oyhanto &amp; Noriega<\/strong> ha cambiado las instalaciones donde funcionan sus sus oficinas. La nueva ubicaci\u00f3n se encuentra en\u00a0 la calle <strong>Esteban Urcelay N 754 en Capilla del Se\u00f1or<\/strong>. <em>&#8220;Los esperamos en las nuevas instalaciones para continuar brindado nuestro servicio jur\u00eddico&#8221;<\/em>, han comentado ambas destacadas profesionales.<\/p>\n<p>Desde el estudio <strong>Oyhanto &amp; Noriega,<\/strong> por otro lado recordaron que debido al aislamiento social y preventivo fijado por las autoridades ante la pandemia, la atenci\u00f3n es efectuada mediante <strong>turnos<\/strong> acordados previamente. Recalcaron a su vez que <em>&#8220;cumplimos estrictamente con las medidas de seguridad sanitarias&#8221;<\/em>.<\/p>\n<p>Para m\u00e1s informaci\u00f3n: tel\u00e9fono 0111553242806 o bien por medio del correo electr\u00f3nico del estudio: oyhantonoriega@yahoo.com.ar<\/p>\n","protected":false},"excerpt":{"rendered":"<p>OTRO PASO ADELANTE. YA ATIENDEN EN LA NUEVA DIRECCI\u00d3N.<\/p>\n","protected":false},"author":4,"featured_media":6645,"comment_status":"open","ping_status":"open","sticky":false,"template":"","format":"standard","meta":{"footnotes":"","jetpack_publicize_message":"","jetpack_publicize_feature_enabled":true,"jetpack_social_post_already_shared":false,"jetpack_social_options":{"image_generator_settings":{"template":"highway","default_image_id":0,"font":"","enabled":false},"version":2}},"categories":[14],"tags":[37,901,900],"class_list":["post-6643","post","type-post","status-publish","format-standard","has-post-thumbnail","hentry","category-la-gente","tag-destacada","tag-estudio-oyhanto-noriega","tag-nueva-direccion"],"jetpack_publicize_connections":[],"jetpack_featured_media_url":"https:\/\/revistaepocadigital.com.ar\/wp-content\/uploads\/2020\/09\/oyh-nor.jpg","jetpack_likes_enabled":true,"_links":{"self":[{"href":"https:\/\/revistaepocadigital.com.ar\/index.php?rest_route=\/wp\/v2\/posts\/6643","targetHints":{"allow":["GET"]}}],"collection":[{"href":"https:\/\/revistaepocadigital.com.ar\/index.php?rest_route=\/wp\/v2\/posts"}],"about":[{"href":"https:\/\/revistaepocadigital.com.ar\/index.php?rest_route=\/wp\/v2\/types\/post"}],"author":[{"embeddable":true,"href":"https:\/\/revistaepocadigital.com.ar\/index.php?rest_route=\/wp\/v2\/users\/4"}],"replies":[{"embeddable":true,"href":"https:\/\/revistaepocadigital.com.ar\/index.php?rest_route=%2Fwp%2Fv2%2Fcomments&post=6643"}],"version-history":[{"count":0,"href":"https:\/\/revistaepocadigital.com.ar\/index.php?rest_route=\/wp\/v2\/posts\/6643\/revisions"}],"wp:featuredmedia":[{"embeddable":true,"href":"https:\/\/revistaepocadigital.com.ar\/index.php?rest_route=\/wp\/v2\/media\/6645"}],"wp:attachment":[{"href":"https:\/\/revistaepocadigital.com.ar\/index.php?rest_route=%2Fwp%2Fv2%2Fmedia&parent=6643"}],"wp:term":[{"taxonomy":"category","embeddable":true,"href":"https:\/\/revistaepocadigital.com.ar\/index.php?rest_route=%2Fwp%2Fv2%2Fcategories&post=6643"},{"taxonomy":"post_tag","embeddable":true,"href":"https:\/\/revistaepocadigital.com.ar\/index.php?rest_route=%2Fwp%2Fv2%2Ftags&post=6643"}],"curies":[{"name":"wp","href":"https:\/\/api.w.org\/{rel}","templated":true}]}}