{"id":6668,"date":"2020-09-13T16:40:53","date_gmt":"2020-09-13T19:40:53","guid":{"rendered":"https:\/\/revistaepocadigital.com.ar\/?p=6668"},"modified":"2020-09-16T02:04:30","modified_gmt":"2020-09-16T05:04:30","slug":"dia-del-empleado-de-comercio-mira-el-premio-del-sorteo-del-sindicato","status":"publish","type":"post","link":"https:\/\/revistaepocadigital.com.ar\/?p=6668","title":{"rendered":"D\u00cdA DEL EMPLEADO DE COMERCIO, MIR\u00c1 EL PREMIO DEL SORTEO DEL SINDICATO"},"content":{"rendered":"<p><strong>MIR\u00c1 EL PRIMER PREMIO Y COMO PUEDEN PARTICIPAR TODOS LOS AFILIADOS. EL 28 DE SEPTIEMBRE, LOS COMERCIOS CERRADOS. <\/strong><!--more-->.<\/p>\n<p><img loading=\"lazy\" decoding=\"async\" class=\"aligncenter size-full wp-image-6667\" src=\"https:\/\/revistaepocadigital.com.ar\/wp-content\/uploads\/2020\/08\/emp-comer-sorteo-20.jpg\" alt=\"\" width=\"759\" height=\"1024\" srcset=\"https:\/\/revistaepocadigital.com.ar\/wp-content\/uploads\/2020\/08\/emp-comer-sorteo-20.jpg 759w, https:\/\/revistaepocadigital.com.ar\/wp-content\/uploads\/2020\/08\/emp-comer-sorteo-20-222x300.jpg 222w, https:\/\/revistaepocadigital.com.ar\/wp-content\/uploads\/2020\/08\/emp-comer-sorteo-20-696x939.jpg 696w, https:\/\/revistaepocadigital.com.ar\/wp-content\/uploads\/2020\/08\/emp-comer-sorteo-20-311x420.jpg 311w, https:\/\/revistaepocadigital.com.ar\/wp-content\/uploads\/2020\/08\/emp-comer-sorteo-20-623x840.jpg 623w\" sizes=\"auto, (max-width: 759px) 100vw, 759px\" \/><\/p>\n<p><!--more--><\/p>\n<p>&nbsp;<\/p>\n<p><strong>EL D\u00cdA DEL EMPLEADO DE COMERCIO, EL FESTEJO EL 28 DE SEPTIEMBRE.<\/strong><\/p>\n<p><img loading=\"lazy\" decoding=\"async\" class=\"aligncenter size-full wp-image-6672\" src=\"https:\/\/revistaepocadigital.com.ar\/wp-content\/uploads\/2020\/09\/empl-comer-dia.jpg\" alt=\"\" width=\"982\" height=\"1280\" srcset=\"https:\/\/revistaepocadigital.com.ar\/wp-content\/uploads\/2020\/09\/empl-comer-dia.jpg 982w, https:\/\/revistaepocadigital.com.ar\/wp-content\/uploads\/2020\/09\/empl-comer-dia-230x300.jpg 230w, https:\/\/revistaepocadigital.com.ar\/wp-content\/uploads\/2020\/09\/empl-comer-dia-786x1024.jpg 786w, https:\/\/revistaepocadigital.com.ar\/wp-content\/uploads\/2020\/09\/empl-comer-dia-768x1001.jpg 768w, https:\/\/revistaepocadigital.com.ar\/wp-content\/uploads\/2020\/09\/empl-comer-dia-696x907.jpg 696w, https:\/\/revistaepocadigital.com.ar\/wp-content\/uploads\/2020\/09\/empl-comer-dia-322x420.jpg 322w, https:\/\/revistaepocadigital.com.ar\/wp-content\/uploads\/2020\/09\/empl-comer-dia-644x840.jpg 644w\" sizes=\"auto, (max-width: 982px) 100vw, 982px\" \/><\/p>\n","protected":false},"excerpt":{"rendered":"<p>MIR\u00c1 EL PRIMER PREMIO Y COMO PUEDEN PARTICIPAR TODOS LOS AFILIADOS. EL 28 DE SEPTIEMBRE, LOS COMERCIOS CERRADOS.<\/p>\n","protected":false},"author":3,"featured_media":6670,"comment_status":"open","ping_status":"open","sticky":false,"template":"","format":"standard","meta":{"footnotes":"","jetpack_publicize_message":"","jetpack_publicize_feature_enabled":true,"jetpack_social_post_already_shared":false,"jetpack_social_options":{"image_generator_settings":{"template":"highway","default_image_id":0,"font":"","enabled":false},"version":2}},"categories":[151,13],"tags":[727,723],"class_list":["post-6668","post","type-post","status-publish","format-standard","has-post-thumbnail","hentry","category-empleados-de-comercio","category-interes-general","tag-empleados-comercio","tag-sorteo"],"jetpack_publicize_connections":[],"jetpack_featured_media_url":"https:\/\/revistaepocadigital.com.ar\/wp-content\/uploads\/2020\/09\/emp-comer-sorteo-20.jpg","jetpack_likes_enabled":true,"_links":{"self":[{"href":"https:\/\/revistaepocadigital.com.ar\/index.php?rest_route=\/wp\/v2\/posts\/6668","targetHints":{"allow":["GET"]}}],"collection":[{"href":"https:\/\/revistaepocadigital.com.ar\/index.php?rest_route=\/wp\/v2\/posts"}],"about":[{"href":"https:\/\/revistaepocadigital.com.ar\/index.php?rest_route=\/wp\/v2\/types\/post"}],"author":[{"embeddable":true,"href":"https:\/\/revistaepocadigital.com.ar\/index.php?rest_route=\/wp\/v2\/users\/3"}],"replies":[{"embeddable":true,"href":"https:\/\/revistaepocadigital.com.ar\/index.php?rest_route=%2Fwp%2Fv2%2Fcomments&post=6668"}],"version-history":[{"count":0,"href":"https:\/\/revistaepocadigital.com.ar\/index.php?rest_route=\/wp\/v2\/posts\/6668\/revisions"}],"wp:featuredmedia":[{"embeddable":true,"href":"https:\/\/revistaepocadigital.com.ar\/index.php?rest_route=\/wp\/v2\/media\/6670"}],"wp:attachment":[{"href":"https:\/\/revistaepocadigital.com.ar\/index.php?rest_route=%2Fwp%2Fv2%2Fmedia&parent=6668"}],"wp:term":[{"taxonomy":"category","embeddable":true,"href":"https:\/\/revistaepocadigital.com.ar\/index.php?rest_route=%2Fwp%2Fv2%2Fcategories&post=6668"},{"taxonomy":"post_tag","embeddable":true,"href":"https:\/\/revistaepocadigital.com.ar\/index.php?rest_route=%2Fwp%2Fv2%2Ftags&post=6668"}],"curies":[{"name":"wp","href":"https:\/\/api.w.org\/{rel}","templated":true}]}}