{"id":6680,"date":"2020-09-12T16:38:59","date_gmt":"2020-09-12T19:38:59","guid":{"rendered":"https:\/\/revistaepocadigital.com.ar\/?p=6680"},"modified":"2020-09-18T01:43:32","modified_gmt":"2020-09-18T04:43:32","slug":"la-fuente-de-la-plaza-san-martin-emblema-de-exaltacion-de-la-cruz","status":"publish","type":"post","link":"https:\/\/revistaepocadigital.com.ar\/?p=6680","title":{"rendered":"La fuente de la Plaza San Mart\u00edn, emblema de Exaltaci\u00f3n de la Cruz"},"content":{"rendered":"<div class=\"clearfix fbPhotoSnowliftAuthorInfo _xlu\">\n<div class=\"clearfix _8u _42ef\">\n<div class=\"_6a\">\n<div class=\"_6a _6b\">\n<div id=\"fbPhotoSnowliftAudienceSelector\">\n<div class=\"mbs fbPhotosAudienceContainerNotEditable\">\n<div class=\"_6a _29ee _3iio _43_1\" role=\"img\" data-hover=\"tooltip\" data-tooltip-content=\"Compartido con: P\u00fablico\" aria-label=\"Compartido con: P\u00fablico\"><strong>DESDE TIEMPOS INMEMORIALES<\/strong>.<!--more--><\/div>\n<\/div>\n<div role=\"img\" data-hover=\"tooltip\" data-tooltip-content=\"Compartido con: P\u00fablico\" aria-label=\"Compartido con: P\u00fablico\"><\/div>\n<div role=\"img\" data-hover=\"tooltip\" data-tooltip-content=\"Compartido con: P\u00fablico\" aria-label=\"Compartido con: P\u00fablico\">La Plaza San Martin de Capilla del Se\u00f1or y su fuente central, representan uno de puntos m\u00e1s atractivos y entra\u00f1ables para los vecinos del distrito, en especial para los de Capilla del Se\u00f1or.<\/div>\n<div role=\"img\" data-hover=\"tooltip\" data-tooltip-content=\"Compartido con: P\u00fablico\" aria-label=\"Compartido con: P\u00fablico\">Muchas veces en tantos a\u00f1os, descuidada, sin la atenci\u00f3n merecida no s\u00f3lo por autoridades municipales, tambi\u00e9n por vecinos y visitantes desapegados de las cosas nuestras.<\/div>\n<div role=\"img\" data-hover=\"tooltip\" data-tooltip-content=\"Compartido con: P\u00fablico\" aria-label=\"Compartido con: P\u00fablico\">La Plaza, su fuente, guarda muchos momentos que han hecho a la historia exaltacruce\u00f1a, adem\u00e1s de representar un paseo ideal para chicos, grandes y familias.<\/div>\n<\/div>\n<\/div>\n<div role=\"img\" data-hover=\"tooltip\" data-tooltip-content=\"Compartido con: P\u00fablico\" aria-label=\"Compartido con: P\u00fablico\">Su presentaci\u00f3n ha recuperado el brillo que nunca debe perder, luego de casi un a\u00f1o de espera. Y como ha ocurrido en numerosas ocasiones en el tiempo de cara al 14 de Septiembre, fecha de los festejos patronales, est\u00e1 siendo puesta nuevamente en valor y en lo que hace a la fuente, los trabajos han sido culminado.<\/div>\n<div role=\"img\" data-hover=\"tooltip\" data-tooltip-content=\"Compartido con: P\u00fablico\" aria-label=\"Compartido con: P\u00fablico\"><\/div>\n<\/div>\n<\/div>\n<\/div>\n<div class=\"_xlr\">\n<div id=\"id_5f6266e0e56a32b53853777\" class=\"text_exposed_root text_exposed\">\n<p>Desde la comuna informaron que para recuperar la fuente, se repar\u00f3 parte de la estructura, se limpiaron las ca\u00f1er\u00edas del sistema hidr\u00e1ulico,<span class=\"text_exposed_show\"> y fueron pulidas las figuras de los conocidos \u201csapitos\u201d que lanzan agua. A la vez se pint\u00f3 toda la estructura, y se reinstal\u00f3 a nuevo el sistema de iluminaci\u00f3n.<\/span><\/p>\n<p>La reapertura de la fuente se produjo el d\u00eda previo al acto del 14 de setiembre, como parte de un trabajo mayor de puesta en valor de la Plaza San Mart\u00edn, que incluye mejoras en los caminos internos, las veredas y la iluminaci\u00f3n general.<\/p>\n<\/div>\n<div id=\"fbPhotoSnowliftProductMiniListHscroll\" class=\"fbCommerceProductMiniListHscroll\">Foto: prensa municipalidad<\/div>\n<\/div>\n","protected":false},"excerpt":{"rendered":"<p>DESDE TIEMPOS INMEMORIALES.<\/p>\n","protected":false},"author":3,"featured_media":6682,"comment_status":"open","ping_status":"open","sticky":false,"template":"","format":"standard","meta":{"footnotes":"","jetpack_publicize_message":"","jetpack_publicize_feature_enabled":true,"jetpack_social_post_already_shared":false,"jetpack_social_options":{"image_generator_settings":{"template":"highway","default_image_id":0,"font":"","enabled":false},"version":2}},"categories":[17],"tags":[908,907],"class_list":["post-6680","post","type-post","status-publish","format-standard","has-post-thumbnail","hentry","category-politica","tag-mejoras","tag-plaza-san-martin"],"jetpack_publicize_connections":[],"jetpack_featured_media_url":"https:\/\/revistaepocadigital.com.ar\/wp-content\/uploads\/2020\/09\/plaza-fuente.jpg","jetpack_likes_enabled":true,"_links":{"self":[{"href":"https:\/\/revistaepocadigital.com.ar\/index.php?rest_route=\/wp\/v2\/posts\/6680","targetHints":{"allow":["GET"]}}],"collection":[{"href":"https:\/\/revistaepocadigital.com.ar\/index.php?rest_route=\/wp\/v2\/posts"}],"about":[{"href":"https:\/\/revistaepocadigital.com.ar\/index.php?rest_route=\/wp\/v2\/types\/post"}],"author":[{"embeddable":true,"href":"https:\/\/revistaepocadigital.com.ar\/index.php?rest_route=\/wp\/v2\/users\/3"}],"replies":[{"embeddable":true,"href":"https:\/\/revistaepocadigital.com.ar\/index.php?rest_route=%2Fwp%2Fv2%2Fcomments&post=6680"}],"version-history":[{"count":0,"href":"https:\/\/revistaepocadigital.com.ar\/index.php?rest_route=\/wp\/v2\/posts\/6680\/revisions"}],"wp:featuredmedia":[{"embeddable":true,"href":"https:\/\/revistaepocadigital.com.ar\/index.php?rest_route=\/wp\/v2\/media\/6682"}],"wp:attachment":[{"href":"https:\/\/revistaepocadigital.com.ar\/index.php?rest_route=%2Fwp%2Fv2%2Fmedia&parent=6680"}],"wp:term":[{"taxonomy":"category","embeddable":true,"href":"https:\/\/revistaepocadigital.com.ar\/index.php?rest_route=%2Fwp%2Fv2%2Fcategories&post=6680"},{"taxonomy":"post_tag","embeddable":true,"href":"https:\/\/revistaepocadigital.com.ar\/index.php?rest_route=%2Fwp%2Fv2%2Ftags&post=6680"}],"curies":[{"name":"wp","href":"https:\/\/api.w.org\/{rel}","templated":true}]}}