{"id":6699,"date":"2020-09-18T01:06:34","date_gmt":"2020-09-18T04:06:34","guid":{"rendered":"https:\/\/revistaepocadigital.com.ar\/?p=6699"},"modified":"2020-09-18T01:06:34","modified_gmt":"2020-09-18T04:06:34","slug":"ultima-etapa-del-nuevo-centro-cultural","status":"publish","type":"post","link":"https:\/\/revistaepocadigital.com.ar\/?p=6699","title":{"rendered":"\u00daLTIMA ETAPA DEL NUEVO CENTRO CULTURAL"},"content":{"rendered":"<p><strong>EN DESARROLLO.<\/strong><!--more--><\/p>\n<p>Comenz\u00f3 (17\/9) la \u00faltima etapa de construcci\u00f3n del nuevo centro cultural en Parada Robles, que se construye al costado del edificio de la Delegaci\u00f3n Municipal de la localidad.<\/p>\n<p>&nbsp;<\/p>\n<div class=\"fb-video\" data-allowfullscreen=\"true\" data-href=\"https:\/\/www.facebook.com\/Muniexaltaciondelacruz\/videos\/1193746817662020\/?t=8\" style=\"background-color: #fff; display: inline-block;\"><\/div>\n<p>Personal y mano de obra de esa dependencia procedi\u00f3 a la colocaci\u00f3n de las chapas del techo de ese centro, cerrando as\u00ed el proceso m\u00e1s importante de la obra en general. Luego se iba a avanzar en el interior del edificio.<\/p>\n<div class=\"text_exposed_show\">\n<p><em>&#8220;El Centro Cultural es un viejo reclamo de la comunidad art\u00edstica de Robles, y se convirti\u00f3 en realidad a partir de una decisi\u00f3n pol\u00edtica del intendente Diego Nanni. El objetivo es que est\u00e9 concluido en breve&#8221;<\/em>, informaron desde el \u00e1rea de prensa de la municipalidad.<\/p>\n<\/div>\n","protected":false},"excerpt":{"rendered":"<p>EN DESARROLLO.<\/p>\n","protected":false},"author":3,"featured_media":6702,"comment_status":"open","ping_status":"open","sticky":false,"template":"","format":"standard","meta":{"footnotes":"","jetpack_publicize_message":"","jetpack_publicize_feature_enabled":true,"jetpack_social_post_already_shared":false,"jetpack_social_options":{"image_generator_settings":{"template":"highway","default_image_id":0,"font":"","enabled":false},"version":2}},"categories":[5],"tags":[909],"class_list":["post-6699","post","type-post","status-publish","format-standard","has-post-thumbnail","hentry","category-aqui-parada-robles","tag-centro-cultural"],"jetpack_publicize_connections":[],"jetpack_featured_media_url":"https:\/\/revistaepocadigital.com.ar\/wp-content\/uploads\/2020\/09\/Centro-Cultural-Robles-1.jpg","jetpack_likes_enabled":true,"_links":{"self":[{"href":"https:\/\/revistaepocadigital.com.ar\/index.php?rest_route=\/wp\/v2\/posts\/6699","targetHints":{"allow":["GET"]}}],"collection":[{"href":"https:\/\/revistaepocadigital.com.ar\/index.php?rest_route=\/wp\/v2\/posts"}],"about":[{"href":"https:\/\/revistaepocadigital.com.ar\/index.php?rest_route=\/wp\/v2\/types\/post"}],"author":[{"embeddable":true,"href":"https:\/\/revistaepocadigital.com.ar\/index.php?rest_route=\/wp\/v2\/users\/3"}],"replies":[{"embeddable":true,"href":"https:\/\/revistaepocadigital.com.ar\/index.php?rest_route=%2Fwp%2Fv2%2Fcomments&post=6699"}],"version-history":[{"count":0,"href":"https:\/\/revistaepocadigital.com.ar\/index.php?rest_route=\/wp\/v2\/posts\/6699\/revisions"}],"wp:featuredmedia":[{"embeddable":true,"href":"https:\/\/revistaepocadigital.com.ar\/index.php?rest_route=\/wp\/v2\/media\/6702"}],"wp:attachment":[{"href":"https:\/\/revistaepocadigital.com.ar\/index.php?rest_route=%2Fwp%2Fv2%2Fmedia&parent=6699"}],"wp:term":[{"taxonomy":"category","embeddable":true,"href":"https:\/\/revistaepocadigital.com.ar\/index.php?rest_route=%2Fwp%2Fv2%2Fcategories&post=6699"},{"taxonomy":"post_tag","embeddable":true,"href":"https:\/\/revistaepocadigital.com.ar\/index.php?rest_route=%2Fwp%2Fv2%2Ftags&post=6699"}],"curies":[{"name":"wp","href":"https:\/\/api.w.org\/{rel}","templated":true}]}}