{"id":6703,"date":"2020-09-18T01:17:45","date_gmt":"2020-09-18T04:17:45","guid":{"rendered":"https:\/\/revistaepocadigital.com.ar\/?p=6703"},"modified":"2020-09-18T01:17:45","modified_gmt":"2020-09-18T04:17:45","slug":"con-un-decreto-el-presidente-confirmo-desplazamiento-de-jueces-que-investigaban-la-corrupcion-k","status":"publish","type":"post","link":"https:\/\/revistaepocadigital.com.ar\/?p=6703","title":{"rendered":"Con un decreto el presidente confirm\u00f3 desplazamiento de jueces que investigaban la corrupci\u00f3n K"},"content":{"rendered":"<p><strong>SON TRES JUECES. RECURRIERON A LA CORTE SUPREMA.<\/strong><!--more--><\/p>\n<h2 class=\"&quot;article-subheadline\"><\/h2>\n<article class=\"article | col widescreen-8 desktop-8 tablet-12 width_full\">\n<p class=\"font_tertiary paragraph\">T\u00e9cnicamente, el Poder Ejecutivo dispuso dejar sin efecto los traslados de los jueces\u00a0<b>Leopoldo Bruglia, Pablo Bertuzzi y Germ\u00e1n Castelli<\/b> a sus tribunales de Comodoro Py, tal como aprob\u00f3 el Senado de la Naci\u00f3n. La medida implica que ya no son magistrados de esos juzgados y deben volver a sus cargos anteriores.<\/p>\n<p class=\"font_tertiary paragraph\"><mark class=\"hl_yellow\">\u201cD\u00e9janse sin efecto\u201d<\/mark>, dicen los decretos firmados por el presidente\u00a0<b>Alberto Fern\u00e1ndez<\/b>, el jefe de Gabinete,\u00a0<b>Santiago Cafiero<\/b>, y la ministra de Justicia,\u00a0<b>Marcela Losardo,<\/b>\u00a0para los traslados de los jueces. Los magistrados tienen causas en la Corte Suprema de Justicia de la Naci\u00f3n en las que reclaman continuar en sus cargos.<\/p>\n<p class=\"font_tertiary paragraph\">Los decretos aclaran que las decisiones que los jueces tomaron en sus cargos no se pueden revisar.\u00a0<mark class=\"hl_yellow\">\u201cLa validez de los actos cumplidos de acuerdo a la doctrina de la Corte Suprema de Justicia de la Naci\u00f3n\u201d<\/mark>, dicen los textos. Bruglia y Bertuzzi, desde la C\u00e1mara Federal, confirmaron el procesamiento de Cristina Kirchner en la causa de los cuadernos de la corrupci\u00f3n.<\/p>\n<p class=\"font_tertiary paragraph\">Los tres decretos -750, 751 y 752- tienen el mismo texto para los jueces. Se\u00f1ala que sus nombramientos a sus actuales cargos -Bruglia y Bertuzzi a la C\u00e1mara Federal y Castelli al Tribunal Oral Federal 7- se hicieron sin el acuerdo del Senado de la Naci\u00f3n y que ayer la c\u00e1mara alta los rechaz\u00f3.<\/p>\n<p class=\"font_tertiary paragraph\">&#8220;Que la facultad de prestar acuerdo para la designaci\u00f3n de los magistrados inferiores de la Naci\u00f3n le est\u00e1 reservada por la Constituci\u00f3n Nacional al HONORABLE SENADO DE LA NACI\u00d3N, destac\u00e1ndose su intervenci\u00f3n en el proceso complejo (inter \u00f3rganos). En tal inteligencia, la CORTE SUPREMA DE JUSTICIA DE LA NACI\u00d3N en la Acordada N\u00b0 4\/18 se\u00f1al\u00f3 como ya lo hab\u00eda subrayado en los preceptos Rosza y Uriarte, \u201c\u2026 que al exigir el dictado de un acto complejo en el cual debe concurrir la voluntad del Poder Ejecutivo y el Poder Legislativo, la Constituci\u00f3n procura un imprescindible equilibrio pol\u00edtico en la medida en que el acuerdo del Senado constituye `un excelente freno sobre el posible favoritismo presidencial\u00b4 y tambi\u00e9n entra\u00f1a el prop\u00f3sito de obtener las designaciones mejor logradas\u2026\u201d, sostienen los decretos.<\/p>\n<picture class=\"font_tertiary visual__image\"><source srcset=\"https:\/\/www.infobae.com\/new-resizer\/iV24z4Rug-yBL3Ya_PprX4sNo1w=\/768x432\/filters:format(jpg):quality(85)\/cloudfront-us-east-1.images.arcpublishing.com\/infobae\/BC7GZKSSSFBVTDUYTLDBVNW45I.jpg 1200w\" type=\"image\/jpg\" \/><source srcset=\"https:\/\/www.infobae.com\/new-resizer\/iV24z4Rug-yBL3Ya_PprX4sNo1w=\/768x432\/filters:format(jpg):quality(85)\/cloudfront-us-east-1.images.arcpublishing.com\/infobae\/BC7GZKSSSFBVTDUYTLDBVNW45I.jpg 992w\" type=\"image\/jpg\" \/><source srcset=\"https:\/\/www.infobae.com\/new-resizer\/iV24z4Rug-yBL3Ya_PprX4sNo1w=\/768x432\/filters:format(jpg):quality(85)\/cloudfront-us-east-1.images.arcpublishing.com\/infobae\/BC7GZKSSSFBVTDUYTLDBVNW45I.jpg 768w\" type=\"image\/jpg\" \/><source srcset=\"https:\/\/www.infobae.com\/new-resizer\/t12Kf-ml7ArOlrsTgU6W5nH6bCg=\/420x236\/filters:format(jpg):quality(85)\/cloudfront-us-east-1.images.arcpublishing.com\/infobae\/BC7GZKSSSFBVTDUYTLDBVNW45I.jpg 420w\" type=\"image\/jpg\" \/><img loading=\"lazy\" decoding=\"async\" src=\"https:\/\/www.infobae.com\/new-resizer\/t12Kf-ml7ArOlrsTgU6W5nH6bCg=\/420x236\/filters:format(jpg):quality(85)\/\/cloudfront-us-east-1.images.arcpublishing.com\/infobae\/BC7GZKSSSFBVTDUYTLDBVNW45I.jpg\" alt=\"Bruglia y Bertuzzi\" width=\"1920\" height=\"1080\" \/>Bruglia y Bertuzzi<\/picture>\n<p class=\"font_tertiary paragraph\">As\u00ed, el gobierno nacional dej\u00f3 sin efecto los traslados. Con esa decisi\u00f3n, los jueces deben volver a sus cargos anteriores. Bruglia al Tribunal Oral Federal 4 de Comodoro Py, Bertuzzi al Tribunal Oral Federal 1 de La Plata y Castelli al Tribunal Oral Federal 3 de San Mart\u00edn. Pero los jueces hicieron causas judiciales para continuar en sus puestos. Alegan que sus traslados se hicieron cumpliendo con la normativa vigente, que una acordada de la Corte Suprema aval\u00f3 que no deb\u00edan ir al Senado y que tienen derechos adquiridos que solo pueden ser revisados por un fallo judicial.<\/p>\n<p class=\"font_tertiary paragraph\">Bruglia, Bertuzzi y Castelli hicieron per saltum ante el m\u00e1ximo tribunal que todav\u00eda no tom\u00f3 una decisi\u00f3n. Y los jueces volver\u00e1n a hacer presentaciones. Castelli la realiz\u00f3 apenas unas horas despu\u00e9s de la decisi\u00f3n del Senado. \u201cDicha circunstancia no hace m\u00e1s que comprobar, a mi juicio y una vez m\u00e1s, el peligro en la demora ya invocado, que justifica largamente la urgencia de la intervenci\u00f3n de ese Alto Tribunal\u201d, sostuvo y le pidi\u00f3 a la Corte Suprema que intervenga.<\/p>\n<p class=\"font_tertiary paragraph\"><b>Presentaciones ante la Corte<\/b><\/p>\n<p class=\"font_tertiary paragraph\"><a href=\"https:\/\/www.infobae.com\/politica\/2020\/09\/17\/despues-del-rechazo-en-el-senado-sobre-los-traslados-los-jueces-de-comodoro-py-vuelven-a-hacer-presentaciones-en-la-corte-suprema\/\" target=\"_blank\" rel=\"noopener noreferrer\">Tal como anticip\u00f3 Infobae esta ma\u00f1ana<\/a>, tras la publicaci\u00f3n de los decretos los jueces hicieron presentaciones ante la Corte Suprema. \u201cEl Poder Ejecutivo de la Naci\u00f3n acaba de consumar un acto ilegal y de suma gravedad institucional que en su momento deber\u00e1 ser cuidadosamente analizado desde distintas aristas jur\u00eddicas, al igual que todos los actos de procedimiento y maniobras previas a su dictado\u201d, sostuvieron Bruglia y Bertuzzi.<\/p>\n<p class=\"font_tertiary paragraph\">Los camaristas le pidieron a la Corte Suprema que les de certeza sobre su \u201cactividad jurisdiccional\u201d. Esto es sobre donde deben cumplir funciones. Los magistrados explicaron que el decreto los quita de la C\u00e1mara Federal pero que a los tribunales orales que deben volver hay jueces subrogantes y hablaron de una \u201cincierta situaci\u00f3n laboral\u201d.<\/p>\n<picture class=\"font_tertiary visual__image\"><source srcset=\"https:\/\/www.infobae.com\/new-resizer\/cBNiZh8geBXlUd4CtXvFwZ4pTYw=\/768x432\/filters:format(jpg):quality(85)\/cloudfront-us-east-1.images.arcpublishing.com\/infobae\/R6MYJ3HGJ5HKTG7SX234CXEMYI.jpg 1200w\" type=\"image\/jpg\" \/><source srcset=\"https:\/\/www.infobae.com\/new-resizer\/cBNiZh8geBXlUd4CtXvFwZ4pTYw=\/768x432\/filters:format(jpg):quality(85)\/cloudfront-us-east-1.images.arcpublishing.com\/infobae\/R6MYJ3HGJ5HKTG7SX234CXEMYI.jpg 992w\" type=\"image\/jpg\" \/><source srcset=\"https:\/\/www.infobae.com\/new-resizer\/cBNiZh8geBXlUd4CtXvFwZ4pTYw=\/768x432\/filters:format(jpg):quality(85)\/cloudfront-us-east-1.images.arcpublishing.com\/infobae\/R6MYJ3HGJ5HKTG7SX234CXEMYI.jpg 768w\" type=\"image\/jpg\" \/><source srcset=\"https:\/\/www.infobae.com\/new-resizer\/v4BfZhBJEMHhE0dDjXYCH4osu_Q=\/420x236\/filters:format(jpg):quality(85)\/cloudfront-us-east-1.images.arcpublishing.com\/infobae\/R6MYJ3HGJ5HKTG7SX234CXEMYI.jpg 420w\" type=\"image\/jpg\" \/><img loading=\"lazy\" decoding=\"async\" src=\"https:\/\/www.infobae.com\/new-resizer\/v4BfZhBJEMHhE0dDjXYCH4osu_Q=\/420x236\/filters:format(jpg):quality(85)\/\/cloudfront-us-east-1.images.arcpublishing.com\/infobae\/R6MYJ3HGJ5HKTG7SX234CXEMYI.jpg\" alt=\"Germ\u00e1n Castelli\" width=\"1920\" height=\"1080\" \/>Germ\u00e1n Castelli<\/picture>\n<p class=\"font_tertiary paragraph\"><mark class=\"hl_yellow\">\u201cPor ello, sin renunciar al ejercicio de nuestros derechos gravemente lesionados, solicitamos al se\u00f1or presidente y a los se\u00f1ores ministros que, en atenci\u00f3n a las facultades constitucionales que reviste la Corte Suprema de Justicia de la Naci\u00f3n, incluida la de superintendencia, disponga en relaci\u00f3n a los suscriptos aquellas medidas necesarias y apropiadas con respecto a nuestros destinos funcionales, hasta tanto esa Corte resuelva de manera definitiva los reclamos judiciales en torno a la cuesti\u00f3n de la validez de los traslados\u201d,<\/mark>\u00a0le pidieron a la Corte y hasta la posibilidad de que les den una licencia extraordinaria.<\/p>\n<p class=\"font_tertiary paragraph\">Por su parte, Castelli hizo una presentaci\u00f3n similar. Explic\u00f3 que debe regresar a un tribunal que tiene un juez suplente y que en el que se encuentra actualmente tiene causas en tr\u00e1mite. Puso como ejemplo que ma\u00f1ana debe firmar los fundamentos de una sentencia.\u00a0<mark class=\"hl_yellow\">\u201cEn funci\u00f3n de ello, solicito se sirva establecer qu\u00e9 lugar el suscripto debe presar funciones jurisdiccionales en su car\u00e1cter de juez federal\u201d<\/mark>, le pregunt\u00f3 Castelli a la Corte.<\/p>\n<p class=\"font_tertiary paragraph\">En una segunda presentaci\u00f3n ante el m\u00e1ximo tribunal, el juez le inform\u00f3 al m\u00e1ximo tribunal de la publicaci\u00f3n del decreto y le pidi\u00f3 la \u201curgente\u201d resoluci\u00f3n de su causa judicial.<\/p>\n<\/article>\n<p>Fuente: Notay fotos publicadas en infobae.com<\/p>\n","protected":false},"excerpt":{"rendered":"<p>SON TRES JUECES. RECURRIERON A LA CORTE SUPREMA.<\/p>\n","protected":false},"author":4,"featured_media":6705,"comment_status":"open","ping_status":"open","sticky":false,"template":"","format":"standard","meta":{"footnotes":"","jetpack_publicize_message":"","jetpack_publicize_feature_enabled":true,"jetpack_social_post_already_shared":false,"jetpack_social_options":{"image_generator_settings":{"template":"highway","default_image_id":0,"font":"","enabled":false},"version":2}},"categories":[17],"tags":[622,910,865],"class_list":["post-6703","post","type-post","status-publish","format-standard","has-post-thumbnail","hentry","category-politica","tag-decreto","tag-jueces-trasladados","tag-senado"],"jetpack_publicize_connections":[],"jetpack_featured_media_url":"https:\/\/revistaepocadigital.com.ar\/wp-content\/uploads\/2020\/09\/jue.jpg","jetpack_likes_enabled":true,"_links":{"self":[{"href":"https:\/\/revistaepocadigital.com.ar\/index.php?rest_route=\/wp\/v2\/posts\/6703","targetHints":{"allow":["GET"]}}],"collection":[{"href":"https:\/\/revistaepocadigital.com.ar\/index.php?rest_route=\/wp\/v2\/posts"}],"about":[{"href":"https:\/\/revistaepocadigital.com.ar\/index.php?rest_route=\/wp\/v2\/types\/post"}],"author":[{"embeddable":true,"href":"https:\/\/revistaepocadigital.com.ar\/index.php?rest_route=\/wp\/v2\/users\/4"}],"replies":[{"embeddable":true,"href":"https:\/\/revistaepocadigital.com.ar\/index.php?rest_route=%2Fwp%2Fv2%2Fcomments&post=6703"}],"version-history":[{"count":0,"href":"https:\/\/revistaepocadigital.com.ar\/index.php?rest_route=\/wp\/v2\/posts\/6703\/revisions"}],"wp:featuredmedia":[{"embeddable":true,"href":"https:\/\/revistaepocadigital.com.ar\/index.php?rest_route=\/wp\/v2\/media\/6705"}],"wp:attachment":[{"href":"https:\/\/revistaepocadigital.com.ar\/index.php?rest_route=%2Fwp%2Fv2%2Fmedia&parent=6703"}],"wp:term":[{"taxonomy":"category","embeddable":true,"href":"https:\/\/revistaepocadigital.com.ar\/index.php?rest_route=%2Fwp%2Fv2%2Fcategories&post=6703"},{"taxonomy":"post_tag","embeddable":true,"href":"https:\/\/revistaepocadigital.com.ar\/index.php?rest_route=%2Fwp%2Fv2%2Ftags&post=6703"}],"curies":[{"name":"wp","href":"https:\/\/api.w.org\/{rel}","templated":true}]}}