{"id":671,"date":"2018-11-15T15:18:54","date_gmt":"2018-11-15T18:18:54","guid":{"rendered":"https:\/\/revistaepocadigital.com.ar\/?p=671"},"modified":"2018-11-15T15:18:54","modified_gmt":"2018-11-15T18:18:54","slug":"el-pequeno-hogar-exaltacion-el-dificil-momento-vivido","status":"publish","type":"post","link":"https:\/\/revistaepocadigital.com.ar\/?p=671","title":{"rendered":"El Peque\u00f1o Hogar Exaltaci\u00f3n, el dif\u00edcil momento vivido"},"content":{"rendered":"<p><strong>HACE POCO.<\/strong>\u00a0 Se produjo un incendio en las instalaciones del<strong> Peque\u00f1o Hogar Exaltaci\u00f3n,<\/strong> la encomiable instituci\u00f3n existente en el distrito desde hace 25 a\u00f1os, destinada a cobijar a menores en situaciones de riesgo. El pasado 25 de noviembre al recalentarse un ventilador de pared instalado, se derriti\u00f3 por los efectos de la temperatura y cay\u00f3 sobre una cama produciendo un incendio.<\/p>\n<p><strong>M\u00f3nica Graciela Cuneo,<\/strong> directora del Peque\u00f1o Hogar y una de las fundadoras, coment\u00f3 a EPOCA lo sucedido que por cierto, gener\u00f3 alarma y preocupaci\u00f3n. &#8220;<em>As\u00ed fue, al recalentarse un ventilador de pared, se derriti\u00f3 y cuando se cay\u00f3 lo hizo sobre una cama de una habitaci\u00f3n; por suerte los ni\u00f1os no tuvieron problemas, en ese momento se encontraban jugando con un grupo de gente que hab\u00eda concurrido a realizar actividades recreativas en el parque del Hogar&#8221;.<\/em><\/p>\n<p>Ante el imprevisto y la l\u00f3gica preocupaci\u00f3n generada, Cueno sostuvo que <em>&#8220;las auxiliares cumplieron con el protocolo acorde a la situaci\u00f3n, y recibieron ayuda de la gente que estaba en el predio. Tambi\u00e9n de nuestro vecino Esteban Bravo y fue r\u00e1pida presencia y la ayuda recibida de nuestros Bomberos Voluntarios de Capilla del Se\u00f1or&#8221;<\/em>. Admiti\u00f3 la directora que <em>&#8220;fue un gran susto, pero s\u00f3lo tuvimos que lamentar p\u00e9rdidas materiales gracias a Dios&#8221;.<\/em> Entre esas p\u00e9rdidas materiales, pudieron constatarse, ropa, s\u00e1banas, acolchados y qued\u00f3 da\u00f1ada la pintura de la habitaci\u00f3n donde sucedi\u00f3 el episodio.<\/p>\n<figure id=\"attachment_673\" aria-describedby=\"caption-attachment-673\" style=\"width: 696px\" class=\"wp-caption aligncenter\"><img loading=\"lazy\" decoding=\"async\" class=\"size-large wp-image-673\" src=\"https:\/\/revistaepocadigital.com.ar\/wp-content\/uploads\/2018\/12\/peque-hogar-exalt-1-1024x768.jpg\" alt=\"\" width=\"696\" height=\"522\" srcset=\"https:\/\/revistaepocadigital.com.ar\/wp-content\/uploads\/2018\/12\/peque-hogar-exalt-1-1024x768.jpg 1024w, https:\/\/revistaepocadigital.com.ar\/wp-content\/uploads\/2018\/12\/peque-hogar-exalt-1-300x225.jpg 300w, https:\/\/revistaepocadigital.com.ar\/wp-content\/uploads\/2018\/12\/peque-hogar-exalt-1-768x576.jpg 768w, https:\/\/revistaepocadigital.com.ar\/wp-content\/uploads\/2018\/12\/peque-hogar-exalt-1.jpg 2048w\" sizes=\"auto, (max-width: 696px) 100vw, 696px\" \/><figcaption id=\"caption-attachment-673\" class=\"wp-caption-text\">El Peque\u00f1o Hogar Exaltaci\u00f3n, una gran obra.<\/figcaption><\/figure>\n<p>A medida que transcurrieron las horas y los d\u00edas, el Peque\u00f1o Hogar Exaltaci\u00f3n recibi\u00f3 colaboraci\u00f3n y ayuda, adem\u00e1s de la iniciativa surgida en las redes sociales para colaborar con la instituci\u00f3n ante lo ocurrido. <em>&#8220;Recibimos de inmediato la asistencia del Servicio Zonal, en su representaci\u00f3n concurri\u00f3 al Hogar, Mar\u00eda Alejandra Sancho. All\u00ed pudo chequear necesidades surgidas, a su vez la Municipalidad nos ayudo en el momento con la provisi\u00f3n de colchones, pintura y asesoramiento de una arquitecta para revisar la parte edilicia y el\u00e9ctrica&#8221;. &#8220;Por otro lado<\/em> -apunt\u00f3 <strong>Cuneo<\/strong>&#8211; <em>los servicios locales de Escobar, Z\u00e1rate y Campana, se comunicaron inmediatamente para ponerse a disposici\u00f3n&#8221;,<\/em> y resalt\u00f3 luego la directora, el apoyo <em>&#8220;de la comunidad de todo el partido de Exaltaci\u00f3n de la Cruz, y de partidos vecinos, recolect\u00e1ndose en especial, ropa de cama para reponer; desde ya, el Peque\u00f1o Hogar Exaltaci\u00f3n agradece a todos la atenci\u00f3n dispensada&#8221;.<\/em><\/p>\n","protected":false},"excerpt":{"rendered":"<p>HACE POCO.\u00a0 Se produjo un incendio en las instalaciones del Peque\u00f1o Hogar Exaltaci\u00f3n, la encomiable instituci\u00f3n existente en el distrito desde hace 25 a\u00f1os, destinada a cobijar a menores en situaciones de riesgo. El pasado 25 de noviembre al recalentarse un ventilador de pared instalado, se derriti\u00f3 por los efectos de la temperatura y cay\u00f3 [&hellip;]<\/p>\n","protected":false},"author":3,"featured_media":674,"comment_status":"open","ping_status":"open","sticky":false,"template":"","format":"standard","meta":{"footnotes":"","jetpack_publicize_message":"","jetpack_publicize_feature_enabled":true,"jetpack_social_post_already_shared":false,"jetpack_social_options":{"image_generator_settings":{"template":"highway","default_image_id":0,"font":"","enabled":false},"version":2}},"categories":[6,13],"tags":[37,54],"class_list":["post-671","post","type-post","status-publish","format-standard","has-post-thumbnail","hentry","category-barrios","category-interes-general","tag-destacada","tag-hogar-exaltacion"],"jetpack_publicize_connections":[],"jetpack_featured_media_url":"https:\/\/revistaepocadigital.com.ar\/wp-content\/uploads\/2018\/12\/peque17.a-1.jpg","jetpack_likes_enabled":true,"_links":{"self":[{"href":"https:\/\/revistaepocadigital.com.ar\/index.php?rest_route=\/wp\/v2\/posts\/671","targetHints":{"allow":["GET"]}}],"collection":[{"href":"https:\/\/revistaepocadigital.com.ar\/index.php?rest_route=\/wp\/v2\/posts"}],"about":[{"href":"https:\/\/revistaepocadigital.com.ar\/index.php?rest_route=\/wp\/v2\/types\/post"}],"author":[{"embeddable":true,"href":"https:\/\/revistaepocadigital.com.ar\/index.php?rest_route=\/wp\/v2\/users\/3"}],"replies":[{"embeddable":true,"href":"https:\/\/revistaepocadigital.com.ar\/index.php?rest_route=%2Fwp%2Fv2%2Fcomments&post=671"}],"version-history":[{"count":0,"href":"https:\/\/revistaepocadigital.com.ar\/index.php?rest_route=\/wp\/v2\/posts\/671\/revisions"}],"wp:featuredmedia":[{"embeddable":true,"href":"https:\/\/revistaepocadigital.com.ar\/index.php?rest_route=\/wp\/v2\/media\/674"}],"wp:attachment":[{"href":"https:\/\/revistaepocadigital.com.ar\/index.php?rest_route=%2Fwp%2Fv2%2Fmedia&parent=671"}],"wp:term":[{"taxonomy":"category","embeddable":true,"href":"https:\/\/revistaepocadigital.com.ar\/index.php?rest_route=%2Fwp%2Fv2%2Fcategories&post=671"},{"taxonomy":"post_tag","embeddable":true,"href":"https:\/\/revistaepocadigital.com.ar\/index.php?rest_route=%2Fwp%2Fv2%2Ftags&post=671"}],"curies":[{"name":"wp","href":"https:\/\/api.w.org\/{rel}","templated":true}]}}