{"id":6741,"date":"2020-09-21T23:00:27","date_gmt":"2020-09-22T02:00:27","guid":{"rendered":"https:\/\/revistaepocadigital.com.ar\/?p=6741"},"modified":"2020-09-21T23:00:27","modified_gmt":"2020-09-22T02:00:27","slug":"deantoni-del-movimiento-evita-organizaciones-que-se-hicieron-visibles-en-epocas-de-campanas-electorales-han-desaparecido-del-distrito","status":"publish","type":"post","link":"https:\/\/revistaepocadigital.com.ar\/?p=6741","title":{"rendered":"Deantoni del Movimiento Evita: &#8220;Organizaciones que se hicieron visibles en \u00e9pocas de campa\u00f1as electorales, han desaparecido del distrito&#8221;"},"content":{"rendered":"<p><strong>LAS REALIDADES&#8230;<\/strong><!--more--><\/p>\n<p>que ha venido afrontando el pa\u00eds y por ende <strong>Exaltaci\u00f3n de la Cruz,<\/strong> han llevado a franjas poblacionales atravesaran momentos sumamente complejos en materia econ\u00f3mica, social, educacional. Esas realidades han llevado al surgimiento de movimientos sociales apuntados a trabajar en los sectores m\u00e1s vulnerables. El <strong>Movimiento Evita<\/strong> es uno de ellos, y con <strong>Fabi\u00e1n Deantoni<\/strong>, su referente desde hace cinco a\u00f1os, dialog\u00f3 EPOCA.<\/p>\n<p>-\u00bfQue es lo que m\u00e1s lo preocupa, de la actualidad en el distrito y respecto a las organizaciones sociales?<br \/>\n<em>-Veo con preocupaci\u00f3n como, organizaciones que se hicieron visibles en \u00e9pocas de campa\u00f1as electorales, han desaparecido del distrito con todo lo que eso implica. Hoy la presencia de las organizaciones en los barrios es fundamental, por muchos motivos; para poder charlar con los referentes, para mantener los v\u00ednculos cercanos. Muchos de los que ya no se ven, en la actualidad son los que se hicieron de un conchabo con la gesti\u00f3n municipal. En el distrito s\u00f3lo se quedaron el Movimiento Evita y La Campora, son las dos organizaciones m\u00e1s grandes, y en muchas oportunidades, adem\u00e1s de ser muy cercanas, en los barrios trabajan en conjunto.<\/em><\/p>\n<p>-\u00bfLa cuesti\u00f3n alimentaria en distintos sectores, resulta de las m\u00e1s sensibles, \u00bfexisten suficientes alimentos para abastecer a gente m\u00e1s vulnerable que pueda vivir en los barrios y otros sectores?<br \/>\n&#8211;<em>En la actualidad tenemos esa problem\u00e1tica con la comida; a medida que va pasando el tiempo uno se va encontrando en los barrios con gente que se acerca cada vez m\u00e1s para ser asistida. Quien contaba con trabajo informal, est\u00e1 muy complicado; las changas tambi\u00e9n se han visto muy disminuidas. La situaci\u00f3n viene de la mano de lo complicado que est\u00e1 conseguir trabajo, y desde ya tambi\u00e9n en el sector formal, que tuvo que suprimir gastos, perjudicando involuntariamente a los que ten\u00edan un trabajito, c\u00f3mo pintar, hacer tareas en parques o cualquier tarea general.<\/em><\/p>\n<p>-\u00bfSon comparables estos tiempos, agravados por la pandemia, con otros similares ocurridos en nuestra historia respecto a situaciones de ca\u00eddas en el nivel social?, pregunt\u00f3 EPOCA a Deantoni (en la foto de portada junto al concejal Cristian Alonso del FdT)<br \/>\n<em>-La seguridad laboral se ha ido licuando, los que ten\u00edan un sueldo asegurado hoy est\u00e1n en peligro, en suspensi\u00f3n o inclusive despedidos. Es algo que se est\u00e1 viendo mucho, y no todos son trabajadores locales, muchos otros que viven en Exaltaci\u00f3n de la Cruz, tienen trabajos en otras localidades como por ejemplo Pilar. En esta ciudad vecina, el panorama est\u00e1 muy complejo, todo eso hace que el aparato haga como el cangrejo y camine para atr\u00e1s. Se viene produciendo un fen\u00f3meno como el de los &#8217;90, cuando los que eran despedidos con lo que recib\u00edan como indemnizaci\u00f3n, se compraban un autito y trabajaban como remis. En el presente vemos que hay kioscos por todos lados, cada vez que vas a un barrio te encontr\u00e1s con gente que pone un negocio precario, venden ropa por internet y viven de eso; de los pocos pares de media que puedan vender o se la rebuscan con venta de comida.<\/em><\/p>\n<p>-\u00bfC\u00f3mo cree que la pol\u00edtica, el oficialismo, el Frente de Todos; incluso la oposici\u00f3n en Exaltaci\u00f3n de la Cruz, pueden afrontar los tiempos que se avecinan?<br \/>\n&#8211;<em>La estructura pol\u00edtica en lo que se refiere a como se encuentra el Frente de Todos, en donde dentro de la incomodidad no se puede decir que no hay algo de armon\u00eda, muchas veces se notan las faltas de acciones dentro del mismo Frente. Tambi\u00e9n es cierto que solamente un par de referentes junto al intendente Nanni, son los \u00fanicos que se hacen visibles, con el laburo en el d\u00eda a d\u00eda. Nanni tiene una idea clara de trabajo, <\/em><em>pero no pareciera que pasa lo mismo con algunos que ha elegidos de la gesti\u00f3n. De todos modos el lineamiento sigue siendo del intendente, pero pareciera que no entienden; se ve claramente como funcionan m\u00e1quinas trabajando en algunos puntos del distrito, ca<\/em>mbiando luminarias o <em>haciendo peque\u00f1as obras, pero no se ve el mismo ritmo en el gabinete, pareciera que van como a destiempo.<\/em><\/p>\n","protected":false},"excerpt":{"rendered":"<p>LAS REALIDADES&#8230;<\/p>\n","protected":false},"author":4,"featured_media":6744,"comment_status":"open","ping_status":"open","sticky":false,"template":"","format":"standard","meta":{"footnotes":"","jetpack_publicize_message":"","jetpack_publicize_feature_enabled":true,"jetpack_social_post_already_shared":false,"jetpack_social_options":{"image_generator_settings":{"template":"highway","default_image_id":0,"font":"","enabled":false},"version":2}},"categories":[17],"tags":[917],"class_list":["post-6741","post","type-post","status-publish","format-standard","has-post-thumbnail","hentry","category-politica","tag-movimientos-sociales"],"jetpack_publicize_connections":[],"jetpack_featured_media_url":"https:\/\/revistaepocadigital.com.ar\/wp-content\/uploads\/2020\/09\/deantoni-y-conce-fdt-20.jpg","jetpack_likes_enabled":true,"_links":{"self":[{"href":"https:\/\/revistaepocadigital.com.ar\/index.php?rest_route=\/wp\/v2\/posts\/6741","targetHints":{"allow":["GET"]}}],"collection":[{"href":"https:\/\/revistaepocadigital.com.ar\/index.php?rest_route=\/wp\/v2\/posts"}],"about":[{"href":"https:\/\/revistaepocadigital.com.ar\/index.php?rest_route=\/wp\/v2\/types\/post"}],"author":[{"embeddable":true,"href":"https:\/\/revistaepocadigital.com.ar\/index.php?rest_route=\/wp\/v2\/users\/4"}],"replies":[{"embeddable":true,"href":"https:\/\/revistaepocadigital.com.ar\/index.php?rest_route=%2Fwp%2Fv2%2Fcomments&post=6741"}],"version-history":[{"count":0,"href":"https:\/\/revistaepocadigital.com.ar\/index.php?rest_route=\/wp\/v2\/posts\/6741\/revisions"}],"wp:featuredmedia":[{"embeddable":true,"href":"https:\/\/revistaepocadigital.com.ar\/index.php?rest_route=\/wp\/v2\/media\/6744"}],"wp:attachment":[{"href":"https:\/\/revistaepocadigital.com.ar\/index.php?rest_route=%2Fwp%2Fv2%2Fmedia&parent=6741"}],"wp:term":[{"taxonomy":"category","embeddable":true,"href":"https:\/\/revistaepocadigital.com.ar\/index.php?rest_route=%2Fwp%2Fv2%2Fcategories&post=6741"},{"taxonomy":"post_tag","embeddable":true,"href":"https:\/\/revistaepocadigital.com.ar\/index.php?rest_route=%2Fwp%2Fv2%2Ftags&post=6741"}],"curies":[{"name":"wp","href":"https:\/\/api.w.org\/{rel}","templated":true}]}}