{"id":6759,"date":"2020-09-23T23:12:16","date_gmt":"2020-09-24T02:12:16","guid":{"rendered":"https:\/\/revistaepocadigital.com.ar\/?p=6759"},"modified":"2020-09-23T23:12:16","modified_gmt":"2020-09-24T02:12:16","slug":"de-que-se-trata-la-maquinaria-instalada-para-reciclar-basura","status":"publish","type":"post","link":"https:\/\/revistaepocadigital.com.ar\/?p=6759","title":{"rendered":"\u00bfDe que se trata la maquinaria instalada para reciclar basura?"},"content":{"rendered":"<div class=\"&lt;br\"><strong>EN LA OBRA DE LA RECICLADORA DE RESIDUOS.<\/strong><\/div>\n<p><!--more--><\/p>\n<div><\/div>\n<div>A inaugurarse el lunes 28, sin la presencia del presidente Alberto Fern\u00e1ndez (inaugurar\u00e1 un hospital en Escobar, uno de los partidos muy golpeados por el coronavirus), y s\u00ed con las visitas del gobernador Axel Kicillof por tercera vez y del titular de la C\u00e1mara de Diputados, Sergio Massa, quien en su juventud supo frecuentar Capilla del Se\u00f1or.<\/div>\n<div><\/div>\n<div>Acerca del emprendimiento concretado y que tiene que ver con un tema de larga data, con cr\u00edticas y cuestionamientos, como ha sido el tratamiento de la basura y sus efectos nocivos sobre la vida de los capillenses y del medio ambiente, el sitio web Capilla Online ha marcado que en la nueva recicladora de residuos s\u00f3lidos, dotada de innovadora tecnolog\u00eda, a inaugurarse, han tenido participaci\u00f3n dos hombres pertenecientes en los \u00faltimos a\u00f1os al espectro pol\u00edtico local.<\/div>\n<div><\/div>\n<div class=\"itemFullText\">\n<p>El mencionado medio digital menciona que la la obra ha sido<em> &#8220;un esfuerzo en conjunto&#8221;<\/em> de un hombre pol\u00edtico con larga trayectoria y en pasajes controversial en el \u00e1mbito local, provincial y nacional como Andr\u00e9s Aner, <em>&#8220;reconocido vecino y uno de los propietarios de la empresa recicladora y por parte de la gesti\u00f3n, encarnada en Guillermo Flores, quien desde un comienzo impuls\u00f3 el proyecto<\/em>&#8220;. Flores encumbrado funcionario municipal hasta la finalizaci\u00f3n de la gesti\u00f3n anterior encabezada por Adri\u00e1n S\u00e1nchez, a partir de la administraci\u00f3n iniciada por Diego Nanni al frente de la comuna, se alej\u00f3 del cargo clave que ejerc\u00eda para, al parecer m\u00e1s tarde, desempe\u00f1arse como asesor del ejecutivo municipal pero sin espacio fijado en el organigrama del municipio.<\/p>\n<p>Resultan m\u00e1s que evidentes los problemas y perjuicios a los vecinos, a su salud, a la calidad de vida y el consiguiente da\u00f1o al medio ambiente y hechos de inseguridad que se han originado desde hace demasiados a\u00f1os por el funcionamiento del conocido &#8220;basural&#8221;.<\/p>\n<p>Detalla el sitio Capilla Online que la maquinaria que comenzar\u00e1 a funcionar, la ha provisto la empresa argentina Zewan, con presencia por los sistemas implementados en otros pa\u00edses tambi\u00e9n. El equipo transformador de la basura, fue probado con un modelo a escala en Capilla del Se\u00f1or a principios del a\u00f1o 2013. En aquella ocasi\u00f3n, la maquinaria por su tama\u00f1o, pod\u00eda ser trasladada en una camioneta. Ahora bien con el transcurso del tiempo, ha evolucionado en t\u00e9cnica y mayores dimensiones. Su costo aproximado oscila los tres millones de d\u00f3lares, y su funcionamiento tambi\u00e9n permite reconvertir desechos no met\u00e1licos y puede convertirse en una herramienta para impulsar el potencial para crear una econom\u00eda m\u00e1s diversificada en el distrito, al utilizar el subproducto para fabricar una serie de productos b\u00e1sicos diferentes y necesarios, por ejemplo como ladrillos y tejas.<\/p>\n<p>La maquinaria instalada en el predio, con una capacidad de procesar hasta 100 toneladas por d\u00eda seg\u00fan la p\u00e1gina web de la empresa, no lo ocasionar\u00e1 erogaciones al municipio, dado que fue acordado entre la comuna y la empresa, un comodato por el t\u00e9rmino de 18 meses. Una vez cumplido ese per\u00edodo, la municipalidad tendr\u00e1 la opci\u00f3n de adquirirla o bien, restituirla a la empresa. Seg\u00fan Zewanhs.com, el &#8220;M\u00e9todo Natural de Reducci\u00f3n y Transformaci\u00f3n de Residuos&#8221;, consiste como detalla el portal mencionado, &#8220;e<em>n un tratamiento de desechos s\u00f3lidos urbanos, que no utiliza agregados qu\u00edmicos ni ning\u00fan tipo de combustible. Los desechos son reducidos hasta en un 75% de su volumen original, y hasta un 30% en peso, y transformados en una masa fibrosa, inerte, totalmente amigable con el medio ambiente, y sin olores.<\/em><\/p>\n<\/div>\n<p>&nbsp;<\/p>\n","protected":false},"excerpt":{"rendered":"<p>EN LA OBRA DE LA RECICLADORA DE RESIDUOS.<\/p>\n","protected":false},"author":3,"featured_media":6761,"comment_status":"open","ping_status":"open","sticky":false,"template":"","format":"standard","meta":{"footnotes":"","jetpack_publicize_message":"","jetpack_publicize_feature_enabled":true,"jetpack_social_post_already_shared":false,"jetpack_social_options":{"image_generator_settings":{"template":"highway","default_image_id":0,"font":"","enabled":false},"version":2}},"categories":[13],"tags":[921,919,920],"class_list":["post-6759","post","type-post","status-publish","format-standard","has-post-thumbnail","hentry","category-interes-general","tag-capilla-del-senor","tag-maquinaria","tag-recicladora-basura"],"jetpack_publicize_connections":[],"jetpack_featured_media_url":"https:\/\/revistaepocadigital.com.ar\/wp-content\/uploads\/2020\/09\/666.jpg","jetpack_likes_enabled":true,"_links":{"self":[{"href":"https:\/\/revistaepocadigital.com.ar\/index.php?rest_route=\/wp\/v2\/posts\/6759","targetHints":{"allow":["GET"]}}],"collection":[{"href":"https:\/\/revistaepocadigital.com.ar\/index.php?rest_route=\/wp\/v2\/posts"}],"about":[{"href":"https:\/\/revistaepocadigital.com.ar\/index.php?rest_route=\/wp\/v2\/types\/post"}],"author":[{"embeddable":true,"href":"https:\/\/revistaepocadigital.com.ar\/index.php?rest_route=\/wp\/v2\/users\/3"}],"replies":[{"embeddable":true,"href":"https:\/\/revistaepocadigital.com.ar\/index.php?rest_route=%2Fwp%2Fv2%2Fcomments&post=6759"}],"version-history":[{"count":0,"href":"https:\/\/revistaepocadigital.com.ar\/index.php?rest_route=\/wp\/v2\/posts\/6759\/revisions"}],"wp:featuredmedia":[{"embeddable":true,"href":"https:\/\/revistaepocadigital.com.ar\/index.php?rest_route=\/wp\/v2\/media\/6761"}],"wp:attachment":[{"href":"https:\/\/revistaepocadigital.com.ar\/index.php?rest_route=%2Fwp%2Fv2%2Fmedia&parent=6759"}],"wp:term":[{"taxonomy":"category","embeddable":true,"href":"https:\/\/revistaepocadigital.com.ar\/index.php?rest_route=%2Fwp%2Fv2%2Fcategories&post=6759"},{"taxonomy":"post_tag","embeddable":true,"href":"https:\/\/revistaepocadigital.com.ar\/index.php?rest_route=%2Fwp%2Fv2%2Ftags&post=6759"}],"curies":[{"name":"wp","href":"https:\/\/api.w.org\/{rel}","templated":true}]}}