{"id":6766,"date":"2020-09-24T22:41:38","date_gmt":"2020-09-25T01:41:38","guid":{"rendered":"https:\/\/revistaepocadigital.com.ar\/?p=6766"},"modified":"2020-09-24T22:41:38","modified_gmt":"2020-09-25T01:41:38","slug":"1a-galeria-de-arte-virtual-a-beneficio-del-pequeno-hogar-exaltacion","status":"publish","type":"post","link":"https:\/\/revistaepocadigital.com.ar\/?p=6766","title":{"rendered":"1\u00aa Galer\u00eda de Arte Virtual a beneficio del Peque\u00f1o Hogar Exaltaci\u00f3n"},"content":{"rendered":"<div dir=\"ltr\"><strong>SON TIEMPOS QUE HAY QUE REFORMULARSE, COMO SE NOTA.<\/strong><\/div>\n<p><!--more--><\/p>\n<div dir=\"ltr\">La pandemia ha obligado a adoptar nuevos h\u00e1bitos y otras formas de comunicarse, en el mundo, el pa\u00eds y desde ya, Exaltaci\u00f3n de la Cruz. En este caso, el ejemplo se vincula a artistas locales y el Peque\u00f1o Hogar Exaltaci\u00f3n.<\/div>\n<div dir=\"ltr\"><\/div>\n<div dir=\"ltr\">Obras de artistas de nuestro distrito, han conformado una galer\u00eda virtual con objetivos ben\u00e9ficos, a modo de recaudar fondos para el Peque\u00f1o Hogar, una de las instituciones m\u00e1s esforzadas y valoradas en nuestro distrito.<\/div>\n<div dir=\"ltr\"><\/div>\n<div dir=\"ltr\"><img loading=\"lazy\" decoding=\"async\" class=\"aligncenter size-full wp-image-6769\" src=\"https:\/\/revistaepocadigital.com.ar\/wp-content\/uploads\/2020\/09\/peq.jpg\" alt=\"\" width=\"552\" height=\"391\" srcset=\"https:\/\/revistaepocadigital.com.ar\/wp-content\/uploads\/2020\/09\/peq.jpg 552w, https:\/\/revistaepocadigital.com.ar\/wp-content\/uploads\/2020\/09\/peq-300x213.jpg 300w, https:\/\/revistaepocadigital.com.ar\/wp-content\/uploads\/2020\/09\/peq-100x70.jpg 100w\" sizes=\"auto, (max-width: 552px) 100vw, 552px\" \/><\/div>\n<div dir=\"ltr\"><\/div>\n<div dir=\"ltr\"><\/div>\n<div dir=\"ltr\"><em>Desde el Peque\u00f1o Hogar Exaltaci\u00f3n hicieron saber: &#8220;Queridos amigos, socios y vecinos; en esta oportunidad queremos contarles que gracias a la colaboraci\u00f3n de varios artistas, el Peque\u00f1o Hogar Exaltaci\u00f3n presenta la &#8220;1\u00b0 GALERIA DE ARTE VIRTUAL A BENEFICIO&#8221;.\u00a0 Al evento, lo &#8220;componen 45 obras, cuyo evento hemos bautizado &#8220;PINTANDO PARA NUESTROS NI\u00d1OS&#8221;,<\/em> apuntaron desde la instituci\u00f3n.<\/div>\n<div dir=\"ltr\"><\/div>\n<div dir=\"ltr\">\u00a0La iniciativa tiene como finalidad recaudar fondos para la instituci\u00f3n a trav\u00e9s de la venta de las obras. Cada una posee un monto base de donaci\u00f3n sugerido, establecido en funci\u00f3n de su tama\u00f1o, material, y t\u00e9cnica empleada por el artista. <em>&#8220;Recorre la muestra, eleg\u00ed la que mas te guste, contactate con nosotros y te decimos como seguir&#8230;, GRACIAS POR AYUDARNOS Y SER PARTE DE ESTA GRAN OBRA&#8221;.<\/em><\/div>\n<div dir=\"ltr\"><\/div>\n","protected":false},"excerpt":{"rendered":"<p>SON TIEMPOS QUE HAY QUE REFORMULARSE, COMO SE NOTA.<\/p>\n","protected":false},"author":3,"featured_media":6768,"comment_status":"open","ping_status":"open","sticky":false,"template":"","format":"standard","meta":{"footnotes":"","jetpack_publicize_message":"","jetpack_publicize_feature_enabled":true,"jetpack_social_post_already_shared":false,"jetpack_social_options":{"image_generator_settings":{"template":"highway","default_image_id":0,"font":"","enabled":false},"version":2}},"categories":[4],"tags":[922,267],"class_list":["post-6766","post","type-post","status-publish","format-standard","has-post-thumbnail","hentry","category-aqui-los-cardales","tag-expo-virtual","tag-pequeno-hogar-exaltacion"],"jetpack_publicize_connections":[],"jetpack_featured_media_url":"https:\/\/revistaepocadigital.com.ar\/wp-content\/uploads\/2020\/09\/peq-hog20.jpg","jetpack_likes_enabled":true,"_links":{"self":[{"href":"https:\/\/revistaepocadigital.com.ar\/index.php?rest_route=\/wp\/v2\/posts\/6766","targetHints":{"allow":["GET"]}}],"collection":[{"href":"https:\/\/revistaepocadigital.com.ar\/index.php?rest_route=\/wp\/v2\/posts"}],"about":[{"href":"https:\/\/revistaepocadigital.com.ar\/index.php?rest_route=\/wp\/v2\/types\/post"}],"author":[{"embeddable":true,"href":"https:\/\/revistaepocadigital.com.ar\/index.php?rest_route=\/wp\/v2\/users\/3"}],"replies":[{"embeddable":true,"href":"https:\/\/revistaepocadigital.com.ar\/index.php?rest_route=%2Fwp%2Fv2%2Fcomments&post=6766"}],"version-history":[{"count":0,"href":"https:\/\/revistaepocadigital.com.ar\/index.php?rest_route=\/wp\/v2\/posts\/6766\/revisions"}],"wp:featuredmedia":[{"embeddable":true,"href":"https:\/\/revistaepocadigital.com.ar\/index.php?rest_route=\/wp\/v2\/media\/6768"}],"wp:attachment":[{"href":"https:\/\/revistaepocadigital.com.ar\/index.php?rest_route=%2Fwp%2Fv2%2Fmedia&parent=6766"}],"wp:term":[{"taxonomy":"category","embeddable":true,"href":"https:\/\/revistaepocadigital.com.ar\/index.php?rest_route=%2Fwp%2Fv2%2Fcategories&post=6766"},{"taxonomy":"post_tag","embeddable":true,"href":"https:\/\/revistaepocadigital.com.ar\/index.php?rest_route=%2Fwp%2Fv2%2Ftags&post=6766"}],"curies":[{"name":"wp","href":"https:\/\/api.w.org\/{rel}","templated":true}]}}