{"id":6774,"date":"2020-09-24T23:34:59","date_gmt":"2020-09-25T02:34:59","guid":{"rendered":"https:\/\/revistaepocadigital.com.ar\/?p=6774"},"modified":"2020-09-24T23:34:59","modified_gmt":"2020-09-25T02:34:59","slug":"muestra-360-el-otono-y-sus-colores","status":"publish","type":"post","link":"https:\/\/revistaepocadigital.com.ar\/?p=6774","title":{"rendered":"Muestra 360\u00b0 &#8220;EL OTO\u00d1O Y SUS COLORES&#8221;"},"content":{"rendered":"<p><strong>VIRTUAL.<\/strong><!--more--><\/p>\n<p>La nueva muestra 360\u00b0 &#8220;EL OTO\u00d1O Y SUS COLORES&#8221; se denomina, la que re\u00fane las obras de los ganadores y de una selecci\u00f3n de las fotograf\u00edas presentadas por las familias que participaron de del concurso de Fotograf\u00eda Familiar.<br \/>\nLa actividad fue convocada por la Delegaci\u00f3n de Cultura de Parada Robles y coordinada por la Direcci\u00f3n de Cultura de la Municipalidad de Exaltaci\u00f3n de la Cruz.<br \/>\nLa cooperativa Cepral se hab\u00eda ofrecido a brindar su espacio CepralArte para una muestra presencial de los ganadores, pero dada la extensi\u00f3n del distanciamiento social preventivo y obligatorio se acord\u00f3 resolverlo mediante esta plataforma virtual.<br \/>\nLos ganadores (sin orden de m\u00e9rito) son:<br \/>\n1\u00b0 Luciana Leive &#8211; Parque Exaltaci\u00f3n<br \/>\n2\u00b0 Ana Noem\u00ed Garc\u00eda &#8211; Etchegoyen<br \/>\n3\u00b0 Julieta Escudero &#8211; El Zorzal<br \/>\n4\u00b0 Mar\u00eda In\u00e9s Fern\u00e1ndez &#8211; Parque Jular\u00f3.<br \/>\nMenci\u00f3n especial: Centro de D\u00eda &#8220;FUSEDIM&#8221; &#8211; Parada Robles.<\/p>\n<p>Se hizo p\u00fablico el agradecimiento al jurado compuesto por Carolina Gavotti, Maky Traversa, Fran Schroeder y Sergio Iglesias, quienes tuvieron la gran responsabilidad de seleccionar a las fotograf\u00edas ganadoras del concurso. Tambi\u00e9n, se agradeci\u00f3 en especial a Horacio Dominguez Viturro, por el arte y la realizaci\u00f3n de esta nueva exposici\u00f3n virtual.<\/p>\n<p>El link de la muestra::<br \/>\nhttp:\/\/themartrix.com\/otono.html<\/p>\n","protected":false},"excerpt":{"rendered":"<p>VIRTUAL.<\/p>\n","protected":false},"author":3,"featured_media":6776,"comment_status":"open","ping_status":"open","sticky":false,"template":"","format":"standard","meta":{"footnotes":"","jetpack_publicize_message":"","jetpack_publicize_feature_enabled":true,"jetpack_social_post_already_shared":false,"jetpack_social_options":{"image_generator_settings":{"template":"highway","default_image_id":0,"font":"","enabled":false},"version":2}},"categories":[5],"tags":[923,898],"class_list":["post-6774","post","type-post","status-publish","format-standard","has-post-thumbnail","hentry","category-aqui-parada-robles","tag-expo","tag-virtual"],"jetpack_publicize_connections":[],"jetpack_featured_media_url":"https:\/\/revistaepocadigital.com.ar\/wp-content\/uploads\/2020\/09\/mues.jpg","jetpack_likes_enabled":true,"_links":{"self":[{"href":"https:\/\/revistaepocadigital.com.ar\/index.php?rest_route=\/wp\/v2\/posts\/6774","targetHints":{"allow":["GET"]}}],"collection":[{"href":"https:\/\/revistaepocadigital.com.ar\/index.php?rest_route=\/wp\/v2\/posts"}],"about":[{"href":"https:\/\/revistaepocadigital.com.ar\/index.php?rest_route=\/wp\/v2\/types\/post"}],"author":[{"embeddable":true,"href":"https:\/\/revistaepocadigital.com.ar\/index.php?rest_route=\/wp\/v2\/users\/3"}],"replies":[{"embeddable":true,"href":"https:\/\/revistaepocadigital.com.ar\/index.php?rest_route=%2Fwp%2Fv2%2Fcomments&post=6774"}],"version-history":[{"count":0,"href":"https:\/\/revistaepocadigital.com.ar\/index.php?rest_route=\/wp\/v2\/posts\/6774\/revisions"}],"wp:featuredmedia":[{"embeddable":true,"href":"https:\/\/revistaepocadigital.com.ar\/index.php?rest_route=\/wp\/v2\/media\/6776"}],"wp:attachment":[{"href":"https:\/\/revistaepocadigital.com.ar\/index.php?rest_route=%2Fwp%2Fv2%2Fmedia&parent=6774"}],"wp:term":[{"taxonomy":"category","embeddable":true,"href":"https:\/\/revistaepocadigital.com.ar\/index.php?rest_route=%2Fwp%2Fv2%2Fcategories&post=6774"},{"taxonomy":"post_tag","embeddable":true,"href":"https:\/\/revistaepocadigital.com.ar\/index.php?rest_route=%2Fwp%2Fv2%2Ftags&post=6774"}],"curies":[{"name":"wp","href":"https:\/\/api.w.org\/{rel}","templated":true}]}}