{"id":6787,"date":"2020-09-25T00:09:36","date_gmt":"2020-09-25T03:09:36","guid":{"rendered":"https:\/\/revistaepocadigital.com.ar\/?p=6787"},"modified":"2020-09-25T00:18:09","modified_gmt":"2020-09-25T03:18:09","slug":"el-diputeta-al-gran-pueblo-argentino-salud","status":"publish","type":"post","link":"https:\/\/revistaepocadigital.com.ar\/?p=6787","title":{"rendered":"El diputeta, al gran pueblo argentino \u00a1salud!"},"content":{"rendered":"<p><strong>EL ESC\u00c1NDALO, REPERCUSI\u00d3N EN EL MUNDO. BINGO.<\/strong><!--more--><\/p>\n<h5 class=\"article__title bold\">La pol\u00e9mica defensa de In\u00e9s Est\u00e9vez al diputado Juan Ameri tras el pornozoom\u201d en plena sesi\u00f3n. La\u00a0actriz le quiso bajar el tono al esc\u00e1ndalo protagonizado por el legislador del Frente de Todos y opin\u00f3 en Twitter.<\/h5>\n<div class=\"article__byline margin_top margin_bottom flex\">\n<div class=\"flex flex-column\"><\/div>\n<\/div>\n<div class=\"article__lead-art article__lead-art-photo\">\n<p><img decoding=\"async\" class=\"width_full article__lead-art-photo\" src=\"https:\/\/artear-tn-prod.cdn.arcpublishing.com\/resizer\/VlbvJwVHzm1NGOH8RPWuFGedIVg=\/150x0\/smart\/cloudfront-us-east-1.images.arcpublishing.com\/artear\/PLO2LZI2CFCGHH4DSUDQZQFSRM.jpg\" srcset=\"https:\/\/artear-tn-prod.cdn.arcpublishing.com\/resizer\/UK9rAnGvzeatHkmwExkKv2cCzRI=\/767x0\/smart\/cloudfront-us-east-1.images.arcpublishing.com\/artear\/PLO2LZI2CFCGHH4DSUDQZQFSRM.jpg 767w, https:\/\/artear-tn-prod.cdn.arcpublishing.com\/resizer\/mx6KMBGAhY24kaJy_C7nGlQu6p8=\/1023x0\/smart\/cloudfront-us-east-1.images.arcpublishing.com\/artear\/PLO2LZI2CFCGHH4DSUDQZQFSRM.jpg 1023w, https:\/\/artear-tn-prod.cdn.arcpublishing.com\/resizer\/ciJQgjbXIWervI7Vi7G6MBbI7yk=\/1440x0\/smart\/cloudfront-us-east-1.images.arcpublishing.com\/artear\/PLO2LZI2CFCGHH4DSUDQZQFSRM.jpg 1365w\" \/><\/p>\n<div class=\"article__lead-art-caption\">La actriz se refiri\u00f3 al esc\u00e1ndalo del diputado del Frente de Todos. (Foto: Instagram\/@inesestevezin- Twitter\/@JuanEmilioAmeri)<\/div>\n<div><\/div>\n<div class=\"article__lead-art-caption\">\u00b7<\/div>\n<\/div>\n<div class=\"article__body color-show\">\n<p class=\"paragraph\">Sin dudas el esc\u00e1ndalo del<a href=\"https:\/\/tn.com.ar\/politica\/el-diputado-juan-emilio-ameri-manoseo-a-una-mujer-en-plena-sesion-virtual-y-quedo-grabado\/2020\/09\/24\/J4J5SSKF4ZFPJM4Z7SXK64XA7M_story\/\" target=\"_blank\" rel=\"noopener noreferrer\">\u00a0diputado Juan Emilio Ameri<\/a>, que protagoniz\u00f3 una escena de sexo en plena sesi\u00f3n virtual, fue el tema del d\u00eda (24\/9). El hecho gener\u00f3 todo tipo de cr\u00edticas y hasta memes en redes sociales. Sin embargo, hubo quienes minimizaron el tema. La actriz<b>\u00a0<\/b><a href=\"https:\/\/tn.com.ar\/show\/basicas\/el-mensaje-de-ines-estevez-su-hija-vida-nacio-como-pudo-y-vivira-como-quiera_1041146\/\" target=\"_blank\" rel=\"noopener noreferrer\"><b>In\u00e9s Est\u00e9vez<\/b>\u00a0<\/a>fue una de ellas y mediante su cuenta de Twitter defendi\u00f3 al legislador.<\/p>\n<p class=\"interstitial--link margin_top-md margin_bottom-md\"><a class=\"text_align_left italic semi_bold margin-auto\" href=\"https:\/\/tn.com.ar\/politica\/suspendieron-al-diputado-que-tuvo-sexo-en-medio-de-la-sesion-virtual\/2020\/09\/24\/JJOEB5FBJZANNE6R2FHWPHVRNY_story\/\">l<\/a>\u201cTanto diputado durmiendo en sesiones y le arman un esc\u00e1ndalo al que cog&#8230;\u201d, escribi\u00f3 Est\u00e9vez en la red social del pajarito.<\/p>\n<figure class=\"flex flex_column margin_bottom image \">\n<div class=\"block overflow_hidden relative width_full image_placeholder\"><img loading=\"lazy\" decoding=\"async\" src=\"https:\/\/artear-tn-prod.cdn.arcpublishing.com\/resizer\/uwjF_KHEmMHxvZP6asCTuSvOVvY=\/150x0\/smart\/cloudfront-us-east-1.images.arcpublishing.com\/artear\/ALFY6ZRTKNHZFE34UFSH32ATSE.jpg\" srcset=\"https:\/\/artear-tn-prod.cdn.arcpublishing.com\/resizer\/zY-KGXh7ipnjtCWE6QCpuOHUEu8=\/767x0\/smart\/cloudfront-us-east-1.images.arcpublishing.com\/artear\/ALFY6ZRTKNHZFE34UFSH32ATSE.jpg 767w, https:\/\/artear-tn-prod.cdn.arcpublishing.com\/resizer\/mgftmpXUoT-DLq514SEEw5vgCcQ=\/1023x0\/smart\/cloudfront-us-east-1.images.arcpublishing.com\/artear\/ALFY6ZRTKNHZFE34UFSH32ATSE.jpg 1023w, https:\/\/artear-tn-prod.cdn.arcpublishing.com\/resizer\/unxkGV9QGJB0L6XCPc0j8tR0nIA=\/1440x0\/smart\/cloudfront-us-east-1.images.arcpublishing.com\/artear\/ALFY6ZRTKNHZFE34UFSH32ATSE.jpg 1365w\" alt=\"La actriz justific\u00f3 lo ocurrido con el diputado Juan Ameri. (Foto: Captura Twitter\/InesEstevez)\" width=\"1300\" height=\"600\" \/><\/div><figcaption class=\"flex flex_column margin_top-xxs caption_image\">La actriz justific\u00f3 lo ocurrido con el diputado Juan Ameri. (Foto: Captura Twitter\/InesEstevez)<\/figcaption>.<a href=\"https:\/\/tn.com.ar\/show\/como-fue-la-insolita-propuesta-de-casamiento-que-recibio-luciana-salazar\/2020\/09\/17\/ULBXDKWQPJACTJ4MPR6CEGSRAA_story\/\" target=\"_blank\" rel=\"noopener noreferrer\"><b>\u00a0Luciana Salazar\u00a0<\/b><\/a>tambi\u00e9n acudi\u00f3 a las redes para expresarse, pero en su caso, molesta por la situaci\u00f3n.<\/figure>\n<figure class=\"flex flex_column margin_bottom image \">\n<div class=\"block overflow_hidden relative width_full image_placeholder\"><img loading=\"lazy\" decoding=\"async\" src=\"https:\/\/artear-tn-prod.cdn.arcpublishing.com\/resizer\/rk5bT18ii0ppwjG_WgmMjzBXEJo=\/150x0\/smart\/cloudfront-us-east-1.images.arcpublishing.com\/artear\/D554FUEY4FGWPMO252RUOW373I.jpg\" srcset=\"https:\/\/artear-tn-prod.cdn.arcpublishing.com\/resizer\/MBrA4AbMQfsnlk87Q47BBLWYatE=\/767x0\/smart\/cloudfront-us-east-1.images.arcpublishing.com\/artear\/D554FUEY4FGWPMO252RUOW373I.jpg 767w, https:\/\/artear-tn-prod.cdn.arcpublishing.com\/resizer\/oYhrO2YJZSL4INqW6o43Tpw-Eog=\/1023x0\/smart\/cloudfront-us-east-1.images.arcpublishing.com\/artear\/D554FUEY4FGWPMO252RUOW373I.jpg 1023w, https:\/\/artear-tn-prod.cdn.arcpublishing.com\/resizer\/trePolXUbFT0AI4aEUHqTpCabyA=\/1440x0\/smart\/cloudfront-us-east-1.images.arcpublishing.com\/artear\/D554FUEY4FGWPMO252RUOW373I.jpg 1365w\" alt=\"Luciana Salazar tambi\u00e9n opin\u00f3 del esc\u00e1ndalo de Juan Ameri. (Foto: Captura Twitter\/@lulipop07)\" width=\"1300\" height=\"700\" \/><\/div><figcaption class=\"flex flex_column margin_top-xxs caption_image\"><\/figcaption><\/figure>\n<p>&nbsp;<\/p>\n<p>Luciana Salazar tambi\u00e9n opin\u00f3 del esc\u00e1ndalo de Juan Ameri.<\/p>\n<p class=\"paragraph\">\u201cMientras la gente espera soluciones desde la pol\u00edtica, en medio de una de la peores crisis de nuestra historia, un diputado en una situaci\u00f3n sexual en medio de una sesi\u00f3n en el congreso.<b>\u00a0No es gracioso, es indignante<\/b>. Que tristeza nuestra clase pol\u00edtica. Verg\u00fcenza\u201d, precis\u00f3.<\/p>\n<h3 class=\"font--primary\">\u2018Pornozoom\u2019<\/h3>\n<p class=\"paragraph\">Mientras tomaba la palabra el presidente de la comisi\u00f3n de Presupuesto y Hacienda,\u00a0<b>Carlos Heller<\/b>, para introducir el debate en torno al proyecto sobre la Defensa de los Activos del Fondo de Garant\u00eda de Sustentabilidad de ANSES, pudo verse en c\u00e1mara c\u00f3mo de forma p\u00fablica\u00a0<b>Ameri manoseaba a una mujer sentada en su regazo<\/b> y la besaba sus pechos.<\/p>\n<div class=\"genoa_video raw relative\">\n<div class=\"aspect_ratio__container\">\n<div>\n<div class=\"genoa-embed-content-984676\">\n<div class=\"videojs vjs-fluid\">\n<div class=\"video-inner-container\">\n<div id=\"content-984676\" class=\"video-js vjs-big-play-centered vjs-paused vjs-fluid content-984676-dimensions vjs-controls-enabled vjs-workinghover vjs-v7 vjs-user-active\" lang=\"es\" tabindex=\"-1\" role=\"region\" aria-label=\"Video Player\">\n<p>Frente a esto el presidente de la C\u00e1mara de Diputados, <b>Sergio Massa<\/b>, interrumpi\u00f3 el debate del proyecto y pidi\u00f3 la aplicaci\u00f3n del art\u00edculo 118 para la \u201csuspensi\u00f3n inmediata\u201d del legislador, al que le recrimin\u00f3 por exhibir \u201cconducta inapropiada con el decoro que debe tener una sesi\u00f3n\u201d.<\/p>\n<\/div>\n<\/div>\n<\/div>\n<\/div>\n<\/div>\n<\/div>\n<\/div>\n<p class=\"paragraph\">\u201cEn estos meses hemos convivido con situaciones donde hemos convivido con alg\u00fan diputado que se quedaba dormido o que se tapaba mientras estaba en su casa,\u00a0<b>pero hoy hemos vivido una situaci\u00f3n que supera las reglas de convivencia<\/b>\u00a0y de normal funcionamiento de esta casa\u201d, indic\u00f3 el tigrense.<\/p>\n<figure class=\"flex flex_column margin_bottom image \">\n<div class=\"block overflow_hidden relative width_full image_placeholder\"><img loading=\"lazy\" decoding=\"async\" src=\"https:\/\/artear-tn-prod.cdn.arcpublishing.com\/resizer\/f4IYRXSbURvDIZuAqqzSfrcWjys=\/150x0\/smart\/cloudfront-us-east-1.images.arcpublishing.com\/artear\/IC2ZMNFXEVF4BCPW3UIDWCOMWM.jpg\" srcset=\"https:\/\/artear-tn-prod.cdn.arcpublishing.com\/resizer\/YBIsP_LgPuCJok2kHBMw_AnSPEs=\/767x0\/smart\/cloudfront-us-east-1.images.arcpublishing.com\/artear\/IC2ZMNFXEVF4BCPW3UIDWCOMWM.jpg 767w, https:\/\/artear-tn-prod.cdn.arcpublishing.com\/resizer\/754TNoqzpFKeOKoxHRSMpsicJbg=\/1023x0\/smart\/cloudfront-us-east-1.images.arcpublishing.com\/artear\/IC2ZMNFXEVF4BCPW3UIDWCOMWM.jpg 1023w, https:\/\/artear-tn-prod.cdn.arcpublishing.com\/resizer\/NEf6K2eCkc3u9mIUJ4WUTuulGBs=\/1440x0\/smart\/cloudfront-us-east-1.images.arcpublishing.com\/artear\/IC2ZMNFXEVF4BCPW3UIDWCOMWM.jpg 1365w\" alt=\"\" width=\"1500\" height=\"1500\" \/><\/div>\n<\/figure>\n<h3 class=\"font--primary\">La palabra de Ameri<\/h3>\n<p class=\"paragraph\">En di\u00e1logo con\u00a0<i>TN<\/i>, el diputado habl\u00f3 de lo ocurrido: \u201cAc\u00e1 en mi casa tengo una se\u00f1al espantosa que va y viene. Estaba desconectado sin c\u00e1mara, sin conexi\u00f3n. Lleg\u00f3 mi pareja, le pregunt\u00e9 c\u00f3mo hab\u00edan quedado las pr\u00f3tesis de la operaci\u00f3n, , estaba al lado m\u00edo\u00a0<b>y le di un beso en las tetas<\/b>, eso es todo. No pas\u00f3 de eso\u201d, argument\u00f3.<\/p>\n<p class=\"paragraph\">ue algo que uno hace adrede, fue un accidente producto de las malas conexiones tecnol\u00f3gicas. Igualmente, es un error m\u00edo porque est\u00e1bamos sesionando y yo, <b>como se hab\u00eda ca\u00eddo la sesi\u00f3n, me puse a conversar con mi pareja<\/b>\u201d, agreg\u00f3.<\/p>\n<figure class=\"flex flex_column margin_bottom image \">\n<div class=\"block overflow_hidden relative width_full image_placeholder\"><img loading=\"lazy\" decoding=\"async\" src=\"https:\/\/artear-tn-prod.cdn.arcpublishing.com\/resizer\/CPDHBxA8ZMt8lVB6vt_tyolgPl8=\/150x0\/smart\/cloudfront-us-east-1.images.arcpublishing.com\/artear\/NJMQ2ZITCZEA5OPZFB6M2EVTC4.jpg\" srcset=\"https:\/\/artear-tn-prod.cdn.arcpublishing.com\/resizer\/3upM7dYrSpsViZ61uFYWfFpjAO4=\/767x0\/smart\/cloudfront-us-east-1.images.arcpublishing.com\/artear\/NJMQ2ZITCZEA5OPZFB6M2EVTC4.jpg 767w, https:\/\/artear-tn-prod.cdn.arcpublishing.com\/resizer\/T7upJyjTt4xi9weJQ3F05MnlMBw=\/1023x0\/smart\/cloudfront-us-east-1.images.arcpublishing.com\/artear\/NJMQ2ZITCZEA5OPZFB6M2EVTC4.jpg 1023w, https:\/\/artear-tn-prod.cdn.arcpublishing.com\/resizer\/OLqun6_bRkOSR2GPkivQdr5Y98k=\/1440x0\/smart\/cloudfront-us-east-1.images.arcpublishing.com\/artear\/NJMQ2ZITCZEA5OPZFB6M2EVTC4.jpg 1365w\" alt=\"Juan Emilio Ameri tiene 47 a\u00f1os y es padre de tres hijos. \" width=\"1366\" height=\"765\" \/><\/div><figcaption class=\"flex flex_column margin_top-xxs caption_image\">Juan Emilio Ameri tiene 47 a\u00f1os y es padre de tres hijos.<\/figcaption><\/figure>\n<p>&nbsp;<\/p>\n<p class=\"paragraph\">Entre l\u00e1grimas, manifest\u00f3: \u201c<b>La verdad es que estoy muy avergonzado<\/b>, mi pareja est\u00e1 muy mal, esto nos afecta de manera personal pero tambi\u00e9n a todo nuestro entorno\u201d.<\/p>\n<p class=\"paragraph\">Por \u00faltimo adelant\u00f3 que no va a renunciar a su banca aunque aclar\u00f3: \u201cVoy a esperar que mis pares decidan en comisi\u00f3n y ya ver\u00e9 cu\u00e1les son los pasos a seguir. Si mis compa\u00f1eros consideran que est\u00e1 todo dado para que me expulsen,\u00a0<b>yo acatar\u00e9 la decisi\u00f3n, no tengo ning\u00fan problema<\/b>\u201d.<\/p>\n<p class=\"paragraph\"><a href=\"https:\/\/tn.com.ar\/politica\/quien-es-juan-emilio-ameri-el-diputado-que-protagonizo-el-pornozoom-en-plena-sesion\/2020\/09\/24\/DVWA66AH6BFP3DBXWS5E7ZKHWE_story\/\" target=\"_blank\" rel=\"noopener noreferrer\">Ameri, de 47 a\u00f1os, est\u00e1 en pareja y tiene tres hijos<\/a>. Tuvo denuncias p\u00fablicas en su contra por \u201cpedir favores sexuales\u201d a militantes de su mismo espacio pol\u00edtico. Tras el episodio de este jueves,\u00a0<b>fue suspendido por 180 d\u00edas\u00a0<\/b>y ahora una comisi\u00f3n de cinco legisladores evaluar\u00e1 lo sucedido para aconsejarle a la C\u00e1mara de Diputados c\u00f3mo proceder.<\/p>\n<\/div>\n<p>Nota publicada en TN.com.ar<\/p>\n<p>Foto portada: gentileza Infobae.<\/p>\n","protected":false},"excerpt":{"rendered":"<p>EL ESC\u00c1NDALO, REPERCUSI\u00d3N EN EL MUNDO. BINGO.<\/p>\n","protected":false},"author":4,"featured_media":6788,"comment_status":"open","ping_status":"open","sticky":false,"template":"","format":"standard","meta":{"footnotes":"","jetpack_publicize_message":"","jetpack_publicize_feature_enabled":true,"jetpack_social_post_already_shared":false,"jetpack_social_options":{"image_generator_settings":{"template":"highway","default_image_id":0,"font":"","enabled":false},"version":2}},"categories":[17],"tags":[925,924,926],"class_list":["post-6787","post","type-post","status-publish","format-standard","has-post-thumbnail","hentry","category-politica","tag-diputado","tag-escandalo","tag-sexo"],"jetpack_publicize_connections":[],"jetpack_featured_media_url":"https:\/\/revistaepocadigital.com.ar\/wp-content\/uploads\/2020\/09\/AMERI-DIPU-INFOBAE.jpg","jetpack_likes_enabled":true,"_links":{"self":[{"href":"https:\/\/revistaepocadigital.com.ar\/index.php?rest_route=\/wp\/v2\/posts\/6787","targetHints":{"allow":["GET"]}}],"collection":[{"href":"https:\/\/revistaepocadigital.com.ar\/index.php?rest_route=\/wp\/v2\/posts"}],"about":[{"href":"https:\/\/revistaepocadigital.com.ar\/index.php?rest_route=\/wp\/v2\/types\/post"}],"author":[{"embeddable":true,"href":"https:\/\/revistaepocadigital.com.ar\/index.php?rest_route=\/wp\/v2\/users\/4"}],"replies":[{"embeddable":true,"href":"https:\/\/revistaepocadigital.com.ar\/index.php?rest_route=%2Fwp%2Fv2%2Fcomments&post=6787"}],"version-history":[{"count":0,"href":"https:\/\/revistaepocadigital.com.ar\/index.php?rest_route=\/wp\/v2\/posts\/6787\/revisions"}],"wp:featuredmedia":[{"embeddable":true,"href":"https:\/\/revistaepocadigital.com.ar\/index.php?rest_route=\/wp\/v2\/media\/6788"}],"wp:attachment":[{"href":"https:\/\/revistaepocadigital.com.ar\/index.php?rest_route=%2Fwp%2Fv2%2Fmedia&parent=6787"}],"wp:term":[{"taxonomy":"category","embeddable":true,"href":"https:\/\/revistaepocadigital.com.ar\/index.php?rest_route=%2Fwp%2Fv2%2Fcategories&post=6787"},{"taxonomy":"post_tag","embeddable":true,"href":"https:\/\/revistaepocadigital.com.ar\/index.php?rest_route=%2Fwp%2Fv2%2Ftags&post=6787"}],"curies":[{"name":"wp","href":"https:\/\/api.w.org\/{rel}","templated":true}]}}