{"id":6791,"date":"2020-09-25T09:43:12","date_gmt":"2020-09-25T12:43:12","guid":{"rendered":"https:\/\/revistaepocadigital.com.ar\/?p=6791"},"modified":"2020-09-25T09:43:12","modified_gmt":"2020-09-25T12:43:12","slug":"el-dilema-de-las-redes-una-pelicula-que-arrasa","status":"publish","type":"post","link":"https:\/\/revistaepocadigital.com.ar\/?p=6791","title":{"rendered":"&#8216;El dilema de las redes&#8217;, una pel\u00edcula que arrasa"},"content":{"rendered":"<header id=\"Header\">\n<div id=\"applet_p_50000372\" class=\"headertdv2wafer wafer-rapid-module wafer-rapid-tracked\" data-applet-guid=\"p_50000372\" data-applet-type=\"headertdv2wafer\" data-applet-params=\"_suid:50000372\" data-i13n=\"auto:true;sec:hd;useViewability:true\" data-i13n-sec=\"hd\" data-ylk=\"rspns:nav;t1:a1;t2:hd;itc:0;\">\n<div id=\"header-wrapper\" class=\"Bgc(#fff) Bdbc(t) Bdbs(s) Bdbw(1px) D(tb) Pos(f) Tbl(f) W(100%) Z(4) has-scrolled_Bdc($c-fuji-grey-d) Scrolling_Bdc($c-fuji-grey-d) has-scrolled_Bxsh($headerShadow) Scrolling_Bxsh($headerShadow) \">\n<div class=\"Bgc(#fff) M(a) Maw(1301px) Miw(1000px) Pb(12px) Pt(22px) Pos(r) TranslateZ(0) Z(6)\"><\/div>\n<\/div>\n<\/div>\n<\/header>\n<div id=\"Masterwrap\" aria-hidden=\"true\">\n<div id=\"Page\" class=\"twelve-col\">\n<div id=\"applet_p_50000313\" class=\"ntktdv2 wafer-rapid-module \" data-applet-guid=\"p_50000313\" data-applet-type=\"ntktdv2\" data-applet-params=\"_suid:50000313\" data-i13n=\"auto:true;sec:strm;useViewability:true\" data-i13n-sec=\"strm\">\n<div class=\"tdv2-wafer-ntk-desktop js-stream-item-wrap Pos(r)\" data-yaft-module=\"stream_item_1\">\n<div class=\"ntk-filmstrip Ov(h) Mb(5px) Z(1)\">\n<ul class=\"Whs(nw) Mt(9px) Mend(-9px) Lts(-3em)\">\n<li class=\"ntk-item W(1\/5) Whs(n) Va(t) D(ib) Lts(0) Bdend(none) Pos(r)\" data-type=\"1\">\n<div class=\"userintent-hidestrmitem_D(n) Py(12px) Pos(r) Cf\"><\/div>\n<\/li>\n<\/ul>\n<\/div>\n<\/div>\n<\/div>\n<div id=\"applet_p_50000314\" class=\"alternatenewsstream wafer-rapid-module Py(10px) wafer-rapid-tracked\" data-applet-guid=\"p_50000314\" data-applet-type=\"alternatenewsstream\" data-applet-params=\"_suid:50000314\" data-i13n=\"auto:true;sec:strm;useViewability:true\" data-i13n-sec=\"strm\"><\/div>\n<\/div>\n<\/div>\n<aside id=\"Aside\" class=\"sticky-active\" tabindex=\"-1\" role=\"complementary\">\n<div class=\"aside-sticky\">\n<div class=\"aside-sticky-col\">\n<div id=\"applet_p_50000353\" class=\"weatherPreviewtdv2 wafer-rapid-module \" data-applet-guid=\"p_50000353\" data-applet-type=\"weatherPreviewtdv2\" data-applet-params=\"_suid:50000353\" data-i13n=\"auto:true;sec:weather;useViewability:true\" data-i13n-sec=\"weather\">\n<div>\n<div class=\"weather-card Pos(r) Mb(30px)\">\n<div class=\"weather-card-content Pos(r)\">\n<div class=\"Ai(c) D(f) Jc(sb) Fz(13px) Py(0) Px(0)\">\n<div class=\"D(f) Ai(c) Fld(c)\">\n<div class=\"Fz(0.9em)\"><strong>LLEVA SEMANAS COMO UNA DE LAS M\u00c1S VISTAS EN NETFLIX<\/strong>.<!--more--> El fen\u00f3meno de las redes sociales, la adicci\u00f3n que genera y el uso del tel\u00e9fono celular. La nota publicada en yahoo:<\/div>\n<div><\/div>\n<\/div>\n<\/div>\n<\/div>\n<\/div>\n<\/div>\n<\/div>\n<div class=\"Mx(a) W(1050px)\">\n<div class=\"viewer-wrapper Px(40px) Pt(25px) Bxsh($viewerShadow) Bdrs(6px) Cur(d)\">\n<div class=\"Pb(20px) Pos(r) H(100%) D(f) Flw(w) Jc(sb) Ai(fs)\">\n<div id=\"content-articles-wrapper\" class=\"content-col-wrapper Mih(750px) W($modalWidth)\">\n<div class=\"content-col\">\n<div id=\"mainArticle\" class=\"wafer-caas Mb(40px) wafer-caas-complete\" data-comments-id=\"mainArticleIdComments\" data-wf-caas-timeout=\"1000\" data-wf-caas-trigger=\"stateChange\" data-wf-caas-wrapper=\"content-articles-wrapper\" data-wf-state-caas-category-label=\"[state.viewerMainArticleCategoryLabel]\" data-wf-state-caas-collapsed=\"[state.viewerMainArticleCollapsed]\" data-wf-state-caas-uuid=\"[state.viewerMainArticleId]\" data-yaft-module=\"homepage-viewer-main-article\">\n<div id=\"caas-art-d2fa25b8-3b52-308f-8e35-f4e6976097d3\" class=\"caas caas-cc contentFeedbackEnabled enableSlideShowKV enableVideoDocking enableAdFeedbackV2 ncp frontpage caas-click-attached\" data-assets=\"[]\" data-cobrandname=\"\" data-device=\"desktop\" data-i18n=\"{&quot;{0} min read&quot;:&quot;{0} \u00a0min de lectura&quot;,&quot;{0} mins read&quot;:&quot;{0} \u00a0min de lectura&quot;,&quot;{0} Views&quot;:&quot;{0} visitas&quot;,&quot;360_TITLE&quot;:&quot;Los 360&quot;,&quot;Ad&quot;:&quot;Anuncio&quot;,&quot;AND&quot;:&quot;y &quot;,&quot;AR_INLINE_FALLBACK&quot;:&quot;\u00a1Esta historia cuenta con realidad aumentada! Toca el video anterior para ver c\u00f3mo se ve y descarga la \\u003Ca href=\\&quot;https:\\u002F\\u002Fitunes.apple.com\\u002Fus\\u002Fapp\\u002Fyahoo-news-live-breaking-news\\u002Fid304158842?mt=8\\&quot;\\u003Eaplicaci\u00f3n de Yahoo Noticias\\u003C\\u002Fa\\u003E para desplegar toda la experiencia. La realidad aumentada est\u00e1 disponible actualmente para usuarios de iPhone (iPhone 8 y m\u00e1s recientes) que cuenten con la versi\u00f3n m\u00e1s reciente de iOS.&quot;,&quot;AR_INTRO_LINK&quot;:&quot;Lee m\u00e1s acerca de c\u00f3mo funciona aqu\u00ed.&quot;,&quot;AR_INTRO&quot;:&quot;Yahoo Noticias ahora cuenta con realidad aumentada, un formato de narraci\u00f3n inmersivo que brinda nuevas y diferentes posibilidades para nuestra forma de divulgar informaci\u00f3n. Experim\u00e9ntalo a continuaci\u00f3n.&quot;,&quot;AR_TITLE_MODEL_VIEWER&quot;:&quot;Tap to see in your space &amp;rarr;&quot;,&quot;CLOSE&quot;:&quot;Cerrar&quot;,&quot;COLLAPSE&quot;:&quot;Contraer&quot;,&quot;COMMENTS&quot;:&quot;Comentarios&quot;,&quot;CONTINUE_READING&quot;:&quot;Continuar leyendo&quot;,&quot;EMAIL&quot;:&quot;Correo electr\u00f3nico&quot;,&quot;ENGADGET_DISCLAIMER&quot;:&quot;Todos los productos que Engadget recomienda son seleccionados por nuestro equipo editorial, que es independiente de nuestra empresa matriz. Algunas de nuestras historias incluyen enlaces de empresas afiliadas. Si compras algo a trav\u00e9s de esos enlaces, es posible que nosotros ganemos una comisi\u00f3n de esa empresa afiliada.&quot;,&quot;FACT_CHECK&quot;:&quot;Revisi\u00f3n de la informaci\u00f3n&quot;,&quot;FOLLOW&quot;:&quot;Seguir&quot;,&quot;GET_APP&quot;:&quot;Descargar la apl.&quot;,&quot;GRAPHIQ&quot;:&quot;Visualizaciones de Graphiq&quot;,&quot;IN_THIS_ARTICLE&quot;:&quot;En este art\u00edculo&quot;,&quot;LESS&quot;:&quot;Menos&quot;,&quot;MORE&quot;:&quot;M\u00e1s&quot;,&quot;NEWS_APP_PROMOTION_CAPTION&quot;:&quot;Mantente informado d\u00e1ndole un vistazo a las 10 noticias m\u00e1s importantes del d\u00eda&quot;,&quot;NEWS_APP_PROMOTION_HEADLINE&quot;:&quot;Yahoo Noticias es mejor con la apl.&quot;,&quot;PHOTOS&quot;:&quot;Fotos&quot;,&quot;PIN_IT&quot;:&quot;Guardar&quot;,&quot;REACTIONS&quot;:&quot;Reacciones&quot;,&quot;READ_FULL_ARTICLE&quot;:&quot;Leer todo el art\u00edculo&quot;,&quot;READ_MORE&quot;:&quot;Leer m\u00e1s&quot;,&quot;Scroll to continue with content&quot;:&quot;Despl\u00e1zate para continuar viendo el contenido.&quot;,&quot;SEE_GALLERY&quot;:&quot;Ver galer\u00eda&quot;,&quot;SHARE_FACEBOOK&quot;:&quot;Compartir en Facebook&quot;,&quot;SHARE_LINKEDIN&quot;:&quot;Compartir en LinkedIn&quot;,&quot;SHARE_REDDIT&quot;:&quot;Compartir en Reddit&quot;,&quot;SHARE_LINE&quot;:&quot;Compartir en Line&quot;,&quot;SHARE_WHATSAPP&quot;:&quot;Compartir en WhatsApp&quot;,&quot;SHARE&quot;:&quot;Compartir&quot;,&quot;SHARES&quot;:&quot;Veces compartido&quot;,&quot;STORY_CONTINUES&quot;:&quot;Continuar leyendo la historia&quot;,&quot;TAGS&quot;:&quot;Etiquetas&quot;,&quot;TWEET&quot;:&quot;Tuit &quot;,&quot;UNFOLLOW&quot;:&quot;Dejar de seguir&quot;,&quot;VIDEO_TITLE&quot;:&quot; [Video]&quot;,&quot;VIDEO_TRANSCRIPT&quot;:&quot;Transcripci\u00f3n del video&quot;,&quot;VIEW_AR_IMAGE&quot;:&quot;Ver esto en tu espacio en RA&quot;,&quot;YOU_MAY_ALSO_BE_INTERESTED_IN&quot;:&quot;Tambi\u00e9n puede interesarte:&quot;,&quot;VIEW_PHOTOS&quot;:&quot;Ver fotos&quot;}\" data-lang=\"es-US\" data-tz=\"America\/Argentina\/Buenos_Aires\" data-params=\"{&quot;features&quot;:{&quot;contentFeedbackEnabled&quot;:true,&quot;enableSlideShowKV&quot;:true,&quot;enableVideoDocking&quot;:true,&quot;enableAdFeedbackV2&quot;:true,&quot;ncp&quot;:true},&quot;config&quot;:{&quot;freezeOnLinkClick&quot;:true,&quot;lazyOffsetY&quot;:1300,&quot;livecoverage&quot;:{&quot;defer&quot;:false},&quot;imageCaptionCollapseLineCount&quot;:3,&quot;uiShowPreviousButtonOnLoad&quot;:false}}\">\n<article tabindex=\"-1\" role=\"article\">\n<div class=\"caas-attribution-with-share\">\n<div class=\"caas-attr\">\n<div class=\"caas-attr-meta\">\n<div class=\"caas-attr-item\"><\/div>\n<\/div>\n<\/div>\n<div class=\"caas-share-section \">\n<div class=\"caas-share-buttons\"><\/div>\n<\/div>\n<\/div>\n<div class=\"caas-body-wrapper\">\n<div class=\"caas-body-content\">\n<div class=\"caas-body\">\n<p><strong>Netflix\u00a0<\/strong>ya nos tiene acostumbrados a sus fen\u00f3menos fugaces, esos que devoramos cada semana en los primeros d\u00edas de su lanzamiento pero desaparecen tan r\u00e1pido como llegaron. Sin embargo, en septiembre ha aparecido un fen\u00f3meno diferente: una pel\u00edcula que ha logrado superar las dos semanas entre lo m\u00e1s visto de la plataforma. Hablamos de<em><strong>\u00a0El dilema de las redes<\/strong><\/em>, un documental que ha conseguido que m\u00e1s de uno mire con sospecha el tel\u00e9fono m\u00f3vil.<\/p>\n<p>\u00bfEres de los que lleva varios d\u00edas viendo el t\u00edtulo destacado en el ranking de la plataforma pero todav\u00eda no lo viste? \u00bfO te da rabia quedarte fuera de la conversaci\u00f3n viral mientras otros comentan en redes? Pues entonces sigue leyendo y descubre a qu\u00e9 se debe tanto alboroto, y quiz\u00e1s te convences de dedicarle la hora y media que requiere su visionado.<\/p>\n<p>As\u00ed como es muy probable que m\u00e1s de un suscriptor de\u00a0<strong>Netflix<\/strong>\u00a0mordiera el anzuelo de\u00a0<a class=\"link rapid-noclick-resp yahoo-link\" href=\"https:\/\/espanol.yahoo.com\/vida-estilo\/netflix-serie-documental-la-linea-la-sombra-del-narco-recomendacion-152119274.html\" data-ylk=\"slk:La L\u00ednea: la sombra del narco;outcm:mb_qualified_link;_E:mb_qualified_link;ct:story;\" data-rapid_p=\"7\"><em>La L\u00ednea: la sombra del narco<\/em><\/a>\u00a0dej\u00e1ndose llevar por el uso de la palabra \u201cnarco\u201d en el t\u00edtulo de esta miniserie, a m\u00ed me ha sucedido lo mismo con\u00a0<em><strong>El dilema de las redes<\/strong><\/em>\u00a0(<a class=\"link rapid-noclick-resp\" href=\"https:\/\/www.netflix.com\/es\/title\/81254224\" target=\"_blank\" rel=\"nofollow noopener noreferrer\" data-ylk=\"slk:The Social Dilemma\" data-rapid_p=\"8\"><em>The Social Dilemma<\/em><\/a>). Y es que todos aquellos que sientan que est\u00e1n enganchados a las\u00a0<strong>redes sociales\u00a0<\/strong>deber\u00edan darle al\u00a0<em>play\u00a0<\/em>de este nuevo\u00a0<strong>documental\u00a0<\/strong>del servicio\u00a0<em>streaming<\/em>\u00a0que alerta del peligro de estas herramientas digitales dispuestas a cualquier cosa a cambio de nuestro tiempo y nuestros datos.<\/p>\n<p>Si bien cuando devores\u00a0<em>El dilema de las redes<\/em>\u00a0puede que mires a tu\u00a0<em>smartphone\u00a0<\/em>con cierta desconfianza o incluso te plantees si haces un buen uso de la tecnolog\u00eda,\u00a0<strong>no hay que dejar de recomendar este nuevo documental<\/strong>\u00a0que en el momento de escribir este art\u00edculo se encuentra en la octava posici\u00f3n de los diez t\u00edtulos m\u00e1s populares de la plataforma en Espa\u00f1a (el tercero en el ranking de pel\u00edculas). La cita\u00a0<em>\u201cnada grande acontece en la vida de los mortales sin una maldici\u00f3n\u201d<\/em>\u00a0de S\u00f3focles al inicio del mismo ya es una aut\u00e9ntica declaraci\u00f3n de intenciones de lo que se nos ofrece a continuaci\u00f3n.<\/p>\n<p>Y es que\u00a0<strong>este documental plantea un interesante debate sobre el poder de las redes sociales<\/strong>\u00a0donde m\u00e1s que clientes somos los productos de un enorme experimento de marketing como dice Aza Raskin, exempleado de Firefox y Mozilla Labs. Es decir, una suerte de conejillos de indias. Porque, a pesar de que inicialmente trataron de convencernos de que estas herramientas marcaban un nuevo espacio p\u00fablico para la opini\u00f3n y el encuentro, este t\u00edtulo profundiza en el verdadero objetivo de las empresas que, ya adelanto, ir\u00eda much\u00edsimo m\u00e1s all\u00e1 de desplegarnos publicidad personalizada.<\/p>\n<p>Este imperdible documental dirigido por Jeff Orlowski (cineasta que cuenta con dos Premios Emmy por\u00a0<em>Chasing Ice<\/em>\u00a0y\u00a0<em>Chasing Coral,\u00a0<\/em>dos producciones sobre el impacto medioambiental) nos mantiene pegados a la pantalla precisamente porque pone al descubierto\u00a0<strong>una adicci\u00f3n a las redes sociales que est\u00e1 trastocando a la humanidad<\/strong>. En base a esto\u00a0<strong>aborda el impacto que estas estructuras sociales est\u00e1n teniendo desde que comenz\u00f3 la escalada tecnol\u00f3gica (potenciada en las \u00faltimas d\u00e9cadas) hasta la actualidad,<\/strong>\u00a0ahondando en la compleja situaci\u00f3n que estamos viviendo a nivel mundial donde cada\u00a0<em>click<\/em>, cada me gusta y cada b\u00fasqueda online cuenta. Y mucho.<\/p>\n<div class=\"caas-iframe-wrapper\">\n<div class=\"caas-iframe default caas-loaded\"><iframe src=\"https:\/\/www.youtube.com\/embed\/uaaC57tcci0\" scrolling=\"no\" data-mce-fragment=\"1\"><\/iframe><\/div>\n<\/div>\n<p>&nbsp;<\/p>\n<p><strong>Si hay algo reprocharle a\u00a0<\/strong><em><strong>El dilema de las redes<\/strong><\/em><strong>, el fen\u00f3meno documental del momento, es su parte dramatizada<\/strong>\u00a0porque contribuye a configurar un relato un tanto apocal\u00edptico. El montaje funcionar\u00eda mejor sin esta historia familiar repleta de clich\u00e9s que, no obstante, tiene su prop\u00f3sito ya que muestra en acci\u00f3n lo que presentan los testimoniados. Y es que este t\u00edtulo (con guion de Davis Coombe, Vickie Curtis y el propio Jeff Orlowski) es un documental de testimonios principalmente que cuenta con diversos exempleados de alto rango y fundadores de grandes empresas tecnol\u00f3gicas, que cuestionan las herramientas que ellos mismos sacaron adelante, y acad\u00e9micos que evidencian la cuerda floja en la que se encuentra la humanidad.<\/p>\n<p>Jeff Seibert, exejecutivo de Twitter, es uno de los que alzan la voz y nos advierte de que todo lo que hacemos en Internet\u00a0<em>\u201cse mira, se rastrea y se mide.\u00a0<strong>Cada cosa que hac\u00e9is se controla cuidadosamente y se graba. Exactamente en qu\u00e9 imagen te paras a mirar, durante cu\u00e1nto tiempo la miras.<\/strong>\u00a0S\u00ed, en serio. Durante cu\u00e1nto tiempo\u201d<\/em>.<\/p>\n<figure class=\"caas-figure\">\n<div class=\"caas-figure-with-pb\">\n<div class=\"caas-img-container\"><img decoding=\"async\" class=\"caas-img caas-lazy has-preview caas-loaded\" src=\"https:\/\/s.yimg.com\/ny\/api\/res\/1.2\/LQhtxKIjMT8_y0qckw8N5A--\/YXBwaWQ9aGlnaGxhbmRlcjt3PTcwNTtoPTM3MS40NDAyOTg1MDc0NjI2Nw--\/https:\/\/media-mbst-pub-ue1.s3.amazonaws.com\/creatr-uploaded-images\/2020-09\/e1a5a2c0-fe57-11ea-9a7e-085de108711f\" alt=\"(\u00a9Netflix\/ExposureLabs)\" \/><\/div>\n<\/div><figcaption class=\"caption-collapse\" data-id=\"m-1\">(\u00a9Netflix\/ExposureLabs)<\/figcaption><\/figure>\n<p>Los datos que presenta este documental son abrumadores, incidiendo en el incremento de adolescentes con depresi\u00f3n y el aumento en la tasa de suicidios en este mismo rango de edad desde 2010 a esta parte.\u00a0<em><strong>\u201cHa habido un aumento incre\u00edble en la depresi\u00f3n y en la ansiedad entre las adolescentes estadounidenses que empez\u00f3 entre 2011 y 2013\u201d<\/strong><\/em><strong>,<\/strong>\u00a0aventura el psic\u00f3logo social Jonathan Haidt.<\/p>\n<p>Y es que esta propuesta no solo plantea si los m\u00e1s j\u00f3venes est\u00e1n haciendo un buen uso de la tecnolog\u00eda sino que directamente alerta del peligro de uso de las redes sociales en las nuevas generaciones porque desde sus primeros a\u00f1os de vida estas herramientas ya forman indiscutiblemente parte de su d\u00eda a d\u00eda. Para que nos entendamos: hay un mont\u00f3n de menores de edad dependientes de estas plataformas\u00a0<strong>y no podemos mirar hacia otro lado respecto a la manera en que impactan en su conducta y c\u00f3mo les quitan cada vez m\u00e1s tiempo.<\/strong><\/p>\n<p>Como ves,\u00a0<em>El dilema de las redes<\/em>\u00a0es un documental con mucho fondo que deja un mont\u00f3n de temas sobre la mesa para que analicemos nuestro propio consumo de redes sociales. En este sentido,\u00a0<strong>se abre tambi\u00e9n un mel\u00f3n sobre si dichas estructuras sociales est\u00e1n favoreciendo la polarizaci\u00f3n pol\u00edtica.<\/strong>\u00a0Nos encontramos ante un asunto de pleno debate con una actualidad marcada por las\u00a0<em>fake news<\/em>\u00a0y su rapidez de propagaci\u00f3n, con una masa de internautas olvidando la importancia de contrastar siempre la informaci\u00f3n que llega.<\/p>\n<p><em>El dilema de las redes<\/em>\u00a0es un documental que vale la pena porque en sus 94 minutos de duraci\u00f3n no se queda en la superficie de que las redes sociales han cambiado a la humanidad y que han conectado el mundo (sirviendo para reencontrar familias o para la recaudaci\u00f3n de fondos de m\u00faltiples causas humanitarias) sino que invita a reflexionar sobre los verdaderos peligros de la tecnolog\u00eda. Por tanto,\u00a0<strong>ahora tengo conocimiento de causa de por qu\u00e9 ha levantado ampollas en la red desde que fuera estrenado en Netflix el pasado 9 de septiembre y comprendo que se haya convertido en una de las producciones m\u00e1s vistas del momento en nuestro pa\u00eds.<\/strong>\u00a0Y es que esta propuesta nos ayuda a abrir nuestra mente haci\u00e9ndonos pensar en el poder que tienen Facebook, Twitter, Instagram o TikTok sobre nuestra propia vida.<\/p>\n<p>As\u00ed que, si todav\u00eda no has visto\u00a0<em>El dilema de las redes<\/em>,\u00a0<strong>te animo a que eches un vistazo a este t\u00edtulo que aborda los puntos m\u00e1s oscuros de las redes sociales<\/strong>\u00a0(y las amenazas que estas herramientas representan) aunque sea simplemente para que saques tus propias conclusiones.<\/p>\n<p>Foto portada: Netflix.<\/p>\n<\/div>\n<\/div>\n<\/div>\n<\/article>\n<\/div>\n<\/div>\n<\/div>\n<\/div>\n<\/div>\n<\/div>\n<\/div>\n<\/div>\n<\/div>\n<\/aside>\n<p>&nbsp;<\/p>\n","protected":false},"excerpt":{"rendered":"<p>LLEVA SEMANAS COMO UNA DE LAS M\u00c1S VISTAS EN NETFLIX.<\/p>\n","protected":false},"author":3,"featured_media":6792,"comment_status":"open","ping_status":"open","sticky":false,"template":"","format":"standard","meta":{"footnotes":"","jetpack_publicize_message":"","jetpack_publicize_feature_enabled":true,"jetpack_social_post_already_shared":false,"jetpack_social_options":{"image_generator_settings":{"template":"highway","default_image_id":0,"font":"","enabled":false},"version":2}},"categories":[15],"tags":[37,928,927],"class_list":["post-6791","post","type-post","status-publish","format-standard","has-post-thumbnail","hentry","category-lo-que-tenes-que-saber","tag-destacada","tag-netflix","tag-redes-sociales"],"jetpack_publicize_connections":[],"jetpack_featured_media_url":"https:\/\/revistaepocadigital.com.ar\/wp-content\/uploads\/2020\/09\/666-1.jpg","jetpack_likes_enabled":true,"_links":{"self":[{"href":"https:\/\/revistaepocadigital.com.ar\/index.php?rest_route=\/wp\/v2\/posts\/6791","targetHints":{"allow":["GET"]}}],"collection":[{"href":"https:\/\/revistaepocadigital.com.ar\/index.php?rest_route=\/wp\/v2\/posts"}],"about":[{"href":"https:\/\/revistaepocadigital.com.ar\/index.php?rest_route=\/wp\/v2\/types\/post"}],"author":[{"embeddable":true,"href":"https:\/\/revistaepocadigital.com.ar\/index.php?rest_route=\/wp\/v2\/users\/3"}],"replies":[{"embeddable":true,"href":"https:\/\/revistaepocadigital.com.ar\/index.php?rest_route=%2Fwp%2Fv2%2Fcomments&post=6791"}],"version-history":[{"count":0,"href":"https:\/\/revistaepocadigital.com.ar\/index.php?rest_route=\/wp\/v2\/posts\/6791\/revisions"}],"wp:featuredmedia":[{"embeddable":true,"href":"https:\/\/revistaepocadigital.com.ar\/index.php?rest_route=\/wp\/v2\/media\/6792"}],"wp:attachment":[{"href":"https:\/\/revistaepocadigital.com.ar\/index.php?rest_route=%2Fwp%2Fv2%2Fmedia&parent=6791"}],"wp:term":[{"taxonomy":"category","embeddable":true,"href":"https:\/\/revistaepocadigital.com.ar\/index.php?rest_route=%2Fwp%2Fv2%2Fcategories&post=6791"},{"taxonomy":"post_tag","embeddable":true,"href":"https:\/\/revistaepocadigital.com.ar\/index.php?rest_route=%2Fwp%2Fv2%2Ftags&post=6791"}],"curies":[{"name":"wp","href":"https:\/\/api.w.org\/{rel}","templated":true}]}}