{"id":6841,"date":"2020-09-25T09:57:38","date_gmt":"2020-09-25T12:57:38","guid":{"rendered":"https:\/\/revistaepocadigital.com.ar\/?p=6841"},"modified":"2020-09-28T22:05:59","modified_gmt":"2020-09-29T01:05:59","slug":"el-sector-del-turismo-clama-en-su-peor-momento","status":"publish","type":"post","link":"https:\/\/revistaepocadigital.com.ar\/?p=6841","title":{"rendered":"EL SECTOR DEL TURISMO CLAMA EN SU PEOR MOMENTO"},"content":{"rendered":"<p><strong>LA MAYOR CRISIS.<\/strong><!--more--><\/p>\n<p class=\"font_tertiary paragraph\">El turismo global vive ahora su mayor crisis.Hubo otros momentos cr\u00edticos, claro, como el generado por los atentados del 11 de septiembre del 2001 o el brote de SARS, pero nunca a semejante escala. Seg\u00fan el nuevo n\u00famero del\u00a0Bar\u00f3metro del Turismo Mundial de la OMT, las llegadas de turistas internacionales se redujeron en un 65% durante la primera mitad del a\u00f1o<b>.<\/b>\u00a0Se trata de un desplome sin precedentes causado por el\u00a0<b>c<\/b>ierre de las fronteras en todo el mundo y la introducci\u00f3n de restricciones de viaje como respuesta a la pandemia.<\/p>\n<p>Fijate lo reflejado en este posteo en Facebook, a prop\u00f3sito de haberse celebrado (es un decir dado las actuales circunstancias, el 27 de septiembre el Dia Mundial del Turismo. &#8220;Y nos toca en el peor escenario posible. Nuestra actividad est\u00e1 totalmente frenada y sin horizonte.<br \/>\nPor eso hoy no puedo inspirarte a viajar. Vengo a hablarte del valor social, cultural y econ\u00f3mico de nuestra industria&#8221;.<br \/>\n&#8220;El turismo no es mala palabra, no es un privilegio de pocos ni el capricho de algunos. ES NI M\u00c1S NI MENOS, que uno de los pilares de la econom\u00eda argentina. Una industria de la que vivimos m\u00e1s de 1.200.000 familias argentinas. Una actividad esencial para las econom\u00edas que son regionales y que genera m\u00e1s de 165.000 millones de pesos en consumo interno anual, permitiendo adem\u00e1s el ingreso de divisas&#8221;.<\/p>\n<p>&#8220;Sabemos que hay Covid, que la situaci\u00f3n es MUY compleja y distinta a siempre. Pero, en buena parte del mundo, qued\u00f3 en claro que con pautas de comportamiento, se trabaja, produce, socializa, ESTUDIA y se VIAJA. \u00bfC\u00f3mo es posible que hoy podamos desde nuestro pa\u00eds viajar a Miami, Canc\u00fan o Punta Cana, y no a Salta, Bariloche o Posadas?<\/p>\n<p>Es hora de recuperar nuestra CONECTIVIDAD, que comience la reapertura gradual de la actividad. Que se abran las fronteras nacionales y provinciales. Que se permita el tr\u00e1nsito por nuestro propio territorio. Est\u00e1n todos los protocolos aprobados por parte de la @camaraargentinadeturismo junto al @turdepar y el Consejo Federal de Turismo; y validados por el Ministerio de Salud de la Naci\u00f3n.<br \/>\nEntonces, \u00bfqu\u00e9 falta para arrancar?<\/p>\n<p>Por eso y porque formo parte de esta industria que de coraz\u00f3n, ALZO LA VOZ para decir que es fundamental y URGENTE que el Turismo en Argentina vuelva a ponerse en movimiento. Necesitamos trabajar para poner a Argentina de pie, con micros, aviones, trenes y aviones que conecten personas, transporten sue\u00f1os PERO sobre todo DEN TRABAJO.<br \/>\nCon responsabilidad y protocolos es hora de volver.<\/p>\n<p>\u00bfFalta mucho? Si est\u00e1s de acuerdo AYUDA much\u00edsimo que des LIKE a esta publicaci\u00f3n, la COMPARTAS en tus redes y viralices el mensaje para QUE NOS ESCUCHEN HASTA EN MARTE<\/p>\n<p>#SalvemosAlTurismo<br \/>\n#ArgentinadePie #DiaMundialdelTurismo<br \/>\n#inspiracionmuyviajera<br \/>\n#muyviajera<\/p>\n<p>Foto portada:\u00a0 gentileza Diario La Naci\u00f3n<\/p>\n","protected":false},"excerpt":{"rendered":"<p>LA MAYOR CRISIS.<\/p>\n","protected":false},"author":3,"featured_media":6845,"comment_status":"open","ping_status":"open","sticky":false,"template":"","format":"standard","meta":{"footnotes":"","jetpack_publicize_message":"","jetpack_publicize_feature_enabled":true,"jetpack_social_post_already_shared":false,"jetpack_social_options":{"image_generator_settings":{"template":"highway","default_image_id":0,"font":"","enabled":false},"version":2}},"categories":[14],"tags":[937,37,639,936],"class_list":["post-6841","post","type-post","status-publish","format-standard","has-post-thumbnail","hentry","category-la-gente","tag-crisis","tag-destacada","tag-pandemia","tag-turismo"],"jetpack_publicize_connections":[],"jetpack_featured_media_url":"https:\/\/revistaepocadigital.com.ar\/wp-content\/uploads\/2020\/09\/nieve.jpg","jetpack_likes_enabled":true,"_links":{"self":[{"href":"https:\/\/revistaepocadigital.com.ar\/index.php?rest_route=\/wp\/v2\/posts\/6841","targetHints":{"allow":["GET"]}}],"collection":[{"href":"https:\/\/revistaepocadigital.com.ar\/index.php?rest_route=\/wp\/v2\/posts"}],"about":[{"href":"https:\/\/revistaepocadigital.com.ar\/index.php?rest_route=\/wp\/v2\/types\/post"}],"author":[{"embeddable":true,"href":"https:\/\/revistaepocadigital.com.ar\/index.php?rest_route=\/wp\/v2\/users\/3"}],"replies":[{"embeddable":true,"href":"https:\/\/revistaepocadigital.com.ar\/index.php?rest_route=%2Fwp%2Fv2%2Fcomments&post=6841"}],"version-history":[{"count":0,"href":"https:\/\/revistaepocadigital.com.ar\/index.php?rest_route=\/wp\/v2\/posts\/6841\/revisions"}],"wp:featuredmedia":[{"embeddable":true,"href":"https:\/\/revistaepocadigital.com.ar\/index.php?rest_route=\/wp\/v2\/media\/6845"}],"wp:attachment":[{"href":"https:\/\/revistaepocadigital.com.ar\/index.php?rest_route=%2Fwp%2Fv2%2Fmedia&parent=6841"}],"wp:term":[{"taxonomy":"category","embeddable":true,"href":"https:\/\/revistaepocadigital.com.ar\/index.php?rest_route=%2Fwp%2Fv2%2Fcategories&post=6841"},{"taxonomy":"post_tag","embeddable":true,"href":"https:\/\/revistaepocadigital.com.ar\/index.php?rest_route=%2Fwp%2Fv2%2Ftags&post=6841"}],"curies":[{"name":"wp","href":"https:\/\/api.w.org\/{rel}","templated":true}]}}