{"id":6903,"date":"2020-09-30T23:38:05","date_gmt":"2020-10-01T02:38:05","guid":{"rendered":"https:\/\/revistaepocadigital.com.ar\/?p=6903"},"modified":"2020-09-30T23:38:05","modified_gmt":"2020-10-01T02:38:05","slug":"donacion-para-el-parque-cultural","status":"publish","type":"post","link":"https:\/\/revistaepocadigital.com.ar\/?p=6903","title":{"rendered":"DONACION PARA EL PARQUE CULTURAL"},"content":{"rendered":"<div>\n<div class=\"\" dir=\"auto\">\n<div id=\"jsc_c_58\" class=\"ecm0bbzt hv4rvrfc ihqw7lf3 dati1w0a\" data-ad-comet-preview=\"message\" data-ad-preview=\"message\">\n<div class=\"j83agx80 cbu4d94t ew0dbk1b irj2b8pg\">\n<div class=\"qzhwtbm6 knvmm38d\">\n<div class=\"kvgmc6g5 cxmmr5t8 oygrvhab hcukyx3x c1et5uql ii04i59q\">\n<div dir=\"auto\"><strong>DE ARBUSTIVAS.<!--more--><\/strong><\/div>\n<div dir=\"auto\"><\/div>\n<\/div>\n<div class=\"o9v6fnle cxmmr5t8 oygrvhab hcukyx3x c1et5uql ii04i59q\">\n<div dir=\"auto\">Una vez m\u00e1s el apellido \u201cTucci\u201d reaparece en la historia de la plaza Mitre de Los Cardales, en este caso a partir de la donaci\u00f3n de un grupo de arbustivas que adornar\u00e1n el Parque Cultural de ese sector.<\/div>\n<div dir=\"auto\"><\/div>\n<\/div>\n<div class=\"o9v6fnle cxmmr5t8 oygrvhab hcukyx3x c1et5uql ii04i59q\">\n<div dir=\"auto\">Se trata de varias especies de \u201cbuxus sempervirens\u201d, que fueron ubicadas en un lugar estrat\u00e9gico de esa plaza, tanto desde el punto de vista paisaj\u00edstico, como en t\u00e9rminos del dise\u00f1o del proyecto general.<\/div>\n<\/div>\n<div class=\"o9v6fnle cxmmr5t8 oygrvhab hcukyx3x c1et5uql ii04i59q\">\n<div dir=\"auto\">No es la primera vez que \u201clos Tucci\u201d hacen una donaci\u00f3n de esta naturaleza: Hace casi 50 a\u00f1os, Pascual Tucci hab\u00eda donado un grupo de cipreses piramidales de su propio cultivo, que se usaron para \u201cdisimular\u201d el aspecto del galp\u00f3n del Ferrocarril Mitre.<\/div>\n<\/div>\n<div dir=\"auto\"><\/div>\n<div class=\"o9v6fnle cxmmr5t8 oygrvhab hcukyx3x c1et5uql ii04i59q\">\n<div dir=\"auto\"><img decoding=\"async\" src=\"https:\/\/scontent-eze1-1.xx.fbcdn.net\/v\/t1.0-0\/p600x600\/120195642_3702568103129455_1868777088447858350_o.jpg?_nc_cat=110&amp;_nc_sid=730e14&amp;_nc_ohc=bkCqFRjik4gAX_Re00I&amp;_nc_ht=scontent-eze1-1.xx&amp;tp=6&amp;oh=c179f59b6eb620aa77274cf321a84aa4&amp;oe=5F9B5F29\" \/><\/div>\n<\/div>\n<div class=\"o9v6fnle cxmmr5t8 oygrvhab hcukyx3x c1et5uql ii04i59q\">\n<div dir=\"auto\">Cuenta la historia que una tarde, en el Bar Di Yorio, el reci\u00e9n llegado a Los Cardales Pascual Tucci y el delegado municipal coincidieron en que el galp\u00f3n estaba deteriorado. As\u00ed lleg\u00f3 la donaci\u00f3n del grupo de cipreses que cubrieron el frente del lugar.<\/div>\n<div dir=\"auto\"><\/div>\n<\/div>\n<div class=\"o9v6fnle cxmmr5t8 oygrvhab hcukyx3x c1et5uql ii04i59q\">\n<div dir=\"auto\">Algunos de ellos se secaron y otros fueron retirados. Hoy, 50 a\u00f1os despu\u00e9s, la familia Tucci vuelve a donar ejemplares para la Plaza Mitre, aunque con un objetivo bien distinto: Ornamentar un proyecto cultural \u00fanico para esa localidad.<\/div>\n<div dir=\"auto\"><\/div>\n<\/div>\n<div class=\"o9v6fnle cxmmr5t8 oygrvhab hcukyx3x c1et5uql ii04i59q\">\n<div dir=\"auto\">Recordemos que el Parque Cultural incluye un sector para los chicos, con juegos inclusivos, y un peque\u00f1o bosque para lectura y recreo. A la vez, la propuesta implic\u00f3 la puesta en valor del Galp\u00f3n del Ferrocarril Mitre, para eventos bajo superficie techada.<\/div>\n<div dir=\"auto\"><\/div>\n<\/div>\n<\/div>\n<\/div>\n<\/div>\n<\/div>\n<div id=\"jsc_c_59\" class=\"l9j0dhe7\">\n<div class=\"l9j0dhe7\">\n<div class=\"l9j0dhe7\">\n<div class=\"l9j0dhe7\">\n<div class=\"ni8dbmo4 stjgntxs pmk7jnqg\">\n<div class=\"stjgntxs ni8dbmo4\">\n<div class=\"do00u71z ni8dbmo4 stjgntxs l9j0dhe7\">\n<div class=\"pmk7jnqg kr520xx4\"><\/div>\n<\/div>\n<\/div>\n<\/div>\n<\/div>\n<\/div>\n<\/div>\n<\/div>\n<\/div>\n","protected":false},"excerpt":{"rendered":"<p>DE ARBUSTIVAS.<\/p>\n","protected":false},"author":3,"featured_media":6904,"comment_status":"open","ping_status":"open","sticky":false,"template":"","format":"standard","meta":{"footnotes":"","jetpack_publicize_message":"","jetpack_publicize_feature_enabled":true,"jetpack_social_post_already_shared":false,"jetpack_social_options":{"image_generator_settings":{"template":"highway","default_image_id":0,"font":"","enabled":false},"version":2}},"categories":[4],"tags":[682,777],"class_list":["post-6903","post","type-post","status-publish","format-standard","has-post-thumbnail","hentry","category-aqui-los-cardales","tag-donaciones","tag-parque-cultural"],"jetpack_publicize_connections":[],"jetpack_featured_media_url":"https:\/\/revistaepocadigital.com.ar\/wp-content\/uploads\/2020\/09\/PAR.jpg","jetpack_likes_enabled":true,"_links":{"self":[{"href":"https:\/\/revistaepocadigital.com.ar\/index.php?rest_route=\/wp\/v2\/posts\/6903","targetHints":{"allow":["GET"]}}],"collection":[{"href":"https:\/\/revistaepocadigital.com.ar\/index.php?rest_route=\/wp\/v2\/posts"}],"about":[{"href":"https:\/\/revistaepocadigital.com.ar\/index.php?rest_route=\/wp\/v2\/types\/post"}],"author":[{"embeddable":true,"href":"https:\/\/revistaepocadigital.com.ar\/index.php?rest_route=\/wp\/v2\/users\/3"}],"replies":[{"embeddable":true,"href":"https:\/\/revistaepocadigital.com.ar\/index.php?rest_route=%2Fwp%2Fv2%2Fcomments&post=6903"}],"version-history":[{"count":0,"href":"https:\/\/revistaepocadigital.com.ar\/index.php?rest_route=\/wp\/v2\/posts\/6903\/revisions"}],"wp:featuredmedia":[{"embeddable":true,"href":"https:\/\/revistaepocadigital.com.ar\/index.php?rest_route=\/wp\/v2\/media\/6904"}],"wp:attachment":[{"href":"https:\/\/revistaepocadigital.com.ar\/index.php?rest_route=%2Fwp%2Fv2%2Fmedia&parent=6903"}],"wp:term":[{"taxonomy":"category","embeddable":true,"href":"https:\/\/revistaepocadigital.com.ar\/index.php?rest_route=%2Fwp%2Fv2%2Fcategories&post=6903"},{"taxonomy":"post_tag","embeddable":true,"href":"https:\/\/revistaepocadigital.com.ar\/index.php?rest_route=%2Fwp%2Fv2%2Ftags&post=6903"}],"curies":[{"name":"wp","href":"https:\/\/api.w.org\/{rel}","templated":true}]}}