{"id":693,"date":"2018-12-03T10:12:35","date_gmt":"2018-12-03T13:12:35","guid":{"rendered":"https:\/\/revistaepocadigital.com.ar\/?p=693"},"modified":"2018-12-03T10:12:35","modified_gmt":"2018-12-03T13:12:35","slug":"valerio-campeon","status":"publish","type":"post","link":"https:\/\/revistaepocadigital.com.ar\/?p=693","title":{"rendered":"Valerio campe\u00f3n!"},"content":{"rendered":"<figure id=\"attachment_694\" aria-describedby=\"caption-attachment-694\" style=\"width: 591px\" class=\"wp-caption aligncenter\"><img loading=\"lazy\" decoding=\"async\" class=\"size-full wp-image-694\" src=\"https:\/\/revistaepocadigital.com.ar\/wp-content\/uploads\/2018\/12\/diamante-tcr-18-1-1.jpg\" alt=\"\" width=\"591\" height=\"886\" \/><figcaption id=\"caption-attachment-694\" class=\"wp-caption-text\">Con la copa en lo m\u00e1s alto del podio.<\/figcaption><\/figure>\n<p>&nbsp;<\/p>\n<p><strong>LO HIZO!<\/strong>.\u00a0 Valerio Diamante, campe\u00f3n 2018 de la Clase A de\u00a0 TC Regional con la hist\u00f3rica<strong><em> &#8220;Chupaleta&#8221;<\/em><\/strong>.<!--more--><!--more--><\/p>\n<p>Un auto que desparrama sentimientos, aquel que tambi\u00e9n llevara al campeonato a la recordada dupla compuesta por el desaparecido Gustavo Izaguirre y el ex piloto local, Oscar Fuxan.<\/p>\n<p><strong>Diamante<\/strong> adem\u00e1s, se coron\u00f3 subcampe\u00f3n de la<strong> Clase GTA,<\/strong> luego de un a\u00f1o en el que en la divisi\u00f3n, atraves\u00f3 muchos obst\u00e1culos.<\/p>\n<p>&nbsp;<\/p>\n<figure id=\"attachment_695\" aria-describedby=\"caption-attachment-695\" style=\"width: 720px\" class=\"wp-caption aligncenter\"><img loading=\"lazy\" decoding=\"async\" class=\"size-full wp-image-695\" src=\"https:\/\/revistaepocadigital.com.ar\/wp-content\/uploads\/2018\/12\/chupaleta-1-1.jpg\" alt=\"\" width=\"720\" height=\"644\" \/><figcaption id=\"caption-attachment-695\" class=\"wp-caption-text\">Mir\u00e1 lo que hab\u00eda anhelado el piloto local al comienzo de la temporada!<\/figcaption><\/figure>\n<p>Te vamos a contar m\u00e1s.<\/p>\n","protected":false},"excerpt":{"rendered":"<p>&nbsp; LO HIZO!.\u00a0 Valerio Diamante, campe\u00f3n 2018 de la Clase A de\u00a0 TC Regional con la hist\u00f3rica &#8220;Chupaleta&#8221;.<\/p>\n","protected":false},"author":3,"featured_media":701,"comment_status":"open","ping_status":"open","sticky":false,"template":"","format":"standard","meta":{"footnotes":"","jetpack_publicize_message":"","jetpack_publicize_feature_enabled":true,"jetpack_social_post_already_shared":false,"jetpack_social_options":{"image_generator_settings":{"template":"highway","default_image_id":0,"font":"","enabled":false},"version":2}},"categories":[9],"tags":[37,77],"class_list":["post-693","post","type-post","status-publish","format-standard","has-post-thumbnail","hentry","category-deportes","tag-destacada","tag-valerio-diamante"],"jetpack_publicize_connections":[],"jetpack_featured_media_url":"https:\/\/revistaepocadigital.com.ar\/wp-content\/uploads\/2018\/12\/diamante-tcr-18a-1-1.jpg","jetpack_likes_enabled":true,"_links":{"self":[{"href":"https:\/\/revistaepocadigital.com.ar\/index.php?rest_route=\/wp\/v2\/posts\/693","targetHints":{"allow":["GET"]}}],"collection":[{"href":"https:\/\/revistaepocadigital.com.ar\/index.php?rest_route=\/wp\/v2\/posts"}],"about":[{"href":"https:\/\/revistaepocadigital.com.ar\/index.php?rest_route=\/wp\/v2\/types\/post"}],"author":[{"embeddable":true,"href":"https:\/\/revistaepocadigital.com.ar\/index.php?rest_route=\/wp\/v2\/users\/3"}],"replies":[{"embeddable":true,"href":"https:\/\/revistaepocadigital.com.ar\/index.php?rest_route=%2Fwp%2Fv2%2Fcomments&post=693"}],"version-history":[{"count":0,"href":"https:\/\/revistaepocadigital.com.ar\/index.php?rest_route=\/wp\/v2\/posts\/693\/revisions"}],"wp:featuredmedia":[{"embeddable":true,"href":"https:\/\/revistaepocadigital.com.ar\/index.php?rest_route=\/wp\/v2\/media\/701"}],"wp:attachment":[{"href":"https:\/\/revistaepocadigital.com.ar\/index.php?rest_route=%2Fwp%2Fv2%2Fmedia&parent=693"}],"wp:term":[{"taxonomy":"category","embeddable":true,"href":"https:\/\/revistaepocadigital.com.ar\/index.php?rest_route=%2Fwp%2Fv2%2Fcategories&post=693"},{"taxonomy":"post_tag","embeddable":true,"href":"https:\/\/revistaepocadigital.com.ar\/index.php?rest_route=%2Fwp%2Fv2%2Ftags&post=693"}],"curies":[{"name":"wp","href":"https:\/\/api.w.org\/{rel}","templated":true}]}}