{"id":6940,"date":"2022-01-04T00:00:04","date_gmt":"2022-01-04T03:00:04","guid":{"rendered":"https:\/\/revistaepocadigital.com.ar\/?p=6940"},"modified":"2022-01-04T09:34:09","modified_gmt":"2022-01-04T12:34:09","slug":"quienes-cobran-el-lunes-5-de-octubre","status":"publish","type":"post","link":"https:\/\/revistaepocadigital.com.ar\/?p=6940","title":{"rendered":"ANSES TE INFORMA. \u00bfQUIENES COBRAN?. 4 DE ENERO. Pr\u00f3rroga Fe de Vida"},"content":{"rendered":"<p><strong>INFORMACI\u00d3N QUE TE IMPORTA.<\/strong><\/p>\n<p><!--more--><\/p>\n<div>\n<div class=\"I_52qC D_FY W_6D6F\" data-test-id=\"message-view-body\">\n<div class=\"msg-body P_wpofO mq_AS\" data-test-id=\"message-view-body-content\">\n<div class=\"jb_0 X_6MGW N_6Fd5\">\n<div id=\"yiv0357571231\">\n<div class=\"yiv0357571231WordSection1\">\n<div class=\"msg-body P_wpofO mq_AS\" data-test-id=\"message-view-body-content\">\n<div class=\"jb_0 X_6MGW N_6Fd5\">\n<div id=\"yiv1423566385\">\n<div class=\"yiv1423566385WordSection1\">\n<p><strong>HOY SE ABONAN<\/strong><\/p>\n<p>&nbsp;<\/p>\n<p class=\"yiv7910938372MsoNormal\"><b>Pensiones No Contributivas<\/b><\/p>\n<p class=\"yiv7910938372MsoNormal\">Las sucursales bancarias habilitadas atender\u00e1n por ventanilla solo a titulares de PNC que deban cobrar su haber de diciembre con documentos terminados en\u00a0<b>0\u00a0<\/b>y\u00a0<b>1<\/b>.<\/p>\n<p class=\"yiv7910938372MsoNormal\">En este sentido, si bien estas personas no tienen que solicitar turno previo para cobrar este beneficio,\u00a0deben acercarse a la sucursal bancaria \u00fanicamente en la fecha asignada. De todas formas, los haberes permanecer\u00e1n depositados en sus cuentas.<\/p>\n<p class=\"yiv7910938372MsoNormal\"><b>\u00a0<\/b><\/p>\n<p class=\"yiv7910938372MsoNormal\"><b>Programa Alimentar<\/b><\/p>\n<p class=\"yiv7910938372MsoNormal\">En el marco del\u00a0<i>Plan Argentina contra el Hambre<\/i>\u00a0del Ministerio de Desarrollo Social, ANSES acompa\u00f1a con el pago del programa Alimentar. Hoy cobran Madres de 7 hijos que perciben PNC con documentos finalizados en\u00a0<b>0<\/b>\u00a0y\u00a0<b>1<\/b>, en la misma cuenta de la prestaci\u00f3n.<\/p>\n<p class=\"yiv7910938372MsoNormal\"><b>Programa Alimentario PAMI<\/b><\/p>\n<p class=\"yiv7910938372MsoNormal\">En el marco del Programa Alimentario PAMI, ANSES abona hoy el pago extraordinario equivalente al monto del bols\u00f3n de alimentos para titulares de\u00a0PNC con documentos concluidos en\u00a0<b>0\u00a0<\/b>y<b>\u00a01<\/b>. Para m\u00e1s informaci\u00f3n se puede ingresar a\u00a0<a href=\"http:\/\/www.pami.org.ar\/programa-alimentario\" target=\"_blank\" rel=\"nofollow noopener noreferrer\">www.pami.org.ar\/programa-alimentario<\/a>.<\/p>\n<p>&#8212;&#8212;&#8212;&#8212;&#8212;&#8212;&#8212;&#8212;&#8212;&#8212;&#8212;&#8212;&#8212;&#8212;&#8212;&#8212;&#8212;&#8212;&#8212;&#8212;&#8212;&#8212;&#8212;&#8212;&#8212;&#8212;&#8212;&#8212;&#8212;&#8212;&#8212;&#8212;&#8212;&#8212;<\/p>\n<p class=\"yiv1423566385MsoNormal\" align=\"center\"><b>CALENDARIO DE PAGOS DE ENERO<\/b><\/p>\n<p class=\"yiv1423566385MsoNormal\">ANSES, organismo a cargo de la Lic. Fernanda Raverta, informa el calendario de pagos del mes de\u00a0<b>enero<\/b>\u00a0para jubilados, jubiladas, pensionados y pensionadas, Pensiones No Contributivas, titulares de la Asignaci\u00f3n Universal por Hijo y la Asignaci\u00f3n por Embarazo, Asignaciones Familiares y de Pago \u00danico (Matrimonio, Nacimiento y Adopci\u00f3n) y Prestaci\u00f3n por Desempleo.<b><\/b><\/p>\n<div class=\"img-preview-wrapper\"><img loading=\"lazy\" decoding=\"async\" id=\"yiv1423566385Imagen_x0020_1\" class=\"preview\" src=\"https:\/\/apis.mail.yahoo.com\/ws\/v3\/mailboxes\/@.id==VjN-xF3I97EHoROgkj6VNCdRQqeA2JymVf7t_dNnS0aDi3s78AREAsRDD7nmdHgvOMaxQGPOCLL4yv1gdpoOBPLlCw\/messages\/@.id==AOw2RQQmL2pNYc20vQuJIEiuU9Q\/content\/parts\/@.id==1.2\/thumbnail?appid=YMailNorrin&amp;downloadWhenThumbnailFails=true&amp;pid=1.2\" alt=\"CALENDARIO DE PAGO_Enero_Prensa_JubyPens_NoSuperan\" width=\"604\" height=\"136\" \/><button class=\"c27KHO0_n b_0 M_0 i_0 I_T y_Z2hYGcu A_6EqO r_P C_q cvhIH6_T P_eo6\" tabindex=\"-1\" title=\"Descargar\" type=\"button\" data-test-id=\"icon-btn-download\"><\/button><\/div>\n<div class=\"img-preview-wrapper\"><img loading=\"lazy\" decoding=\"async\" id=\"yiv1423566385Imagen_x0020_2\" class=\"preview\" src=\"https:\/\/apis.mail.yahoo.com\/ws\/v3\/mailboxes\/@.id==VjN-xF3I97EHoROgkj6VNCdRQqeA2JymVf7t_dNnS0aDi3s78AREAsRDD7nmdHgvOMaxQGPOCLL4yv1gdpoOBPLlCw\/messages\/@.id==AOw2RQQmL2pNYc20vQuJIEiuU9Q\/content\/parts\/@.id==1.3\/thumbnail?appid=YMailNorrin&amp;downloadWhenThumbnailFails=true&amp;pid=1.3\" alt=\"CALENDARIO DE PAGO_Enero_Prensa_JubyPens_Superan\" width=\"604\" height=\"136\" \/><button class=\"c27KHO0_n b_0 M_0 i_0 I_T y_Z2hYGcu A_6EqO r_P C_q cvhIH6_T P_eo6\" tabindex=\"-1\" title=\"Descargar\" type=\"button\" data-test-id=\"icon-btn-download\"><\/button><\/div>\n<div class=\"img-preview-wrapper\"><img loading=\"lazy\" decoding=\"async\" id=\"yiv1423566385Imagen_x0020_3\" class=\"preview\" src=\"https:\/\/apis.mail.yahoo.com\/ws\/v3\/mailboxes\/@.id==VjN-xF3I97EHoROgkj6VNCdRQqeA2JymVf7t_dNnS0aDi3s78AREAsRDD7nmdHgvOMaxQGPOCLL4yv1gdpoOBPLlCw\/messages\/@.id==AOw2RQQmL2pNYc20vQuJIEiuU9Q\/content\/parts\/@.id==1.4\/thumbnail?appid=YMailNorrin&amp;downloadWhenThumbnailFails=true&amp;pid=1.4\" alt=\"CALENDARIO DE PAGO_Enero_Prensa_AuhyAaff\" width=\"604\" height=\"136\" \/><button class=\"c27KHO0_n b_0 M_0 i_0 I_T y_Z2hYGcu A_6EqO r_P C_q cvhIH6_T P_eo6\" tabindex=\"-1\" title=\"Descargar\" type=\"button\" data-test-id=\"icon-btn-download\"><\/button><\/div>\n<div class=\"img-preview-wrapper\"><img loading=\"lazy\" decoding=\"async\" id=\"yiv1423566385Imagen_x0020_4\" class=\"preview\" src=\"https:\/\/apis.mail.yahoo.com\/ws\/v3\/mailboxes\/@.id==VjN-xF3I97EHoROgkj6VNCdRQqeA2JymVf7t_dNnS0aDi3s78AREAsRDD7nmdHgvOMaxQGPOCLL4yv1gdpoOBPLlCw\/messages\/@.id==AOw2RQQmL2pNYc20vQuJIEiuU9Q\/content\/parts\/@.id==1.5\/thumbnail?appid=YMailNorrin&amp;downloadWhenThumbnailFails=true&amp;pid=1.5\" alt=\"CALENDARIO DE PAGO_Enero_Prensa_AsigxEmbarazo\" width=\"604\" height=\"136\" \/><button class=\"c27KHO0_n b_0 M_0 i_0 I_T y_Z2hYGcu A_6EqO r_P C_q cvhIH6_T P_eo6\" tabindex=\"-1\" title=\"Descargar\" type=\"button\" data-test-id=\"icon-btn-download\"><\/button><\/div>\n<div class=\"img-preview-wrapper\"><img loading=\"lazy\" decoding=\"async\" id=\"yiv1423566385Imagen_x0020_5\" class=\"preview\" src=\"https:\/\/apis.mail.yahoo.com\/ws\/v3\/mailboxes\/@.id==VjN-xF3I97EHoROgkj6VNCdRQqeA2JymVf7t_dNnS0aDi3s78AREAsRDD7nmdHgvOMaxQGPOCLL4yv1gdpoOBPLlCw\/messages\/@.id==AOw2RQQmL2pNYc20vQuJIEiuU9Q\/content\/parts\/@.id==1.6\/thumbnail?appid=YMailNorrin&amp;downloadWhenThumbnailFails=true&amp;pid=1.6\" alt=\"CALENDARIO DE PAGO_Enero_Prensa_PrentyMaternidad\" width=\"604\" height=\"136\" \/><button class=\"c27KHO0_n b_0 M_0 i_0 I_T y_Z2hYGcu A_6EqO r_P C_q cvhIH6_T P_eo6\" tabindex=\"-1\" title=\"Descargar\" type=\"button\" data-test-id=\"icon-btn-download\"><\/button><\/div>\n<div class=\"img-preview-wrapper\"><img loading=\"lazy\" decoding=\"async\" id=\"yiv1423566385Imagen_x0020_6\" class=\"preview\" src=\"https:\/\/apis.mail.yahoo.com\/ws\/v3\/mailboxes\/@.id==VjN-xF3I97EHoROgkj6VNCdRQqeA2JymVf7t_dNnS0aDi3s78AREAsRDD7nmdHgvOMaxQGPOCLL4yv1gdpoOBPLlCw\/messages\/@.id==AOw2RQQmL2pNYc20vQuJIEiuU9Q\/content\/parts\/@.id==1.7\/thumbnail?appid=YMailNorrin&amp;downloadWhenThumbnailFails=true&amp;pid=1.7\" alt=\"CALENDARIO DE PAGO_Enero_Prensa_PagoUnico\" width=\"604\" height=\"136\" \/><button class=\"c27KHO0_n b_0 M_0 i_0 I_T y_Z2hYGcu A_6EqO r_P C_q cvhIH6_T P_eo6\" tabindex=\"-1\" title=\"Descargar\" type=\"button\" data-test-id=\"icon-btn-download\"><\/button><\/div>\n<div class=\"img-preview-wrapper\"><img loading=\"lazy\" decoding=\"async\" id=\"yiv1423566385Imagen_x0020_7\" class=\"preview\" src=\"https:\/\/apis.mail.yahoo.com\/ws\/v3\/mailboxes\/@.id==VjN-xF3I97EHoROgkj6VNCdRQqeA2JymVf7t_dNnS0aDi3s78AREAsRDD7nmdHgvOMaxQGPOCLL4yv1gdpoOBPLlCw\/messages\/@.id==AOw2RQQmL2pNYc20vQuJIEiuU9Q\/content\/parts\/@.id==1.8\/thumbnail?appid=YMailNorrin&amp;downloadWhenThumbnailFails=true&amp;pid=1.8\" alt=\"CALENDARIO DE PAGO_Enero_Prensa_PNC\" width=\"604\" height=\"136\" \/><button class=\"c27KHO0_n b_0 M_0 i_0 I_T y_Z2hYGcu A_6EqO r_P C_q cvhIH6_T P_eo6\" tabindex=\"-1\" title=\"Descargar\" type=\"button\" data-test-id=\"icon-btn-download\"><\/button><\/div>\n<div class=\"img-preview-wrapper\"><img loading=\"lazy\" decoding=\"async\" id=\"yiv1423566385Imagen_x0020_8\" class=\"preview\" src=\"https:\/\/apis.mail.yahoo.com\/ws\/v3\/mailboxes\/@.id==VjN-xF3I97EHoROgkj6VNCdRQqeA2JymVf7t_dNnS0aDi3s78AREAsRDD7nmdHgvOMaxQGPOCLL4yv1gdpoOBPLlCw\/messages\/@.id==AOw2RQQmL2pNYc20vQuJIEiuU9Q\/content\/parts\/@.id==1.9\/thumbnail?appid=YMailNorrin&amp;downloadWhenThumbnailFails=true&amp;pid=1.9\" alt=\"CALENDARIO DE PAGO_Enero_Prensa_AsigPNC\" width=\"604\" height=\"136\" \/><button class=\"c27KHO0_n b_0 M_0 i_0 I_T y_Z2hYGcu A_6EqO r_P C_q cvhIH6_T P_eo6\" tabindex=\"-1\" title=\"Descargar\" type=\"button\" data-test-id=\"icon-btn-download\"><\/button><\/div>\n<div class=\"img-preview-wrapper\"><img loading=\"lazy\" decoding=\"async\" id=\"yiv1423566385Imagen_x0020_9\" class=\"preview\" src=\"https:\/\/apis.mail.yahoo.com\/ws\/v3\/mailboxes\/@.id==VjN-xF3I97EHoROgkj6VNCdRQqeA2JymVf7t_dNnS0aDi3s78AREAsRDD7nmdHgvOMaxQGPOCLL4yv1gdpoOBPLlCw\/messages\/@.id==AOw2RQQmL2pNYc20vQuJIEiuU9Q\/content\/parts\/@.id==1.10\/thumbnail?appid=YMailNorrin&amp;downloadWhenThumbnailFails=true&amp;pid=1.10\" alt=\"CALENDARIO DE PAGO_Enero_Prensa_Desempleo1\" width=\"586\" height=\"136\" \/><button class=\"c27KHO0_n b_0 M_0 i_0 I_T y_Z2hYGcu A_6EqO r_P C_q cvhIH6_T P_eo6\" tabindex=\"-1\" title=\"Descargar\" type=\"button\" data-test-id=\"icon-btn-download\"><\/button><b><\/b><\/div>\n<\/div>\n<\/div>\n<\/div>\n<\/div>\n<\/div>\n<\/div>\n<\/div>\n<\/div>\n<div class=\"jb_0 X_6MGW N_6Fd5\">\n<div><\/div>\n<div style=\"text-align: center;\"><strong>&#8212;&#8212;&#8212;&#8212;&#8212;&#8212;&#8212;&#8212;&#8212;&#8212;&#8212;&#8212;&#8212;&#8212;&#8212;&#8212;&#8212;&#8212;&#8212;&#8212;&#8212;&#8212;&#8212;&#8212;&#8212;-<\/strong><\/div>\n<\/div>\n<div><\/div>\n<\/div>\n<div class=\"H_7jIs D_F ab_C Q_69H5 E_36RhU\" data-test-id=\"toolbar-hover-area\"><\/div>\n<p align=\"center\"><strong><b><span style=\"font-family: Arial; font-size: x-large;\"><span lang=\"ES\">FE DE VIDA<\/span><\/span><\/b><\/strong><\/p>\n<p style=\"text-align: left;\" align=\"center\"><strong><b><span style=\"font-family: Arial; font-size: x-large;\"><span lang=\"ES\">PRORROGA A LA SUSPENSI\u00d3N DEL TR\u00c1MITE <\/span><\/span><\/b><\/strong><\/p>\n<p style=\"text-align: left;\" align=\"center\"><strong><b><span style=\"font-family: Arial; font-size: x-large;\"><span lang=\"ES\">HASTA EL 28 DE FEBRERO DE 2022<\/span><\/span><\/b><\/strong><b><\/b><\/p>\n<p><strong><b><span style=\"font-family: Arial; font-size: large;\"><span lang=\"ES\">ANSES inform\u00f3 que se prorrog\u00f3 hasta el 28 de febrero de 2022 la suspensi\u00f3n de la fe de vida \/ supervivencia para el cobro de las jubilaciones y pensiones de enero y febrero del a\u00f1o pr\u00f3ximo. Esto significa que los beneficiarios y beneficiarias no deben concurrir a los bancos para hacer la gesti\u00f3n.<\/span><\/span><\/b><\/strong><\/p>\n<p><strong><b><span style=\"font-family: Arial; font-size: large;\"><span lang=\"ES\">Adem\u00e1s, se establece que los titulares residentes en el exterior pueden presentar el certificado de supervivencia semestral ante el banco apoderado a partir del 1\u00ba de enero de 2022.<\/span><\/span><\/b><\/strong><\/p>\n<\/div>\n<div><\/div>\n<div style=\"text-align: center;\"><strong>&#8212;&#8212;&#8212;&#8212;&#8212;&#8212;&#8212;&#8212;&#8212;&#8212;&#8212;&#8212;&#8212;&#8212;&#8212;&#8212;&#8212;&#8212;&#8212;&#8212;&#8212;&#8212;&#8212;&#8212;&#8212;-<\/strong><\/div>\n<div><\/div>\n<div><strong>ANSES Y LA CAME ARTICULAN POL\u00cdTICAS PARA INCENTIVAR EL CONSUMO INTERNO<\/strong><\/div>\n<div><\/div>\n<div class=\"msg-body P_wpofO mq_AS\" data-test-id=\"message-view-body-content\">\n<div class=\"jb_0 X_6MGW N_6Fd5\">\n<div id=\"yiv0892937419\">\n<div id=\"mail-app-container\" data-reactroot=\"\">\n<div class=\"pointer-mode H_6D6F\">\n<div class=\"D_F ek_BB H_6D6F aw_2941hk ba_10I1Qt az_oOItw ay_Z1nkUQx I_kt4zd\">\n<div id=\"app\" class=\"D_F ek_BB H_6D6F cZ1RN91d_n s_1HCsWR aw_Z22yhkg I_kt4zd az_DW ba_Z2gmOa3 ay_Z1cYiMT c2hBT4u_Zm6i39 cZTwBjO_Zdogtk\" tabindex=\"-1\" data-test-id=\"mail-app\">\n<div class=\"I_ZnwrMC D_F em_N o_h W_6D6F H_6D6F\" data-test-id=\"content-area\">\n<div class=\"D_F em_N o_h s_1HCsWR\" data-test-id=\"content-below-tabs\">\n<div id=\"mail-app-component-container\" class=\"D_F em_N ej_eUh o_h\">\n<div id=\"mail-app-component\" class=\"em_N gl_C I_52qC j_ZlOSbd o_h p_R D_F s_e5X x_Z14vXdP\" data-yaft-module=\"norrin_main\" data-test-id=\"mail-app-component\">\n<div class=\"D_F ek_BB p_a Z_0 L_0 R_0 T_0 B_0 cZ1RN91d_GG I_ZnwrMC\" data-test-id=\"message-group-view\">\n<div class=\"iz_A I_52qC em_0 Z_0\" role=\"main\" data-test-id=\"message-group-view-scroller\" aria-label=\"Vista de mensajes\">\n<div data-test-id=\"focus-group\" aria-label=\"Grupo de navegaci\u00f3n del teclado. Usa las flechas para navegar o el tabulador para pasar al siguiente grupo.\">\n<div class=\"p_R b_2w4l8N I_52qC em_N it_689y X_fq7 N_6LEV iu_FJ is_Z2bg7IA iv_0 iv3_dRA cZdTOHS_28Otf4 j_ZlOSbd message-view\" tabindex=\"40\" data-test-id=\"message-view\" data-test-expanded=\"true\" data-iskeynav=\"true\">\n<div data-test-id=\"message-body-container\">\n<div class=\"I_52qC D_FY W_6D6F\" data-test-id=\"message-view-body\">\n<div class=\"msg-body P_wpofO mq_AS\" data-test-id=\"message-view-body-content\">\n<div class=\"jb_0 X_6MGW N_6Fd5\">\n<div id=\"yiv3899771123\">\n<div dir=\"ltr\">\n<div class=\"yiv3899771123WordSection1\">\n<p class=\"yiv3899771123MsoNormal\">La directora ejecutiva de ANSES,\u00a0Fernanda Raverta\u00a0y el presidente de la C\u00e1mara representante de la Mediana Empresa (CAME),\u00a0Alfredo Gonz\u00e1lez, evaluaron el impacto que est\u00e1 teniendo el programa<i>\u00a0Beneficios ANSES<\/i>\u00a0y anunciaron su ampliaci\u00f3n para el verano.<\/p>\n<p class=\"yiv3899771123MsoNormal\">\u201c<i>El programa de Beneficios ANSES tiene que ver con pensar en una Argentina donde a todas y todos nos pueda ir mejor. Si a un comercio le va mejor y vende m\u00e1s, hay nuevos puestos de trabajo, si hay m\u00e1s trabajo hay una mayor recaudaci\u00f3n y por lo tanto podremos lograr mejores jubilaciones<\/i>\u201d, indic\u00f3\u00a0Raverta\u00a0en la sede central de CAME, donde destac\u00f3 la articulaci\u00f3n entre el organismo previsional y la C\u00e1mara.<\/p>\n<\/div>\n<p><img loading=\"lazy\" decoding=\"async\" class=\"aligncenter size-full wp-image-14128\" src=\"https:\/\/revistaepocadigital.com.ar\/wp-content\/uploads\/2021\/12\/ANSES_CAME_4.jpeg\" alt=\"\" width=\"576\" height=\"384\" srcset=\"https:\/\/revistaepocadigital.com.ar\/wp-content\/uploads\/2021\/12\/ANSES_CAME_4.jpeg 576w, https:\/\/revistaepocadigital.com.ar\/wp-content\/uploads\/2021\/12\/ANSES_CAME_4-300x200.jpeg 300w\" sizes=\"auto, (max-width: 576px) 100vw, 576px\" \/><\/p>\n<div class=\"yiv3899771123WordSection1\">\n<p class=\"yiv3899771123MsoNormal\">Por su parte,\u00a0Gonz\u00e1lez\u00a0convoc\u00f3 a \u201c<i>continuar articulando nuevas estrategias de acciones de negocio en conjunto entre la ANSES y CAME, para seguir generando consumo interno y as\u00ed seguir fortaleciendo a las Pymes en nuestro pa\u00eds<\/i>\u201d.<\/p>\n<p class=\"yiv3899771123MsoNormal\">Tambi\u00e9n estuvo presente el secretario general de ANSES,\u00a0Santiago Fraschina, quien analiz\u00f3 el impacto econ\u00f3mico del programa durante el 2021 y destac\u00f3 que \u201c<i>s\u00f3lo durante el mes de noviembre la ANSES invirti\u00f3 378 mil millones de pesos entre todas sus prestaciones y este dinero termina en el consumo<\/i>\u201d.<\/p>\n<p class=\"yiv3899771123MsoNormal\">En tal sentido, se\u00f1al\u00f3: \u201c<i>Queremos que ese consumo est\u00e9 dirigido al peque\u00f1o y mediano comerciante y este es un programa que va en este sentido. Este a\u00f1o logramos un salto cualitativo en la adhesi\u00f3n de comercios al programa de Beneficios ANSES al totalizar 8167 puntos de venta a lo largo de todo el pa\u00eds<\/i>\u201d.<\/p>\n<p class=\"yiv3899771123MsoNormal\">Finalmente, la coordinadora Comercial de Programas Estrat\u00e9gicos de ANSES,\u00a0Gabriela Cortes, afirm\u00f3 que \u201c<i>desde el mes de mayo de 2020 el programa comenz\u00f3 a ser parte de un conjunto de pol\u00edticas p\u00fablicas que apuntan a fortalecer las econom\u00edas locales<\/i>\u201d. Y destac\u00f3: \u201c<i>Para poder llegar a cada rinc\u00f3n del pa\u00eds coordinamos con los municipios y las c\u00e1maras de comercio locales, e hicimos un desarrollo importante en la web del programa, en donde las personas pueden usar el localizador para encontrar a cada comercio adherido<\/i>\u201d.<\/p>\n<p class=\"yiv3899771123MsoNormal\">De esta manera, en v\u00edsperas del comienzo de la temporada estival, se present\u00f3 el\u00a0<i>Beneficios ANSES<\/i>\u00a0<i>Verano<\/i>\u00a0con descuentos en hoteler\u00eda, transporte y esparcimiento en distintos puntos tur\u00edsticos del pa\u00eds.<\/p>\n<p class=\"yiv3899771123MsoNormal\">Particip\u00f3 tambi\u00e9n del encuentro la vicepresidenta de CAME,\u00a0Claudia Fern\u00e1ndez.<\/p>\n<p class=\"yiv3899771123MsoNormal\">Este programa permite que todas aquellas personas titulares de prestaciones accedan a un descuento del 10 por ciento en sus compras todos los d\u00edas lunes usando la tarjeta de d\u00e9bito en comercios adheridos. Son casi 18 millones las personas alcanzadas por\u00a0<i>Beneficios ANSES<\/i>.<\/p>\n<p class=\"yiv3899771123MsoNormal\">Objetivos del programa<\/p>\n<p class=\"yiv3899771123MsoNormal\">\u00b7\u00a0\u00a0\u00a0\u00a0\u00a0\u00a0\u00a0\u00a0Potenciar las ventas de los comercios adheridos.<\/p>\n<p class=\"yiv3899771123MsoNormal\">\u00b7\u00a0\u00a0\u00a0\u00a0\u00a0\u00a0\u00a0\u00a0Incrementar el poder adquisitivo de las personas titulares de prestaciones, a modo de ingreso indirecto.<\/p>\n<p class=\"yiv3899771123MsoNormal\">\u00b7\u00a0\u00a0\u00a0\u00a0\u00a0\u00a0\u00a0\u00a0Dinamizar y potenciar la econom\u00eda local a trav\u00e9s de la adhesi\u00f3n de comercios de cercan\u00edas, peque\u00f1as y medianas empresas que abarquen todos los rubros comerciales<\/p>\n<\/div>\n<\/div>\n<\/div>\n<\/div>\n<\/div>\n<\/div>\n<\/div>\n<\/div>\n<\/div>\n<\/div>\n<\/div>\n<\/div>\n<\/div>\n<\/div>\n<\/div>\n<\/div>\n<\/div>\n<\/div>\n<\/div>\n<\/div>\n<\/div>\n<\/div>\n<p style=\"text-align: center;\"><strong>&#8212;&#8212;&#8212;&#8212;&#8212;&#8212;&#8212;&#8212;&#8212;&#8212;&#8212;&#8212;&#8212;&#8212;&#8212;&#8212;&#8212;<\/strong><\/p>\n<p>&nbsp;<\/p>\n<div class=\"msg-body P_wpofO mq_AS\" data-test-id=\"message-view-body-content\">\n<div class=\"jb_0 X_6MGW N_6Fd5\">\n<div id=\"yiv2627414894\">\n<div class=\"yiv2627414894WordSection1\">\n<p><strong><b><span style=\"font-family: Arial; font-size: large;\">ANSES inform\u00f3 el calendario de pagos del mes de <\/span><\/b><\/strong><strong><b><span style=\"font-family: Arial; font-size: large;\">diciembre<\/span><\/b><\/strong><strong><b><span style=\"font-family: Arial; font-size: large;\">\u00a0para jubilados, jubiladas, pensionados y pensionadas, Pensiones No Contributivas, titulares de la Asignaci\u00f3n Universal por Hijo y la Asignaci\u00f3n por Embarazo, Asignaciones Familiares y de Pago \u00danico (Matrimonio, Nacimiento y Adopci\u00f3n) y Prestaci\u00f3n por Desempleo.<\/span><\/b><\/strong><b><\/b><\/p>\n<p><strong><b><span style=\"font-family: Arial; font-size: large;\">\u00a0<\/span><\/b><\/strong><\/p>\n<div class=\"img-preview-wrapper\"><img loading=\"lazy\" decoding=\"async\" id=\"yiv2627414894Imagen_x0020_9\" class=\"preview\" src=\"https:\/\/apis.mail.yahoo.com\/ws\/v3\/mailboxes\/@.id==VjN-xF3I97EHoROgkj6VNCdRQqeA2JymVf7t_dNnS0aDi3s78AREAsRDD7nmdHgvOMaxQGPOCLL4yv1gdpoOBPLlCw\/messages\/@.id==AKWd_GIE-h3LYaUk1goCgBT_7UI\/content\/parts\/@.id==1.2\/thumbnail?appid=YMailNorrin&amp;downloadWhenThumbnailFails=true&amp;pid=1.2\" alt=\"Jubilados y Pensionados No Superan\" width=\"604\" height=\"136\" \/><button class=\"c27KHO0_n b_0 M_0 i_0 I_T y_Z2hYGcu A_6EqO r_P C_q cvhIH6_T P_eo6\" tabindex=\"-1\" title=\"Descargar\" type=\"button\" data-test-id=\"icon-btn-download\"><\/button><\/div>\n<div class=\"img-preview-wrapper\"><img loading=\"lazy\" decoding=\"async\" id=\"yiv2627414894Imagen_x0020_8\" class=\"preview\" src=\"https:\/\/apis.mail.yahoo.com\/ws\/v3\/mailboxes\/@.id==VjN-xF3I97EHoROgkj6VNCdRQqeA2JymVf7t_dNnS0aDi3s78AREAsRDD7nmdHgvOMaxQGPOCLL4yv1gdpoOBPLlCw\/messages\/@.id==AKWd_GIE-h3LYaUk1goCgBT_7UI\/content\/parts\/@.id==1.3\/thumbnail?appid=YMailNorrin&amp;downloadWhenThumbnailFails=true&amp;pid=1.3\" alt=\"Jubilados y Pensioandos Superan\" width=\"604\" height=\"136\" \/><button class=\"c27KHO0_n b_0 M_0 i_0 I_T y_Z2hYGcu A_6EqO r_P C_q cvhIH6_T P_eo6\" tabindex=\"-1\" title=\"Descargar\" type=\"button\" data-test-id=\"icon-btn-download\"><\/button><\/div>\n<div class=\"img-preview-wrapper\"><img loading=\"lazy\" decoding=\"async\" id=\"yiv2627414894Imagen_x0020_7\" class=\"preview\" src=\"https:\/\/apis.mail.yahoo.com\/ws\/v3\/mailboxes\/@.id==VjN-xF3I97EHoROgkj6VNCdRQqeA2JymVf7t_dNnS0aDi3s78AREAsRDD7nmdHgvOMaxQGPOCLL4yv1gdpoOBPLlCw\/messages\/@.id==AKWd_GIE-h3LYaUk1goCgBT_7UI\/content\/parts\/@.id==1.4\/thumbnail?appid=YMailNorrin&amp;downloadWhenThumbnailFails=true&amp;pid=1.4\" alt=\"Asignaci\u00f3n Universal por Hijo y Asignaci\u00f3n Familiar por Hijo\" width=\"604\" height=\"136\" \/><button class=\"c27KHO0_n b_0 M_0 i_0 I_T y_Z2hYGcu A_6EqO r_P C_q cvhIH6_T P_eo6\" tabindex=\"-1\" title=\"Descargar\" type=\"button\" data-test-id=\"icon-btn-download\"><\/button><\/div>\n<div class=\"img-preview-wrapper\"><img loading=\"lazy\" decoding=\"async\" id=\"yiv2627414894Imagen_x0020_6\" class=\"preview\" src=\"https:\/\/apis.mail.yahoo.com\/ws\/v3\/mailboxes\/@.id==VjN-xF3I97EHoROgkj6VNCdRQqeA2JymVf7t_dNnS0aDi3s78AREAsRDD7nmdHgvOMaxQGPOCLL4yv1gdpoOBPLlCw\/messages\/@.id==AKWd_GIE-h3LYaUk1goCgBT_7UI\/content\/parts\/@.id==1.5\/thumbnail?appid=YMailNorrin&amp;downloadWhenThumbnailFails=true&amp;pid=1.5\" alt=\"Asignacion por Embarazo\" width=\"604\" height=\"136\" \/><button class=\"c27KHO0_n b_0 M_0 i_0 I_T y_Z2hYGcu A_6EqO r_P C_q cvhIH6_T P_eo6\" tabindex=\"-1\" title=\"Descargar\" type=\"button\" data-test-id=\"icon-btn-download\"><\/button><\/div>\n<p align=\"center\"><strong><b><span style=\"font-family: Arial; font-size: large;\">\u00a0<\/span><\/b><\/strong><\/p>\n<div class=\"img-preview-wrapper\"><img loading=\"lazy\" decoding=\"async\" id=\"yiv2627414894Imagen_x0020_5\" class=\"preview\" src=\"https:\/\/apis.mail.yahoo.com\/ws\/v3\/mailboxes\/@.id==VjN-xF3I97EHoROgkj6VNCdRQqeA2JymVf7t_dNnS0aDi3s78AREAsRDD7nmdHgvOMaxQGPOCLL4yv1gdpoOBPLlCw\/messages\/@.id==AKWd_GIE-h3LYaUk1goCgBT_7UI\/content\/parts\/@.id==1.6\/thumbnail?appid=YMailNorrin&amp;downloadWhenThumbnailFails=true&amp;pid=1.6\" alt=\"Asignaciones Prenatal y Maternidad\" width=\"604\" height=\"136\" \/><button class=\"c27KHO0_n b_0 M_0 i_0 I_T y_Z2hYGcu A_6EqO r_P C_q cvhIH6_T P_eo6\" tabindex=\"-1\" title=\"Descargar\" type=\"button\" data-test-id=\"icon-btn-download\"><\/button><\/div>\n<div class=\"img-preview-wrapper\"><img loading=\"lazy\" decoding=\"async\" id=\"yiv2627414894Imagen_x0020_4\" class=\"preview\" src=\"https:\/\/apis.mail.yahoo.com\/ws\/v3\/mailboxes\/@.id==VjN-xF3I97EHoROgkj6VNCdRQqeA2JymVf7t_dNnS0aDi3s78AREAsRDD7nmdHgvOMaxQGPOCLL4yv1gdpoOBPLlCw\/messages\/@.id==AKWd_GIE-h3LYaUk1goCgBT_7UI\/content\/parts\/@.id==1.7\/thumbnail?appid=YMailNorrin&amp;downloadWhenThumbnailFails=true&amp;pid=1.7\" alt=\"Asignaciones de PagoUnico\" width=\"604\" height=\"136\" \/><button class=\"c27KHO0_n b_0 M_0 i_0 I_T y_Z2hYGcu A_6EqO r_P C_q cvhIH6_T P_eo6\" tabindex=\"-1\" title=\"Descargar\" type=\"button\" data-test-id=\"icon-btn-download\"><\/button><\/div>\n<div class=\"img-preview-wrapper\"><img loading=\"lazy\" decoding=\"async\" id=\"yiv2627414894Imagen_x0020_3\" class=\"preview\" src=\"https:\/\/apis.mail.yahoo.com\/ws\/v3\/mailboxes\/@.id==VjN-xF3I97EHoROgkj6VNCdRQqeA2JymVf7t_dNnS0aDi3s78AREAsRDD7nmdHgvOMaxQGPOCLL4yv1gdpoOBPLlCw\/messages\/@.id==AKWd_GIE-h3LYaUk1goCgBT_7UI\/content\/parts\/@.id==1.8\/thumbnail?appid=YMailNorrin&amp;downloadWhenThumbnailFails=true&amp;pid=1.8\" alt=\"Pensiones No Contributivas\" width=\"604\" height=\"136\" \/><button class=\"c27KHO0_n b_0 M_0 i_0 I_T y_Z2hYGcu A_6EqO r_P C_q cvhIH6_T P_eo6\" tabindex=\"-1\" title=\"Descargar\" type=\"button\" data-test-id=\"icon-btn-download\"><\/button><\/div>\n<div class=\"img-preview-wrapper\"><img loading=\"lazy\" decoding=\"async\" id=\"yiv2627414894Imagen_x0020_2\" class=\"preview\" src=\"https:\/\/apis.mail.yahoo.com\/ws\/v3\/mailboxes\/@.id==VjN-xF3I97EHoROgkj6VNCdRQqeA2JymVf7t_dNnS0aDi3s78AREAsRDD7nmdHgvOMaxQGPOCLL4yv1gdpoOBPLlCw\/messages\/@.id==AKWd_GIE-h3LYaUk1goCgBT_7UI\/content\/parts\/@.id==1.9\/thumbnail?appid=YMailNorrin&amp;downloadWhenThumbnailFails=true&amp;pid=1.9\" alt=\"Asignaciones de PNC\" width=\"604\" height=\"136\" \/><button class=\"c27KHO0_n b_0 M_0 i_0 I_T y_Z2hYGcu A_6EqO r_P C_q cvhIH6_T P_eo6\" tabindex=\"-1\" title=\"Descargar\" type=\"button\" data-test-id=\"icon-btn-download\"><\/button><\/div>\n<div class=\"img-preview-wrapper\"><img loading=\"lazy\" decoding=\"async\" id=\"yiv2627414894Imagen_x0020_1\" class=\"preview\" src=\"https:\/\/apis.mail.yahoo.com\/ws\/v3\/mailboxes\/@.id==VjN-xF3I97EHoROgkj6VNCdRQqeA2JymVf7t_dNnS0aDi3s78AREAsRDD7nmdHgvOMaxQGPOCLL4yv1gdpoOBPLlCw\/messages\/@.id==AKWd_GIE-h3LYaUk1goCgBT_7UI\/content\/parts\/@.id==1.10\/thumbnail?appid=YMailNorrin&amp;downloadWhenThumbnailFails=true&amp;pid=1.10\" alt=\"Prestaci\u00f3n por Desempleo\" width=\"604\" height=\"136\" \/><\/div>\n<\/div>\n<\/div>\n<\/div>\n<\/div>\n<div class=\"main-container container js-quickedit-main-content\" role=\"main\">\n<div class=\"row\">\n<section class=\"col-sm-8\">\n<div class=\"region region-content\">\n<article role=\"article\" data-history-node-id=\"7347\">\n<div class=\"field field--name-field-important-announcement field--type-text-long field--label-above\">\n<div class=\"field--item\">\n<p>&#8212;&#8212;&#8212;&#8212;&#8212;&#8212;&#8212;&#8212;&#8212;&#8212;&#8212;&#8212;&#8212;&#8212;&#8212;&#8212;&#8212;&#8212;&#8212;&#8212;&#8212;&#8212;&#8212;&#8212;&#8212;&#8212;&#8212;&#8212;&#8212;&#8212;&#8212;&#8212;-El primer pago del Complemento mensual para el Salario Familiar se deposita el d\u00eda <strong>25 de octubre<\/strong>.<\/p>\n<p>Record\u00e1 que pod\u00e9s consultar tus cobros ingresando a\u00a0<strong>mi\u00a0ANSES &gt; Hijas e Hijos &gt; Mis Asignaciones<\/strong>\u00a0o desde tu celular con la\u00a0<a href=\"https:\/\/play.google.com\/store\/apps\/details?id=com.MiANSES\">app mi ANSES<\/a><\/p>\n<\/div>\n<\/div>\n<div class=\"field field--name-body field--type-text-with-summary field--label-hidden field--item\">\n<h2>A qui\u00e9nes les corresponde<\/h2>\n<p>A trabajadoras\/es registradas\/os con ingresos familiares de hasta $115.062, monotributistas (categor\u00edas A, B, C y D) y titulares de la Prestaci\u00f3n por Desempleo que tengan hijas y\/o hijos a cargo y que est\u00e9n cobrando asignaciones familiares.<\/p>\n<h2>En qu\u00e9 consiste la medida<\/h2>\n<p>A partir de octubre, mediante un pago complementario, se duplicar\u00e1 el valor general del Salario Familiar a 2.1 millones de trabajadoras y trabajadores argentinos y a un total de 3.2 millones de ni\u00f1os, ni\u00f1as y adolescentes.<\/p>\n<p>Este complemento, que es una medida de car\u00e1cter permanente,\u00a0 se implementar\u00e1 de la siguiente forma:<\/p>\n<ul>\n<li><strong>Complemento mensual de $5.063<\/strong>\u00a0por cada hija o hijo para trabajadoras\/es con ingresos familiares hasta $78.454 y monotributistas A, B o C.<\/li>\n<li><strong>Complemento mensual de $3.415<\/strong>\u00a0por cada hija o hijo para trabajadoras\/es con ingresos familiares entre $78.454,01 y $115.062 y monotributistas de la categor\u00eda D.<\/li>\n<\/ul>\n<p>No es necesario que realices ning\u00fan tr\u00e1mite, vas a recibir el complemento en la misma cuenta donde percib\u00eds tus asignaciones familiares todos los meses y de forma autom\u00e1tica.\u00a0<a title=\"Montos Asignaciones Familiares Octubre\" href=\"https:\/\/www.anses.gob.ar\/cartilla\/montos-asignaciones-familiares-octubre\">Consult\u00e1 los montos de Asignaciones Familiares<\/a>.<\/p>\n<p>&nbsp;<\/p>\n<p><strong>Ejemplos:<\/strong><\/p>\n<p>-Una trabajadora o trabajador que tiene un ingreso registrado de $46.656 con dos hijas\/os a cargo, que hoy percibe con las asignaciones $56.782, pasar\u00e1 a cobrar en octubre $66.908.<\/p>\n<p>-Una trabajadora o trabajador que tiene un ingreso registrado de $62.208 con dos hijas\/os a cargo, que hoy percibe con las asignaciones $72.334, pasar\u00e1 a cobrar en octubre $82.460.<\/p>\n<\/div>\n<\/article>\n<\/div>\n<\/section>\n<\/div>\n<\/div>\n<footer id=\"footer\" class=\"footer\" role=\"contentinfo\">\n<div class=\"footer-bar\">\n<div class=\"col-sm-12\">\n<div class=\"container\">\n<div class=\"col-sm-4 logo\"><\/div>\n<\/div>\n<\/div>\n<\/div>\n<\/footer>\n<div class=\"msg-body P_wpofO mq_AS\" data-test-id=\"message-view-body-content\">\n<div class=\"jb_0 X_6MGW N_6Fd5\">\n<div id=\"yiv9799585958\">\n<div class=\"yiv9799585958WordSection1\">\n<p class=\"yiv9415154492MsoNormal\" align=\"center\"><b>ooooooooooooooooooooooooooooooooo<\/b><\/p>\n<p class=\"yiv9415154492MsoNormal\" align=\"center\"><b>LOS J\u00d3VENES DEL PROGRESAR TENDR\u00c1N UN PLUS PARA ASEGURAR LA CONECTIVIDAD\u00a0<\/b><\/p>\n<p class=\"yiv9415154492MsoNormal\" align=\"center\"><i>La titular de la ANSES Fernanda Raverta y el ministro de Educaci\u00f3n Jaime Perczyk anunciaron que los titulares del Progresar acceder\u00e1n a un plus por conectividad y destacaron que el programa est\u00e1 recuperando los niveles de acompa\u00f1amiento a estudiantes que ten\u00eda en 2015<\/i><\/p>\n<p class=\"yiv9415154492MsoNormal\">A partir del 12 de octubre, un mill\u00f3n de estudiantes comenzaron a recibir mensualmente un plus junto a su beca, sin necesidad de realizar ning\u00fan tr\u00e1mite adicional. Esta medida garantiza que todas las y los j\u00f3venes cuenten con las herramientas necesarias para seguir estudiando.<\/p>\n<p class=\"yiv9415154492MsoNormal\">En la Universidad Nacional de Lomas de Zamora (UNLZ) y acompa\u00f1ada por el ministro de Educaci\u00f3n de la Naci\u00f3n,\u00a0<b>Jaime Perczyk<\/b>, la directora ejecutiva de la ANSES,\u00a0<b>Fernanda Raverta<\/b>\u00a0se\u00f1al\u00f3 que\u00a0<i>&#8220;Desde el primer d\u00eda de gesti\u00f3n del ministro\u00a0<b>Perczyk<\/b>\u00a0nos reunimos para evaluar c\u00f3mo mejorar y profundizar el Progresar que hoy acompa\u00f1a a un mill\u00f3n de j\u00f3venes de toda la Argentina\u201d<\/i>.<\/p>\n<p class=\"yiv9415154492MsoNormal\"><i>&#8220;En ese sentido, y como primera medida decidimos dar soluci\u00f3n a un problema que ten\u00edan muchas chicas y chicos para acceder a la conectividad a internet. Es nuestra prioridad que las y los j\u00f3venes de nuestro pa\u00eds puedan acceder a una educaci\u00f3n de mejor calidad y esta medida va en l\u00ednea con esa meta de gobierno\u201d.<\/i><\/p>\n<p class=\"yiv9415154492MsoNormal\"><i>\u201cEl Progresar es una pol\u00edtica que debemos valorar y profundizar porque iguala las oportunidades de todas las chicas y chicos de nuestro pa\u00eds, generando las condiciones y posibilidades para que puedan continuar y terminar sus estudios. Ese nuestro objetivo\u201d<\/i>, resalt\u00f3.<\/p>\n<p class=\"yiv9415154492MsoNormal\">Por su parte, el titular de la cartera educativa asegur\u00f3 que:\u00a0<i>\u201cNos parece central que haya un mill\u00f3n de chicas y chicos que ya cuentan con las becas Progresar. Hoy el Estado invierte para que todas las y los j\u00f3venes se puedan conectar. Queremos una universidad abierta a todas las y los estudiantes y esta iniciativa es de suma trascendencia para lograrlo<\/i><\/p>\n<p class=\"yiv6866791152MsoNormal\">OOOOOOOOOOOOOOOOOOOOOOOOOOOOO<\/p>\n<p>&nbsp;<\/p>\n<p class=\"yiv6866791152MsoNormal\">La directora ejecutiva de la ANSES,<strong>\u00a0Fernanda Raverta,<\/strong> dio detalles del Complemento Mensual para el Salario Familiar que se pagar\u00e1 a partir de este mes a trabajadores en relaci\u00f3n de dependencia, monotributistas hasta la categor\u00eda D y quienes cobran la Prestaci\u00f3n por Desempleo.<\/p>\n<p class=\"yiv6866791152MsoNormal\">Durante las declaraciones, que fueron realizadas en Radio La Red y El Destape Radio,\u00a0Raverta\u00a0destac\u00f3 que la medida:\u00a0<i>\u201ctiene que ver con una decisi\u00f3n del Presidente de la Naci\u00f3n, de pensar en c\u00f3mo ayudar y acompa\u00f1ar a las familias de los trabajadores asalariados. Ustedes saben que se hace un enorme esfuerzo de complementos alimentarios para las familias que no tienen trabajo registrado con la Tarjeta Alimentar y con la Asignaci\u00f3n Universal por Hijo. Bueno, esta medida es para casi 2 millones de titulares que cobran asignaciones familiares por m\u00e1s de 3 millones de ni\u00f1os, ni\u00f1as y adolescentes\u201d.<\/i><\/p>\n<p class=\"yiv6866791152MsoNormal\">\u201c<i>El primer mes va a ser el de octubre, que va a tener un complemento mensual que, en este caso, va a duplicar la asignaci\u00f3n familiar. Hoy, un trabajador que tiene un hijo y cobra por ingreso familiar hasta 78 mil pesos de salario, es decir un trabajador rango 1, cobra 5063 pesos de asignaci\u00f3n familiar. Bueno, en octubre va a cobrar 10.126 pesos por cada uno de sus hijos\u201d,\u00a0<\/i>detall\u00f3 la directora ejecutiva.<\/p>\n<p class=\"yiv6866791152MsoNormal\"><i>\u201cEsto significa que ninguna de las asignaciones de trabajadores con ingresos familiares hasta 78 mil pesos y monotributistas A, B y C; va a ser menor a 10.126 pesos. Y los del rango 2, que cobran entre 78 mil y 105 mil (monotributo categor\u00eda D) tambi\u00e9n cobrar\u00e1n 6830 pesos\u201d<\/i>, aclar\u00f3 la funcionaria.<\/p>\n<p class=\"yiv6866791152MsoNormal\"><i>\u00a0\u201cEs una excelente noticia para esas familias que est\u00e1n haciendo un esfuerzo enorme, que ponen mucho sacrificio en el esfuerzo de trabajar todos los d\u00edas, de llegar a fin de mes, que la pelean d\u00eda a d\u00eda. Con esta medida lo que hacemos como Estado es acompa\u00f1arlos a\u00fan m\u00e1s\u201d.\u00a0<\/i>Y concluy\u00f3:<i>\u00a0<\/i><i>\u201cSomos un gobierno que cree en la responsabilidad de generar condiciones desde que asumimos la gesti\u00f3n y esta medida tiene que ver con eso, con no negar el esfuerzo individual, pero saber que cuando es acompa\u00f1ado por pol\u00edticas p\u00fablicas que generan condiciones, ese esfuerzo individual alcanza hasta fin de mes, rinde m\u00e1s y acompa\u00f1a el desarrollo de los trabajadores\u201d.<\/i><\/p>\n<p class=\"yiv6866791152MsoNormal\"><b>\u00a0<\/b><\/p>\n<p align=\"center\"><strong>hhhhhhhhhhhhhhhhhhhhhhhhhhhhhhhhhhhh<\/strong><\/p>\n<p class=\"yiv9169132826MsoNormal\" align=\"center\"><i>M\u00e1s de 81 mil argentinas y argentinos lograron acceder a sus jubilaciones y pensiones, durante el mes de septiembre, la cantidad m\u00e1s alta en los \u00faltimos 6 a\u00f1os.<\/i><\/p>\n<p class=\"yiv9169132826MsoNormal\">A trav\u00e9s de sus distintos canales de atenci\u00f3n -presencial y virtual-, el organismo\u00a0<b>realiz\u00f3 1.386.539 tr\u00e1mites<\/b>\u00a0entre jubilaciones, pensiones, Asignaciones Universales y Familiares y otros beneficios.<\/p>\n<p class=\"yiv9169132826MsoNormal\">Al respecto, la directora ejecutiva de la ANSES,\u00a0<b>Fernanda Raverta<\/b>, afirm\u00f3: &#8220;<i>Desde principios de a\u00f1o nos comprometimos a redoblar nuestros esfuerzos para recuperar el tiempo que la pandemia nos hab\u00eda quitado y hoy vemos que ese esfuerzo est\u00e1 dando resultados<\/i>\u201d.<\/p>\n<p class=\"yiv9169132826MsoNormal\">Desde enero, el organismo extendi\u00f3 sus horarios de atenci\u00f3n al p\u00fablico y de trabajo al interior de las oficinas, sumando los d\u00edas s\u00e1bados e implementando operativos m\u00f3viles a lo largo y ancho de todo pa\u00eds.<\/p>\n<p class=\"yiv9169132826MsoNormal\">En la modalidad presencial, la ANSES recibi\u00f3 en sus delegaciones a casi un mill\u00f3n de argentinas y argentinos. Por otra parte, mediante la atenci\u00f3n virtual del organismo, se resolvieron 241.028 tr\u00e1mites.<\/p>\n<p class=\"yiv9169132826MsoNormal\">En este marco,\u00a0<b>Raverta<\/b>\u00a0se\u00f1al\u00f3 que, m\u00e1s all\u00e1 de los n\u00fameros, \u201c<i>detr\u00e1s de cada uno de esos tr\u00e1mites hay familias argentinas que esperan una respuesta del Estado y para eso es que trabajamos todos los d\u00edas con enorme dedicaci\u00f3n<\/i>\u201d.<\/p>\n<p class=\"yiv9799585958MsoNormal\">\n<\/div>\n<\/div>\n<\/div>\n<\/div>\n<p class=\"yiv2372895906MsoNormal\" style=\"text-align: center;\"><strong>LLLLLLLLLLLLLLLLLLLLLLLLLLLLLLLLLLLLLLLLLLLLLLLLL<\/strong><\/p>\n<div><\/div>\n<div class=\"msg-body P_wpofO mq_AS\" data-test-id=\"message-view-body-content\">\n<div class=\"jb_0 X_6MGW N_6Fd5\">\n<div id=\"yiv3972721245\">\n<div class=\"yiv3972721245WordSection1\">\n<div class=\"H_7jIs D_F ab_C Q_69H5 E_36RhU\" data-test-id=\"toolbar-hover-area\">\n<div class=\"D_F W_6D6F r_BN gl_C\" data-test-id=\"card-toolbar\">\n<div class=\"D_F ab_C en_0 b_Z14vXdP e_3mS2U I_52qC P_Z1otBpf\">\n<ul class=\"hd_n P_0 H_6D6F M_0 ir3_0 iy_h D_F ab_C\" tabindex=\"0\" role=\"menubar\" data-test-id=\"navigable-list\">\n<li class=\"G_e p_R\" role=\"menuitem\">\n<div data-test-id=\"message-body-container\">\n<div class=\"I_52qC D_FY W_6D6F\" data-test-id=\"message-view-body\">\n<div class=\"msg-body P_wpofO mq_AS\" data-test-id=\"message-view-body-content\">\n<div class=\"jb_0 X_6MGW N_6Fd5\">\n<div id=\"yiv2760186357\">\n<div class=\"yiv2760186357WordSection1\">\n<div class=\"msg-body P_wpofO mq_AS\" data-test-id=\"message-view-body-content\">\n<div class=\"jb_0 X_6MGW N_6Fd5\">\n<div>\n<div id=\"yiv1874784976\">\n<div>\n<div class=\"yiv1874784976WordSection1\">\n<p class=\"yiv1874784976MsoNormal\" align=\"center\"><b>LAS HA RESUELTO A M\u00c1S DEL 55% DE LAS JUBILACIONES CON APORTES POR TAREAS DE CUIDADO INICIADAS EN AGOSTO<\/b><\/p>\n<p class=\"yiv1874784976MsoNormal\" align=\"center\"><b>\u00a0<\/b><\/p>\n<p class=\"yiv1874784976MsoNormal\"><span lang=\"ES\">Durante el primer mes de implementaci\u00f3n del reconocimiento de aportes por tareas de cuidado, la ANSES inici\u00f3 en todo el pa\u00eds\u00a0<b>46.388<\/b>\u00a0expedientes de jubilaci\u00f3n, de los cuales\u00a0<b>25.886<\/b>\u00a0ya fueron resueltos, es decir, el\u00a0<b>55,8 por ciento<\/b>\u00a0de los mismos. A su vez, se otorgaron\u00a0<b>123.078 turnos<\/b>\u00a0para iniciar el tr\u00e1mite en agosto.<\/span><\/p>\n<p class=\"yiv1874784976MsoNormal\"><span lang=\"ES\">Cabe recordar, que este reconocimiento enmarcado en el\u00a0<a href=\"https:\/\/www.boletinoficial.gob.ar\/detalleAviso\/primera\/246989\/20210719\" target=\"_blank\" rel=\"nofollow noopener noreferrer\">Decreto 475\/2021<\/a>, facilita el acceso a la jubilaci\u00f3n a las mujeres con hijos que est\u00e1n en edad de jubilarse y que no cuentan con los aportes necesarios.<\/span><\/p>\n<p class=\"yiv1874784976MsoNormal\">La provincia en la que se iniciaron la mayor cantidad de jubilaciones durante agosto es Buenos Aires con 18.226, seguida por C\u00f3rdoba con 3932, Santa Fe con 3340, la Ciudad Aut\u00f3noma de Buenos Aires con 3006 y Mendoza con 2630.<\/p>\n<p class=\"yiv1874784976MsoNormal\"><b>Caracter\u00edsticas de la pol\u00edtica<\/b><\/p>\n<p class=\"yiv1874784976MsoNormal\"><span lang=\"ES\">El reconocimiento computa:<\/span><\/p>\n<p class=\"yiv1874784976MsoNormal\"><span lang=\"ES\">\u00b7\u00a0\u00a0\u00a0\u00a0\u00a0\u00a0\u00a0\u00a0<\/span><span lang=\"ES\">1 a\u00f1o de aporte por cada hijo o hija;<\/span><\/p>\n<p class=\"yiv1874784976MsoNormal\"><span lang=\"ES\">\u00b7\u00a0\u00a0\u00a0\u00a0\u00a0\u00a0\u00a0\u00a0<\/span><span lang=\"ES\">2 a\u00f1os por hijo o hija adoptado o adoptada siendo menor de edad;<\/span><\/p>\n<p class=\"yiv1874784976MsoNormal\"><span lang=\"ES\">\u00b7\u00a0\u00a0\u00a0\u00a0\u00a0\u00a0\u00a0\u00a0<\/span><span lang=\"ES\">1 a\u00f1o adicional por cada hijo o hija con discapacidad;<\/span><\/p>\n<p class=\"yiv1874784976MsoNormal\"><span lang=\"ES\">\u00b7\u00a0\u00a0\u00a0\u00a0\u00a0\u00a0\u00a0\u00a0<\/span><span lang=\"ES\">2 a\u00f1os adicionales en caso de que el ni\u00f1o o ni\u00f1a haya percibido la Asignaci\u00f3n Universal por Hijo (AUH) por al menos 12 meses.<\/span><\/p>\n<p class=\"yiv1874784976MsoNormal\"><span lang=\"ES\">Asimismo, se reconocen los plazos de licencia por maternidad y de licencia por excedencia de maternidad a las mujeres que hayan hecho uso de estos per\u00edodos al momento del nacimiento de sus hijos o hijas. Esta medida de inclusi\u00f3n es compatible y, de ser necesario, puede complementarse con las moratorias vigentes.<\/span><\/p>\n<p class=\"yiv1874784976MsoNormal\"><span lang=\"ES\">Para m\u00e1s informaci\u00f3n, las interesadas pueden ingresar al\u00a0<a href=\"http:\/\/www.anses.gob.ar\/reconocimiento-de-aportes-por-tareas-de-cuidado\" target=\"_blank\" rel=\"nofollow noopener noreferrer\">sitio de la ANSES<\/a>.<\/span><\/p>\n<p class=\"yiv1874784976MsoNormal\"><span lang=\"ES\">\u00a0<\/span><\/p>\n<p style=\"text-align: center;\"><strong>&#8212;&#8212;&#8212;&#8212;&#8212;&#8212;&#8212;&#8212;&#8212;&#8212;&#8212;&#8212;&#8212;&#8212;&#8212;-<\/strong><\/p>\n<\/div>\n<\/div>\n<\/div>\n<\/div>\n<\/div>\n<\/div>\n<div class=\"jb_0 X_6MGW N_6Fd5\">\n<div class=\"P_0 je_fq7\">\n<ul class=\"hd_n D_F eo_HB M_gQyVX P_0\">\n<li class=\"E_6Fd5 Y_6LEV\" data-test-id=\"attachment-tray-list-item\">\n<div class=\"W_3n93F p_R\" data-test-id=\"attachment-item\">\n<div class=\"I_2iedTo k_w H_7yHc p_R o_h\" data-test-id=\"attachment-container\"><\/div>\n<\/div>\n<\/li>\n<\/ul>\n<\/div>\n<\/div>\n<\/div>\n<\/div>\n<\/div>\n<\/div>\n<\/div>\n<\/div>\n<\/li>\n<\/ul>\n<\/div>\n<\/div>\n<\/div>\n<\/div>\n<\/div>\n<\/div>\n<\/div>\n<div class=\"I_52qC D_FY W_6D6F\" data-test-id=\"message-view-body\">\n<div class=\"msg-body P_wpofO mq_AS\" data-test-id=\"message-view-body-content\">\n<div class=\"jb_0 X_6MGW N_6Fd5\">\n<div id=\"yiv2823373563\">\n<div class=\"yiv2823373563WordSection1\">\n<div class=\"I_52qC D_FY W_6D6F\" data-test-id=\"message-view-body\">\n<div class=\"jb_0 X_6MGW N_6Fd5\">\n<div class=\"P_0 je_fq7\"><\/div>\n<\/div>\n<\/div>\n<p class=\"yiv2823373563MsoNormal\"><b>LA ANSES INAUGUR\u00d3 UNA NUEVA OFICINA EN PILAR<\/b><\/p>\n<\/div>\n<\/div>\n<\/div>\n<\/div>\n<\/div>\n<div class=\"D_F ek_BB H_6D6F aw_2941hk ba_10I1Qt az_oOItw ay_Z1nkUQx I_kt4zd\">\n<div id=\"app\" class=\"D_F ek_BB H_6D6F cZ1RN91d_n s_1HCsWR aw_Z22yhkg I_kt4zd az_DW ba_Z2gmOa3 ay_Z1cYiMT c2hBT4u_Zm6i39 cZTwBjO_Zdogtk\" tabindex=\"-1\" data-test-id=\"mail-app\">\n<div class=\"I_ZnwrMC D_F em_N o_h W_6D6F H_6D6F\" data-test-id=\"content-area\">\n<div class=\"D_F em_N o_h s_1HCsWR\" data-test-id=\"content-below-tabs\">\n<div id=\"mail-app-component-container\" class=\"D_F em_N ej_eUh o_h\">\n<div id=\"mail-app-component\" class=\"em_N gl_C I_52qC j_ZlOSbd o_h p_R D_F s_e5X x_Z14vXdP\" data-yaft-module=\"norrin_main\" data-test-id=\"mail-app-component\">\n<div class=\"D_F ek_BB p_a Z_0 L_0 R_0 T_0 B_0 cZ1RN91d_GG I_ZnwrMC\" data-test-id=\"message-group-view\">\n<div class=\"iz_A I_52qC em_0 Z_0\" role=\"main\" data-test-id=\"message-group-view-scroller\" aria-label=\"Vista de mensajes\">\n<div data-test-id=\"focus-group\" aria-label=\"Grupo de navegaci\u00f3n del teclado. Usa las flechas para navegar o el tabulador para pasar al siguiente grupo.\">\n<ul class=\"hd_n M_0 X_0\" data-test-id=\"cards\">\n<li class=\"m_Z12nDQf D_F ek_BB ir_0\">\n<div class=\"I_52qC D_FY W_6D6F\" data-test-id=\"message-view-body\">\n<div class=\"jb_0 X_6MGW N_6Fd5\">\n<div class=\"P_0 je_fq7\">\n<ul class=\"hd_n D_F eo_HB M_gQyVX P_0\">\n<li class=\"E_6Fd5 Y_6LEV\" data-test-id=\"attachment-tray-list-item\">\n<div class=\"W_3n93F p_R\" data-test-id=\"attachment-item\">\n<div class=\"A_6Eb4 i_6FIA J_x D_F r_P\">\n<div class=\"en_0\">\n<div class=\"u_dzD A_6DUj\">\n<div class=\"I_52qC D_FY W_6D6F\" data-test-id=\"message-view-body\">\n<div class=\"msg-body P_wpofO mq_AS\" data-test-id=\"message-view-body-content\">\n<div class=\"jb_0 X_6MGW N_6Fd5\">\n<div id=\"yiv2287868306\">\n<div class=\"yiv2287868306WordSection1\">\n<div class=\"I_52qC D_FY W_6D6F\" data-test-id=\"message-view-body\">\n<div class=\"msg-body P_wpofO mq_AS\" data-test-id=\"message-view-body-content\">\n<div class=\"jb_0 X_6MGW N_6Fd5\">\n<div id=\"yiv2308675754\">\n<div class=\"yiv2308675754WordSection1\">\n<p class=\"yiv2308675754MsoNormal\">Con el fin de seguir llevando la Seguridad Social, la ANSES inaugur\u00f3 (12\/8) una nueva oficina de atenci\u00f3n en la localidad de Derqui, municipio de Pilar. Estuvieron presentes el intendente de ese distrito bonaerense, <b>Federico Achaval,\u00a0<\/b>el jefe del bloque oficialista en la C\u00e1mara de Diputados,\u00a0<b>M\u00e1ximo Kirchner<\/b>, y la directora ejecutiva de la ANSES,\u00a0<b>Fernanda Raverta<\/b>.<\/p>\n<p class=\"yiv2308675754MsoNormal\">Estuvo presente tambi\u00e9n en la inauguraci\u00f3n la subsecretaria de Pol\u00edticas de G\u00e9nero y Diversidad Sexual de la Provincia de Buenos Aires,\u00a0<b>Luc\u00eda Portos<\/b>. Adem\u00e1s, fueron parte del encuentro el secretario de Gobierno y Desarrollo Comunitario,\u00a0<b>Santiago Laurent,<\/b>\u00a0y la secretaria de las Mujeres, Pol\u00edticas de G\u00e9nero y Diversidad Sexual,\u00a0<b>Eva Molina,\u00a0<\/b>ambos de Pilar.<\/p>\n<\/div>\n<\/div>\n<\/div>\n<\/div>\n<div class=\"jb_0 X_6MGW N_6Fd5\">\n<div class=\"P_0 je_fq7\"><\/div>\n<\/div>\n<\/div>\n<div class=\"H_7jIs D_F ab_C Q_69H5 E_36RhU\" data-test-id=\"toolbar-hover-area\">\n<div class=\"D_F W_6D6F r_BN gl_C\" data-test-id=\"card-toolbar\">\n<div class=\"D_F ab_C en_0 b_Z14vXdP e_3mS2U I_52qC P_Z1otBpf\"><\/div>\n<\/div>\n<\/div>\n<p style=\"text-align: center;\" align=\"left\"><strong>&#8212;&#8212;&#8212;&#8212;&#8212;&#8212;&#8212;&#8212;&#8212;&#8212;&#8211;<\/strong><\/p>\n<p class=\"yiv2287868306MsoNormal\" align=\"left\"><b>I<\/b><\/p>\n<\/div>\n<\/div>\n<\/div>\n<\/div>\n<\/div>\n<\/div>\n<\/div>\n<\/div>\n<\/div>\n<\/li>\n<\/ul>\n<\/div>\n<\/div>\n<\/div>\n<\/li>\n<\/ul>\n<\/div>\n<\/div>\n<\/div>\n<\/div>\n<\/div>\n<\/div>\n<\/div>\n<\/div>\n<\/div>\n","protected":false},"excerpt":{"rendered":"<p>INFORMACI\u00d3N QUE TE IMPORTA.<\/p>\n","protected":false},"author":3,"featured_media":9960,"comment_status":"open","ping_status":"open","sticky":false,"template":"","format":"standard","meta":{"footnotes":"","jetpack_publicize_message":"","jetpack_publicize_feature_enabled":true,"jetpack_social_post_already_shared":false,"jetpack_social_options":{"image_generator_settings":{"template":"highway","default_image_id":0,"font":"","enabled":false},"version":2}},"categories":[81],"tags":[21,154,142],"class_list":["post-6940","post","type-post","status-publish","format-standard","has-post-thumbnail","hentry","category-anses","tag-anses","tag-beneficios","tag-pagos"],"jetpack_publicize_connections":[],"jetpack_featured_media_url":"https:\/\/revistaepocadigital.com.ar\/wp-content\/uploads\/2021\/04\/anses-1.jpg","jetpack_likes_enabled":true,"_links":{"self":[{"href":"https:\/\/revistaepocadigital.com.ar\/index.php?rest_route=\/wp\/v2\/posts\/6940","targetHints":{"allow":["GET"]}}],"collection":[{"href":"https:\/\/revistaepocadigital.com.ar\/index.php?rest_route=\/wp\/v2\/posts"}],"about":[{"href":"https:\/\/revistaepocadigital.com.ar\/index.php?rest_route=\/wp\/v2\/types\/post"}],"author":[{"embeddable":true,"href":"https:\/\/revistaepocadigital.com.ar\/index.php?rest_route=\/wp\/v2\/users\/3"}],"replies":[{"embeddable":true,"href":"https:\/\/revistaepocadigital.com.ar\/index.php?rest_route=%2Fwp%2Fv2%2Fcomments&post=6940"}],"version-history":[{"count":0,"href":"https:\/\/revistaepocadigital.com.ar\/index.php?rest_route=\/wp\/v2\/posts\/6940\/revisions"}],"wp:featuredmedia":[{"embeddable":true,"href":"https:\/\/revistaepocadigital.com.ar\/index.php?rest_route=\/wp\/v2\/media\/9960"}],"wp:attachment":[{"href":"https:\/\/revistaepocadigital.com.ar\/index.php?rest_route=%2Fwp%2Fv2%2Fmedia&parent=6940"}],"wp:term":[{"taxonomy":"category","embeddable":true,"href":"https:\/\/revistaepocadigital.com.ar\/index.php?rest_route=%2Fwp%2Fv2%2Fcategories&post=6940"},{"taxonomy":"post_tag","embeddable":true,"href":"https:\/\/revistaepocadigital.com.ar\/index.php?rest_route=%2Fwp%2Fv2%2Ftags&post=6940"}],"curies":[{"name":"wp","href":"https:\/\/api.w.org\/{rel}","templated":true}]}}