{"id":6948,"date":"2020-10-06T00:59:06","date_gmt":"2020-10-06T03:59:06","guid":{"rendered":"https:\/\/revistaepocadigital.com.ar\/?p=6948"},"modified":"2020-10-06T00:59:06","modified_gmt":"2020-10-06T03:59:06","slug":"a-35-anos-de-la-visita-de-alfonsin-a-capilla-homenaje-de-la-ucr","status":"publish","type":"post","link":"https:\/\/revistaepocadigital.com.ar\/?p=6948","title":{"rendered":"A 35 a\u00f1os de la visita de Alfons\u00edn a Capilla, homenaje de la UCR"},"content":{"rendered":"<div class=\"kvgmc6g5 cxmmr5t8 oygrvhab hcukyx3x c1et5uql ii04i59q\">\n<div dir=\"auto\"><strong>FRENTE AL OBELISCO.<\/strong><\/div>\n<\/div>\n<p><!--more--><\/p>\n<div dir=\"auto\"><\/div>\n<div dir=\"auto\">En la plaza San Mart\u00edn, inaugurado en ocasi\u00f3n de festejarse el 250 aniversario, debido a que se cumplieron 35 a\u00f1os de la recordada visita del entonces presidente Ra\u00fal Alfons\u00edn a Exaltaci\u00f3n de la Cruz, la conducci\u00f3n de la UCR de Exaltaci\u00f3n de la Cruz, llev\u00f3 a cabo un acto conmemorativo organizado por el Comit\u00e9 local de la UCR que preside Carlos Ram\u00edrez.<\/div>\n<div dir=\"auto\"><\/div>\n<div dir=\"auto\"><img loading=\"lazy\" decoding=\"async\" class=\"aligncenter size-full wp-image-6952\" src=\"https:\/\/revistaepocadigital.com.ar\/wp-content\/uploads\/2020\/10\/ucr-alfon-obel.jpg\" alt=\"\" width=\"1080\" height=\"720\" srcset=\"https:\/\/revistaepocadigital.com.ar\/wp-content\/uploads\/2020\/10\/ucr-alfon-obel.jpg 1080w, https:\/\/revistaepocadigital.com.ar\/wp-content\/uploads\/2020\/10\/ucr-alfon-obel-300x200.jpg 300w, https:\/\/revistaepocadigital.com.ar\/wp-content\/uploads\/2020\/10\/ucr-alfon-obel-1024x683.jpg 1024w, https:\/\/revistaepocadigital.com.ar\/wp-content\/uploads\/2020\/10\/ucr-alfon-obel-768x512.jpg 768w, https:\/\/revistaepocadigital.com.ar\/wp-content\/uploads\/2020\/10\/ucr-alfon-obel-696x464.jpg 696w, https:\/\/revistaepocadigital.com.ar\/wp-content\/uploads\/2020\/10\/ucr-alfon-obel-1068x712.jpg 1068w, https:\/\/revistaepocadigital.com.ar\/wp-content\/uploads\/2020\/10\/ucr-alfon-obel-630x420.jpg 630w\" sizes=\"auto, (max-width: 1080px) 100vw, 1080px\" \/><\/div>\n<div dir=\"auto\"><\/div>\n<div class=\"o9v6fnle cxmmr5t8 oygrvhab hcukyx3x c1et5uql ii04i59q\">\n<div dir=\"auto\">Del acto tom\u00f3 parte el intendente Diego Nanni, el presidente del Concejo Deliberante, Martin David, la diputada provincial Sandra Par\u00eds, concejales, el presidente del Consejo Escolar, Patricio Diez, ex concejales como Graciela Venturino y representantes de entidades locales.<\/div>\n<div dir=\"auto\"><\/div>\n<div dir=\"auto\"><\/div>\n<\/div>\n<div class=\"o9v6fnle cxmmr5t8 oygrvhab hcukyx3x c1et5uql ii04i59q\">\n<div dir=\"auto\">La concejal y dirigente radical Ver\u00f3nica Ludwig Dreier (bloque Juntos por el Cambio), evoc\u00f3 la figura pol\u00edtica de Alfons\u00edn, agradeci\u00f3 a aquellos que por esos a\u00f1os, colaboraron para construir el Obelisco y tambi\u00e9n remarc\u00f3 el nombre de Adalberto Aner, intendente radical durante esos a\u00f1os. Tambi\u00e9n habl\u00f3 Oscar Salom (ex concejal por el radicalismo en Pilar) y la diputada Par\u00eds, &#8220;homenajes como este representan celebrar la democracia, que es una forma de vida\u201d, mencion\u00f3 seg\u00fan public\u00f3 el peri\u00f3dico La Semana Ya. El intendente Nanni al pronunciar unas palabras, tambi\u00e9n elogi\u00f3 la figura de Ricardo Alfonsin.<\/div>\n<\/div>\n<div dir=\"auto\"><\/div>\n<div dir=\"auto\">Fotos: gentileza La Semana Ya.<\/div>\n<div class=\"o9v6fnle cxmmr5t8 oygrvhab hcukyx3x c1et5uql ii04i59q\">\n<div dir=\"auto\"><\/div>\n<\/div>\n","protected":false},"excerpt":{"rendered":"<p>FRENTE AL OBELISCO.<\/p>\n","protected":false},"author":3,"featured_media":6950,"comment_status":"open","ping_status":"open","sticky":false,"template":"","format":"standard","meta":{"footnotes":"","jetpack_publicize_message":"","jetpack_publicize_feature_enabled":true,"jetpack_social_post_already_shared":false,"jetpack_social_options":{"image_generator_settings":{"template":"highway","default_image_id":0,"font":"","enabled":false},"version":2}},"categories":[17],"tags":[947,19,605],"class_list":["post-6948","post","type-post","status-publish","format-standard","has-post-thumbnail","hentry","category-politica","tag-35-anos","tag-alfonsin","tag-homenaje"],"jetpack_publicize_connections":[],"jetpack_featured_media_url":"https:\/\/revistaepocadigital.com.ar\/wp-content\/uploads\/2020\/10\/ucr-homne-alfon-20.jpg","jetpack_likes_enabled":true,"_links":{"self":[{"href":"https:\/\/revistaepocadigital.com.ar\/index.php?rest_route=\/wp\/v2\/posts\/6948","targetHints":{"allow":["GET"]}}],"collection":[{"href":"https:\/\/revistaepocadigital.com.ar\/index.php?rest_route=\/wp\/v2\/posts"}],"about":[{"href":"https:\/\/revistaepocadigital.com.ar\/index.php?rest_route=\/wp\/v2\/types\/post"}],"author":[{"embeddable":true,"href":"https:\/\/revistaepocadigital.com.ar\/index.php?rest_route=\/wp\/v2\/users\/3"}],"replies":[{"embeddable":true,"href":"https:\/\/revistaepocadigital.com.ar\/index.php?rest_route=%2Fwp%2Fv2%2Fcomments&post=6948"}],"version-history":[{"count":0,"href":"https:\/\/revistaepocadigital.com.ar\/index.php?rest_route=\/wp\/v2\/posts\/6948\/revisions"}],"wp:featuredmedia":[{"embeddable":true,"href":"https:\/\/revistaepocadigital.com.ar\/index.php?rest_route=\/wp\/v2\/media\/6950"}],"wp:attachment":[{"href":"https:\/\/revistaepocadigital.com.ar\/index.php?rest_route=%2Fwp%2Fv2%2Fmedia&parent=6948"}],"wp:term":[{"taxonomy":"category","embeddable":true,"href":"https:\/\/revistaepocadigital.com.ar\/index.php?rest_route=%2Fwp%2Fv2%2Fcategories&post=6948"},{"taxonomy":"post_tag","embeddable":true,"href":"https:\/\/revistaepocadigital.com.ar\/index.php?rest_route=%2Fwp%2Fv2%2Ftags&post=6948"}],"curies":[{"name":"wp","href":"https:\/\/api.w.org\/{rel}","templated":true}]}}