{"id":6997,"date":"2020-10-09T00:22:38","date_gmt":"2020-10-09T03:22:38","guid":{"rendered":"https:\/\/revistaepocadigital.com.ar\/?p=6997"},"modified":"2020-10-12T01:23:22","modified_gmt":"2020-10-12T04:23:22","slug":"bomberos-que-pusieron-todo-en-los-incendios-en-las-provincias-ejemplo","status":"publish","type":"post","link":"https:\/\/revistaepocadigital.com.ar\/?p=6997","title":{"rendered":"El intendente con bomberos que pusieron todo en los incendios en las provincias"},"content":{"rendered":"<p><strong>ORGULLO, EMOCI\u00d3N, PERTENENCIA.<\/strong><!--more--><\/p>\n<p>Se mezclaron en el recibimiento por parte de la comunidad de Exaltaci\u00f3n de la Cruz, con caravana ruidosa de autos escolt\u00e1ndolos por las calles, al grupo de bomberos que viaj\u00f3 para trabajar en los incendios devastadores, tremendos que han padecido varias provincias argentinas.<img loading=\"lazy\" decoding=\"async\" class=\"aligncenter size-full wp-image-6999\" src=\"https:\/\/revistaepocadigital.com.ar\/wp-content\/uploads\/2020\/10\/bomberos-incen-prov-20.jpg\" alt=\"\" width=\"2048\" height=\"1536\" srcset=\"https:\/\/revistaepocadigital.com.ar\/wp-content\/uploads\/2020\/10\/bomberos-incen-prov-20.jpg 2048w, https:\/\/revistaepocadigital.com.ar\/wp-content\/uploads\/2020\/10\/bomberos-incen-prov-20-300x225.jpg 300w, https:\/\/revistaepocadigital.com.ar\/wp-content\/uploads\/2020\/10\/bomberos-incen-prov-20-1024x768.jpg 1024w, https:\/\/revistaepocadigital.com.ar\/wp-content\/uploads\/2020\/10\/bomberos-incen-prov-20-768x576.jpg 768w, https:\/\/revistaepocadigital.com.ar\/wp-content\/uploads\/2020\/10\/bomberos-incen-prov-20-1536x1152.jpg 1536w, https:\/\/revistaepocadigital.com.ar\/wp-content\/uploads\/2020\/10\/bomberos-incen-prov-20-80x60.jpg 80w, https:\/\/revistaepocadigital.com.ar\/wp-content\/uploads\/2020\/10\/bomberos-incen-prov-20-160x120.jpg 160w, https:\/\/revistaepocadigital.com.ar\/wp-content\/uploads\/2020\/10\/bomberos-incen-prov-20-265x198.jpg 265w, https:\/\/revistaepocadigital.com.ar\/wp-content\/uploads\/2020\/10\/bomberos-incen-prov-20-696x522.jpg 696w, https:\/\/revistaepocadigital.com.ar\/wp-content\/uploads\/2020\/10\/bomberos-incen-prov-20-1068x801.jpg 1068w, https:\/\/revistaepocadigital.com.ar\/wp-content\/uploads\/2020\/10\/bomberos-incen-prov-20-560x420.jpg 560w, https:\/\/revistaepocadigital.com.ar\/wp-content\/uploads\/2020\/10\/bomberos-incen-prov-20-1120x840.jpg 1120w, https:\/\/revistaepocadigital.com.ar\/wp-content\/uploads\/2020\/10\/bomberos-incen-prov-20-1920x1440.jpg 1920w\" sizes=\"auto, (max-width: 2048px) 100vw, 2048px\" \/><\/p>\n<p>Tanto en Capilla del Se\u00f1or como en Los Cardales, hubo alegr\u00eda en la recepci\u00f3n de bomberos que dejaron todo para ayudar a nuestros hermanos argentinos, en un momento sin precedentes. Los incendios que se siguen produciendo en C\u00f3rdoba, San Luis, entre otras provincias, han puesto en serio peligro la vida de muchos argentinos y producidos grav\u00edsimos da\u00f1os al medio ambiente y a propiedades.<\/p>\n<p>A prop\u00f3sito de la encomiable labor de los bomberos exaltacruce\u00f1os, la municipalidad comunic\u00f3 que &#8220;desde el lugar que nos toca y en nombre del municipio, sentimos orgullo por el trabajo realizado, que pone en alto el nombre de Exaltaci\u00f3n de la Cruz, representado en cada uno de nuestros h\u00e9roes, que hoy (8\/10) regresaron a casa&#8221;.<\/p>\n<p><strong>EL INTENDENTE ESTUVO CON LOS BOMBEROS<\/strong><\/p>\n<div class=\"o9v6fnle cxmmr5t8 oygrvhab hcukyx3x c1et5uql ii04i59q\">\n<div dir=\"auto\">El intendente Diego Nanni visit\u00f3 a los bomberos, en su cuartel de Capilla del Se\u00f1or, luego que un grupo de estos servidores p\u00fablicos participara del combate del fuego en el interior del pa\u00eds.<\/div>\n<div dir=\"auto\"><\/div>\n<\/div>\n<div class=\"o9v6fnle cxmmr5t8 oygrvhab hcukyx3x c1et5uql ii04i59q\">\n<div dir=\"auto\">Nanni recorri\u00f3 el cuartel y salud\u00f3 a los bomberos por su valent\u00eda, felicit\u00e1ndolos por el coraje, al salir en ayuda de otros hermanos argentinos que pasan por un momento dif\u00edcil.Adem\u00e1s, y en el marco de la misma visita, el intendente aprovech\u00f3 para recorrer los nuevos vestuarios que se construyen en el cuartel de Capilla, que brindar\u00e1n m\u00e1s y mejor comodidad a los bomberos que prestan servicio a nuestra comunidad.<\/div>\n<\/div>\n","protected":false},"excerpt":{"rendered":"<p>ORGULLO, EMOCI\u00d3N, PERTENENCIA.<\/p>\n","protected":false},"author":4,"featured_media":7033,"comment_status":"open","ping_status":"open","sticky":false,"template":"","format":"standard","meta":{"footnotes":"","jetpack_publicize_message":"","jetpack_publicize_feature_enabled":true,"jetpack_social_post_already_shared":false,"jetpack_social_options":{"image_generator_settings":{"template":"highway","default_image_id":0,"font":"","enabled":false},"version":2}},"categories":[11,13],"tags":[365,956,955],"class_list":["post-6997","post","type-post","status-publish","format-standard","has-post-thumbnail","hentry","category-entidades","category-interes-general","tag-bomberos","tag-colaboracion","tag-incendios"],"jetpack_publicize_connections":[],"jetpack_featured_media_url":"https:\/\/revistaepocadigital.com.ar\/wp-content\/uploads\/2020\/10\/BOOOO.jpg","jetpack_likes_enabled":true,"_links":{"self":[{"href":"https:\/\/revistaepocadigital.com.ar\/index.php?rest_route=\/wp\/v2\/posts\/6997","targetHints":{"allow":["GET"]}}],"collection":[{"href":"https:\/\/revistaepocadigital.com.ar\/index.php?rest_route=\/wp\/v2\/posts"}],"about":[{"href":"https:\/\/revistaepocadigital.com.ar\/index.php?rest_route=\/wp\/v2\/types\/post"}],"author":[{"embeddable":true,"href":"https:\/\/revistaepocadigital.com.ar\/index.php?rest_route=\/wp\/v2\/users\/4"}],"replies":[{"embeddable":true,"href":"https:\/\/revistaepocadigital.com.ar\/index.php?rest_route=%2Fwp%2Fv2%2Fcomments&post=6997"}],"version-history":[{"count":0,"href":"https:\/\/revistaepocadigital.com.ar\/index.php?rest_route=\/wp\/v2\/posts\/6997\/revisions"}],"wp:featuredmedia":[{"embeddable":true,"href":"https:\/\/revistaepocadigital.com.ar\/index.php?rest_route=\/wp\/v2\/media\/7033"}],"wp:attachment":[{"href":"https:\/\/revistaepocadigital.com.ar\/index.php?rest_route=%2Fwp%2Fv2%2Fmedia&parent=6997"}],"wp:term":[{"taxonomy":"category","embeddable":true,"href":"https:\/\/revistaepocadigital.com.ar\/index.php?rest_route=%2Fwp%2Fv2%2Fcategories&post=6997"},{"taxonomy":"post_tag","embeddable":true,"href":"https:\/\/revistaepocadigital.com.ar\/index.php?rest_route=%2Fwp%2Fv2%2Ftags&post=6997"}],"curies":[{"name":"wp","href":"https:\/\/api.w.org\/{rel}","templated":true}]}}