{"id":7009,"date":"2020-10-05T22:46:13","date_gmt":"2020-10-06T01:46:13","guid":{"rendered":"https:\/\/revistaepocadigital.com.ar\/?p=7009"},"modified":"2020-10-10T00:48:03","modified_gmt":"2020-10-10T03:48:03","slug":"jonathan-gano-la-moto-sorteada-por-el-sindicato-empleados-de-comercio","status":"publish","type":"post","link":"https:\/\/revistaepocadigital.com.ar\/?p=7009","title":{"rendered":"\u00a1Jonathan!, gan\u00f3 la moto sorteada por el Sindicato Empleados de Comercio"},"content":{"rendered":"<div dir=\"ltr\"><strong>EN ADHESI\u00d3N AL D\u00cdA DEL EMPLEADO DE COMERCIO.<\/strong><\/div>\n<p><!--more--><\/p>\n<p>Jonathan Ezequiel Alderete, result\u00f3 el ganador de la espl\u00e9ndida moto el\u00e9ctrica sorteada por el Sindicato de Empleados de Comercio Z\u00e1rate, entidad que cuenta con afiliados en Capilla del Se\u00f1or (donde funciona una oficina) y el resto de Exaltaci\u00f3n de la Cruz.<\/p>\n<p>Al cabo del sorteo realizado el 25 de septiembre en la nueva sede del Sindicato en Z\u00e1rate, puesta en marcha a principios de a\u00f1o, como qued\u00f3 dicho el joven Jonathan Ezequiel Alderete (empleado de un comercio zarate\u00f1o), fue el ganador y por lo tanto, se adjudic\u00f3 la moto.<\/p>\n<div dir=\"ltr\">\n<figure id=\"attachment_7011\" aria-describedby=\"caption-attachment-7011\" style=\"width: 528px\" class=\"wp-caption aligncenter\"><img loading=\"lazy\" decoding=\"async\" class=\"size-full wp-image-7011\" src=\"https:\/\/revistaepocadigital.com.ar\/wp-content\/uploads\/2020\/10\/sindi.jpg\" alt=\"\" width=\"528\" height=\"445\" srcset=\"https:\/\/revistaepocadigital.com.ar\/wp-content\/uploads\/2020\/10\/sindi.jpg 528w, https:\/\/revistaepocadigital.com.ar\/wp-content\/uploads\/2020\/10\/sindi-300x253.jpg 300w, https:\/\/revistaepocadigital.com.ar\/wp-content\/uploads\/2020\/10\/sindi-498x420.jpg 498w\" sizes=\"auto, (max-width: 528px) 100vw, 528px\" \/><figcaption id=\"caption-attachment-7011\" class=\"wp-caption-text\">El joven de Z\u00e1rate, a bordo de su moto.<\/figcaption><\/figure>\n<\/div>\n<div dir=\"ltr\"><img loading=\"lazy\" decoding=\"async\" class=\"aligncenter size-full wp-image-7012\" src=\"https:\/\/revistaepocadigital.com.ar\/wp-content\/uploads\/2020\/10\/emp-comer-sorteo-20.jpg\" alt=\"\" width=\"759\" height=\"1024\" srcset=\"https:\/\/revistaepocadigital.com.ar\/wp-content\/uploads\/2020\/10\/emp-comer-sorteo-20.jpg 759w, https:\/\/revistaepocadigital.com.ar\/wp-content\/uploads\/2020\/10\/emp-comer-sorteo-20-222x300.jpg 222w, https:\/\/revistaepocadigital.com.ar\/wp-content\/uploads\/2020\/10\/emp-comer-sorteo-20-696x939.jpg 696w, https:\/\/revistaepocadigital.com.ar\/wp-content\/uploads\/2020\/10\/emp-comer-sorteo-20-311x420.jpg 311w, https:\/\/revistaepocadigital.com.ar\/wp-content\/uploads\/2020\/10\/emp-comer-sorteo-20-623x840.jpg 623w\" sizes=\"auto, (max-width: 759px) 100vw, 759px\" \/><\/div>\n<div dir=\"ltr\"><\/div>\n","protected":false},"excerpt":{"rendered":"<p>EN ADHESI\u00d3N AL D\u00cdA DEL EMPLEADO DE COMERCIO.<\/p>\n","protected":false},"author":4,"featured_media":7014,"comment_status":"open","ping_status":"open","sticky":false,"template":"","format":"standard","meta":{"footnotes":"","jetpack_publicize_message":"","jetpack_publicize_feature_enabled":true,"jetpack_social_post_already_shared":false,"jetpack_social_options":{"image_generator_settings":{"template":"highway","default_image_id":0,"font":"","enabled":false},"version":2}},"categories":[151],"tags":[37,958,957],"class_list":["post-7009","post","type-post","status-publish","format-standard","has-post-thumbnail","hentry","category-empleados-de-comercio","tag-destacada","tag-dia-del-empleado-de-comercio","tag-sorteo-sindicato-empleados-comercio"],"jetpack_publicize_connections":[],"jetpack_featured_media_url":"https:\/\/revistaepocadigital.com.ar\/wp-content\/uploads\/2020\/10\/sindi-ganado-moto.jpg","jetpack_likes_enabled":true,"_links":{"self":[{"href":"https:\/\/revistaepocadigital.com.ar\/index.php?rest_route=\/wp\/v2\/posts\/7009","targetHints":{"allow":["GET"]}}],"collection":[{"href":"https:\/\/revistaepocadigital.com.ar\/index.php?rest_route=\/wp\/v2\/posts"}],"about":[{"href":"https:\/\/revistaepocadigital.com.ar\/index.php?rest_route=\/wp\/v2\/types\/post"}],"author":[{"embeddable":true,"href":"https:\/\/revistaepocadigital.com.ar\/index.php?rest_route=\/wp\/v2\/users\/4"}],"replies":[{"embeddable":true,"href":"https:\/\/revistaepocadigital.com.ar\/index.php?rest_route=%2Fwp%2Fv2%2Fcomments&post=7009"}],"version-history":[{"count":0,"href":"https:\/\/revistaepocadigital.com.ar\/index.php?rest_route=\/wp\/v2\/posts\/7009\/revisions"}],"wp:featuredmedia":[{"embeddable":true,"href":"https:\/\/revistaepocadigital.com.ar\/index.php?rest_route=\/wp\/v2\/media\/7014"}],"wp:attachment":[{"href":"https:\/\/revistaepocadigital.com.ar\/index.php?rest_route=%2Fwp%2Fv2%2Fmedia&parent=7009"}],"wp:term":[{"taxonomy":"category","embeddable":true,"href":"https:\/\/revistaepocadigital.com.ar\/index.php?rest_route=%2Fwp%2Fv2%2Fcategories&post=7009"},{"taxonomy":"post_tag","embeddable":true,"href":"https:\/\/revistaepocadigital.com.ar\/index.php?rest_route=%2Fwp%2Fv2%2Ftags&post=7009"}],"curies":[{"name":"wp","href":"https:\/\/api.w.org\/{rel}","templated":true}]}}