{"id":7018,"date":"2020-10-12T00:57:43","date_gmt":"2020-10-12T03:57:43","guid":{"rendered":"https:\/\/revistaepocadigital.com.ar\/?p=7018"},"modified":"2020-10-12T01:14:12","modified_gmt":"2020-10-12T04:14:12","slug":"nueva-donacion-de-storage-compat-para-el-centro-comunitario-de-la-sidrera","status":"publish","type":"post","link":"https:\/\/revistaepocadigital.com.ar\/?p=7018","title":{"rendered":"NUEVA DONACI\u00d3N DE STORAGE COMPAT PARA EL CENTRO COMUNITARIO DE LA SIDRERA"},"content":{"rendered":"<div class=\"kvgmc6g5 cxmmr5t8 oygrvhab hcukyx3x c1et5uql ii04i59q\">\n<div dir=\"auto\"><strong>MATERIALES Y ELEMENTOS PARA COCINA.<!--more--><\/strong><\/div>\n<div dir=\"auto\"><\/div>\n<div dir=\"auto\">Para el futuro Centro Comunitario de La Sidrera, la empresa Storage Compat concret\u00f3 una nueva donaci\u00f3n, que se concret\u00f3 en un encuentro que tuvo lugar en la Casa de la Cultura, encabezado por la secretaria de Gobierno, Mar\u00eda Luz Bozzani.<\/div>\n<div dir=\"auto\"><\/div>\n<\/div>\n<p>Los materiales y elementos para cocina, se destinar\u00e1n al futuro Centro Comunitario de La Sidrera, que se encuentra en proceso de construcci\u00f3n, y que se sumar\u00e1 a un programa de huerta comunitaria, que ya funciona.<\/p>\n<div class=\"o9v6fnle cxmmr5t8 oygrvhab hcukyx3x c1et5uql ii04i59q\">\n<div dir=\"auto\">La donaci\u00f3n corri\u00f3 por cuenta de Alejandro y Julieta Lavorgna, familia propietaria de Storage Compat, quienes siempre se han mostrado cercanos a Exaltaci\u00f3n de la Cruz, llevando a cabo donaciones similares, siempre en beneficio de la comunidad.<\/div>\n<\/div>\n<div dir=\"auto\">\n<div class=\"d2edcug0 oh7imozk tr9rh885 abvwweq7 ejjq64ki\">\n<div class=\"du4w35lb k4urcfbm l9j0dhe7 sjgh65i0\">\n<div class=\"du4w35lb l9j0dhe7\">\n<div class=\"\" data-testid=\"Keycommand_wrapper_feed_story\">\n<div class=\"\" data-testid=\"Keycommand_wrapper\">\n<div class=\"lzcic4wl\" role=\"article\" aria-posinset=\"1\" aria-describedby=\"jsc_c_16f jsc_c_16g jsc_c_16h jsc_c_16j jsc_c_16i\" aria-labelledby=\"jsc_c_16e\">\n<div class=\"j83agx80 cbu4d94t\">\n<div class=\"rq0escxv l9j0dhe7 du4w35lb\">\n<div class=\"j83agx80 l9j0dhe7 k4urcfbm\">\n<div class=\"rq0escxv l9j0dhe7 du4w35lb hybvsw6c ue3kfks5 pw54ja7n uo3d90p7 l82x9zwi ni8dbmo4 stjgntxs k4urcfbm sbcfpzgs\">\n<div>\n<div>\n<div>\n<div>\n<div class=\"pybr56ya dati1w0a hv4rvrfc n851cfcs btwxx1t3 j83agx80 ll8tlv6m\">\n<div class=\"buofh1pr\">\n<div class=\"j83agx80 cbu4d94t ew0dbk1b irj2b8pg\">\n<div class=\"qzhwtbm6 knvmm38d\"><\/div>\n<\/div>\n<\/div>\n<\/div>\n<\/div>\n<\/div>\n<\/div>\n<\/div>\n<\/div>\n<\/div>\n<\/div>\n<\/div>\n<\/div>\n<\/div>\n<\/div>\n<\/div>\n<\/div>\n<\/div>\n<\/div>\n<div dir=\"auto\"><\/div>\n<div dir=\"auto\">\n<div class=\"kvgmc6g5 cxmmr5t8 oygrvhab hcukyx3x c1et5uql ii04i59q\">\n<div dir=\"auto\"><strong>LA SIDRERA A UN PASO DE TENER EL CENTRO COMUNITARIO<\/strong><\/div>\n<\/div>\n<div class=\"o9v6fnle cxmmr5t8 oygrvhab hcukyx3x c1et5uql ii04i59q\">\n<div dir=\"auto\">La comunidad del barrio La Sidrera est\u00e1 pr\u00f3xima a cumplir un viejo sue\u00f1o para ese sector: La conclusi\u00f3n de su propio Centro Comunitario, cuya obra avanz\u00f3 notablemente en las \u00faltimas semanas, y que podr\u00eda estar concluido antes de fin de a\u00f1o.<\/div>\n<\/div>\n<div dir=\"auto\"><img loading=\"lazy\" decoding=\"async\" class=\"aligncenter size-full wp-image-7030\" src=\"https:\/\/revistaepocadigital.com.ar\/wp-content\/uploads\/2020\/10\/SIDRERA.jpg\" alt=\"\" width=\"1280\" height=\"850\" srcset=\"https:\/\/revistaepocadigital.com.ar\/wp-content\/uploads\/2020\/10\/SIDRERA.jpg 1280w, https:\/\/revistaepocadigital.com.ar\/wp-content\/uploads\/2020\/10\/SIDRERA-300x199.jpg 300w, https:\/\/revistaepocadigital.com.ar\/wp-content\/uploads\/2020\/10\/SIDRERA-1024x680.jpg 1024w, https:\/\/revistaepocadigital.com.ar\/wp-content\/uploads\/2020\/10\/SIDRERA-768x510.jpg 768w, https:\/\/revistaepocadigital.com.ar\/wp-content\/uploads\/2020\/10\/SIDRERA-696x462.jpg 696w, https:\/\/revistaepocadigital.com.ar\/wp-content\/uploads\/2020\/10\/SIDRERA-1068x709.jpg 1068w, https:\/\/revistaepocadigital.com.ar\/wp-content\/uploads\/2020\/10\/SIDRERA-632x420.jpg 632w, https:\/\/revistaepocadigital.com.ar\/wp-content\/uploads\/2020\/10\/SIDRERA-1265x840.jpg 1265w\" sizes=\"auto, (max-width: 1280px) 100vw, 1280px\" \/><\/div>\n<div class=\"o9v6fnle cxmmr5t8 oygrvhab hcukyx3x c1et5uql ii04i59q\">\n<div dir=\"auto\">El lugar albergar\u00e1 diversas actividades que all\u00ed se realizan, y que tienen su origen en la organizaci\u00f3n comunitaria de ese barrio: Con el apoyo de la cartera de Desarrollo Social del municipio, la creaci\u00f3n de una huerta comunitaria ya es una realidad, y el punto de partida para diversas iniciativas.<\/div>\n<\/div>\n<div class=\"o9v6fnle cxmmr5t8 oygrvhab hcukyx3x c1et5uql ii04i59q\">\n<div dir=\"auto\">Respecto al nuevo edificio, el lugar ya cuenta con ventanas y est\u00e1 en proceso de acabado de la obra fina. Si bien no hay una fecha concreta de inauguraci\u00f3n, estar\u00eda culminado para este a\u00f1o.<\/div>\n<div dir=\"auto\"><\/div>\n<\/div>\n<\/div>\n","protected":false},"excerpt":{"rendered":"<p>MATERIALES Y ELEMENTOS PARA COCINA.<\/p>\n","protected":false},"author":3,"featured_media":7026,"comment_status":"open","ping_status":"open","sticky":false,"template":"","format":"standard","meta":{"footnotes":"","jetpack_publicize_message":"","jetpack_publicize_feature_enabled":true,"jetpack_social_post_already_shared":false,"jetpack_social_options":{"image_generator_settings":{"template":"highway","default_image_id":0,"font":"","enabled":false},"version":2}},"categories":[4,11],"tags":[682,959,960],"class_list":["post-7018","post","type-post","status-publish","format-standard","has-post-thumbnail","hentry","category-aqui-los-cardales","category-entidades","tag-donaciones","tag-la-sidrera","tag-storage-compact"],"jetpack_publicize_connections":[],"jetpack_featured_media_url":"https:\/\/revistaepocadigital.com.ar\/wp-content\/uploads\/2020\/10\/sorage.jpg","jetpack_likes_enabled":true,"_links":{"self":[{"href":"https:\/\/revistaepocadigital.com.ar\/index.php?rest_route=\/wp\/v2\/posts\/7018","targetHints":{"allow":["GET"]}}],"collection":[{"href":"https:\/\/revistaepocadigital.com.ar\/index.php?rest_route=\/wp\/v2\/posts"}],"about":[{"href":"https:\/\/revistaepocadigital.com.ar\/index.php?rest_route=\/wp\/v2\/types\/post"}],"author":[{"embeddable":true,"href":"https:\/\/revistaepocadigital.com.ar\/index.php?rest_route=\/wp\/v2\/users\/3"}],"replies":[{"embeddable":true,"href":"https:\/\/revistaepocadigital.com.ar\/index.php?rest_route=%2Fwp%2Fv2%2Fcomments&post=7018"}],"version-history":[{"count":0,"href":"https:\/\/revistaepocadigital.com.ar\/index.php?rest_route=\/wp\/v2\/posts\/7018\/revisions"}],"wp:featuredmedia":[{"embeddable":true,"href":"https:\/\/revistaepocadigital.com.ar\/index.php?rest_route=\/wp\/v2\/media\/7026"}],"wp:attachment":[{"href":"https:\/\/revistaepocadigital.com.ar\/index.php?rest_route=%2Fwp%2Fv2%2Fmedia&parent=7018"}],"wp:term":[{"taxonomy":"category","embeddable":true,"href":"https:\/\/revistaepocadigital.com.ar\/index.php?rest_route=%2Fwp%2Fv2%2Fcategories&post=7018"},{"taxonomy":"post_tag","embeddable":true,"href":"https:\/\/revistaepocadigital.com.ar\/index.php?rest_route=%2Fwp%2Fv2%2Ftags&post=7018"}],"curies":[{"name":"wp","href":"https:\/\/api.w.org\/{rel}","templated":true}]}}