{"id":7042,"date":"2020-10-15T12:03:35","date_gmt":"2020-10-15T15:03:35","guid":{"rendered":"https:\/\/revistaepocadigital.com.ar\/?p=7042"},"modified":"2020-10-16T09:14:27","modified_gmt":"2020-10-16T12:14:27","slug":"comenzo-la-revinculacion-escolar-en-24-municipios-entre-los-que-no-esta-exaltacion-de-la-cruz","status":"publish","type":"post","link":"https:\/\/revistaepocadigital.com.ar\/?p=7042","title":{"rendered":"Comenz\u00f3 la revinculaci\u00f3n escolar en 24 municipios, entre los que no est\u00e1 Exaltaci\u00f3n de la Cruz"},"content":{"rendered":"<p><strong>LA INSPECTORA DISTRITAL MARTA VILLANUEVA, DA DETALLES Y HABLA SOBRE COMO SE TRABAJA EN NUESTRO DISTRITO EN EL VITAL TEMA EDUCATIVO.<\/strong><!--more--><\/p>\n<p>En la Provincia de Buenos Aires comenz\u00f3 la revinculaci\u00f3n escolar en 24 municipios. Se puso en marcha un programa de acompa\u00f1amiento pedag\u00f3gico, para estudiantes que tuvieron mayores complicaciones en su proceso educativo durante la pandemia que persiste.<\/p>\n<p><strong>En tanto en Exaltaci\u00f3n de la Cruz, la inspectora distrital Marta Villanueva explic\u00f3 a EPOCA como contin\u00faa el tema en nuestro distrito.<\/strong><\/p>\n<p><strong>Escuchala ac\u00e1:<\/strong><\/p>\n<p>&nbsp;<\/p>\n<audio class=\"wp-audio-shortcode\" id=\"audio-7042-1\" preload=\"none\" style=\"width: 100%;\" controls=\"controls\"><source type=\"audio\/mpeg\" src=\"https:\/\/revistaepocadigital.com.ar\/wp-content\/uploads\/2020\/10\/AUDIO-2020-10-11-19-26-01-2.m4a?_=1\" \/><a href=\"https:\/\/revistaepocadigital.com.ar\/wp-content\/uploads\/2020\/10\/AUDIO-2020-10-11-19-26-01-2.m4a\">https:\/\/revistaepocadigital.com.ar\/wp-content\/uploads\/2020\/10\/AUDIO-2020-10-11-19-26-01-2.m4a<\/a><\/audio>\n<p>&nbsp;<\/p>\n<p>Seg\u00fan la nota publicada en<em> BAE Negocios<\/em>, con la nueva cuarentena y luego de intensos reclamos por parte de varios sectores para la vuelta de las clases presenciales, el martes 13 de octubre comenz\u00f3 el proceso de revinculaci\u00f3n escolar en 24 municipios bonaerenses. El puntapi\u00e9 inicial lo dio la puesta en marcha de un programa de acompa\u00f1amiento pedag\u00f3gico, para estudiantes m\u00e1s complicados en su educaci\u00f3n en desde que comenz\u00f3 la pandemia en nuestro pa\u00eds.<\/p>\n<p>Se trata del programa de<strong> Acompa\u00f1amiento a las Trayectorias y Revinculaci\u00f3n (ATR)<\/strong> de los alumnos, para el regreso a las aulas de las escuelas en 24 partidos bonaerenses donde se registra un menor riesgo sanitario, seg\u00fan anunci\u00f3 la Directora de Cultura y Educaci\u00f3n Bonaerense, <strong>Agustina Vila.<\/strong><\/p>\n<p>A partir del 13 de octubre, docentes y estudiantes avanzados de la carrera de formaci\u00f3n docente, se comenzaban a capacitar para llevar adelante el programa de acompa\u00f1amiento pedag\u00f3gico. El mismo destinado a chicos, chicas y adolescentes cuyas trayectorias educativas se vieron m\u00e1s vulneradas por la pandemia, anunci\u00f3 Vila.<\/p>\n<p>Los <strong>24 municipios de &#8220;bajo riesgo&#8221;, <\/strong>seg\u00fan public\u00f3 BAE Negocios,\u00a0donde comenzaron las clases son: <strong>25 de Mayo, 9 de Julio, Adolfo Alsina, Adolfo Gonzales Chaves, Alberdi, Bragado, Carlos Tejedor, Chascom\u00fas, Chivilcoy, Daireaux, Florentino Ameghino, General Alvear, General La Madrid, General Lavalle, Guamin\u00ed, Lezama, Lobos, Monte, Monte Hermoso, Puan, Saavedra, Salliquel\u00f3, Tordillo y Tres Lomas.<\/strong><\/p>\n<p>Vila aclar\u00f3 que antes de que iniciaran las actividades presenciales con los chicos hab\u00eda un <strong>proceso de puesta a punto de cada instituci\u00f3n<\/strong>, con elementos de protecci\u00f3n personal y capacitaci\u00f3n de t\u00e9cnicas de limpieza, y un proceso de capacitaci\u00f3n de los docentes. <em>&#8220;Cumplida esta etapa, se incorporar\u00e1n los estudiantes&#8221;,<\/em> se\u00f1al\u00f3 la funcionaria.<\/p>\n<p><em>&#8220;Ser\u00e1 por 10 alumnos por curso, estudiantes del \u00faltimo a\u00f1o de cada nivel tendr\u00e1n una frecuencia de 3 veces por semana, y los de 1\u00b0 a 5\u00b0 a\u00f1o, de 1 vez, en horarios de baja circulaci\u00f3n, sin aglomeraciones en ingresos y egresos&#8221;<\/em>, explic\u00f3.<\/p>\n<p>La iniciativa apuntaba a dar <em>&#8220;un impulso a la actividad de acompa\u00f1amiento y revinculaci\u00f3n pedag\u00f3gicas para la realizaci\u00f3n de las tareas contenci\u00f3n, como tambi\u00e9n a la detecci\u00f3n y alerta de problem\u00e1ticas afectivas y familiares&#8221;,<\/em> agreg\u00f3.\u00a0Explic\u00f3 que <em>&#8220;los docentes y estudiantes avanzados que se inscribieron en el programa van a generar las tareas de acompa\u00f1amiento en el marco de lo que las escuelas se proponen y planifican&#8221;.<\/em><\/p>\n<p><img loading=\"lazy\" decoding=\"async\" class=\"aligncenter size-full wp-image-7048\" src=\"https:\/\/revistaepocadigital.com.ar\/wp-content\/uploads\/2020\/10\/ESCUELA-1.jpg\" alt=\"\" width=\"259\" height=\"194\" srcset=\"https:\/\/revistaepocadigital.com.ar\/wp-content\/uploads\/2020\/10\/ESCUELA-1.jpg 259w, https:\/\/revistaepocadigital.com.ar\/wp-content\/uploads\/2020\/10\/ESCUELA-1-80x60.jpg 80w, https:\/\/revistaepocadigital.com.ar\/wp-content\/uploads\/2020\/10\/ESCUELA-1-160x120.jpg 160w\" sizes=\"auto, (max-width: 259px) 100vw, 259px\" \/><\/p>\n<p><strong>Vila remarc\u00f3 que el programa comenz\u00f3 el 13 de octubre y que, en una siguiente etapa, estar\u00e1 vigente para los 135 distritos <em>&#8220;independientemente de la situaci\u00f3n epidemiol\u00f3gica que haya en estas localidades&#8221;.<\/em><\/strong><\/p>\n<p><em>&#8220;Sabemos muy bien que el regreso a la presencialidad puede verse afectado o suspendido por los cuidados epidemiol\u00f3gicos; por eso, es importante aclarar que el programa seguir\u00e1 vigente para todos los distritos&#8221;,<\/em> afirm\u00f3 la funcionaria.<\/p>\n<p>&nbsp;<\/p>\n","protected":false},"excerpt":{"rendered":"<p>LA INSPECTORA DISTRITAL MARTA VILLANUEVA, DA DETALLES Y HABLA SOBRE COMO SE TRABAJA EN NUESTRO DISTRITO EN EL VITAL TEMA EDUCATIVO.<\/p>\n","protected":false},"author":4,"featured_media":7047,"comment_status":"open","ping_status":"open","sticky":false,"template":"","format":"standard","meta":{"footnotes":"","jetpack_publicize_message":"","jetpack_publicize_feature_enabled":true,"jetpack_social_post_already_shared":false,"jetpack_social_options":{"image_generator_settings":{"template":"highway","default_image_id":0,"font":"","enabled":false},"version":2}},"categories":[13],"tags":[961,962,736],"class_list":["post-7042","post","type-post","status-publish","format-standard","has-post-thumbnail","hentry","category-interes-general","tag-clases-2020","tag-inspectora","tag-provincia-buenos-aires"],"jetpack_publicize_connections":[],"jetpack_featured_media_url":"https:\/\/revistaepocadigital.com.ar\/wp-content\/uploads\/2020\/10\/Villanueva-Marta-1.jpg","jetpack_likes_enabled":true,"_links":{"self":[{"href":"https:\/\/revistaepocadigital.com.ar\/index.php?rest_route=\/wp\/v2\/posts\/7042","targetHints":{"allow":["GET"]}}],"collection":[{"href":"https:\/\/revistaepocadigital.com.ar\/index.php?rest_route=\/wp\/v2\/posts"}],"about":[{"href":"https:\/\/revistaepocadigital.com.ar\/index.php?rest_route=\/wp\/v2\/types\/post"}],"author":[{"embeddable":true,"href":"https:\/\/revistaepocadigital.com.ar\/index.php?rest_route=\/wp\/v2\/users\/4"}],"replies":[{"embeddable":true,"href":"https:\/\/revistaepocadigital.com.ar\/index.php?rest_route=%2Fwp%2Fv2%2Fcomments&post=7042"}],"version-history":[{"count":0,"href":"https:\/\/revistaepocadigital.com.ar\/index.php?rest_route=\/wp\/v2\/posts\/7042\/revisions"}],"wp:featuredmedia":[{"embeddable":true,"href":"https:\/\/revistaepocadigital.com.ar\/index.php?rest_route=\/wp\/v2\/media\/7047"}],"wp:attachment":[{"href":"https:\/\/revistaepocadigital.com.ar\/index.php?rest_route=%2Fwp%2Fv2%2Fmedia&parent=7042"}],"wp:term":[{"taxonomy":"category","embeddable":true,"href":"https:\/\/revistaepocadigital.com.ar\/index.php?rest_route=%2Fwp%2Fv2%2Fcategories&post=7042"},{"taxonomy":"post_tag","embeddable":true,"href":"https:\/\/revistaepocadigital.com.ar\/index.php?rest_route=%2Fwp%2Fv2%2Ftags&post=7042"}],"curies":[{"name":"wp","href":"https:\/\/api.w.org\/{rel}","templated":true}]}}