{"id":7121,"date":"2020-10-16T01:05:46","date_gmt":"2020-10-16T04:05:46","guid":{"rendered":"https:\/\/revistaepocadigital.com.ar\/?p=7121"},"modified":"2020-10-16T01:05:46","modified_gmt":"2020-10-16T04:05:46","slug":"van-a-repavimentar-y-ensanchar-las-rutas-51-y-41","status":"publish","type":"post","link":"https:\/\/revistaepocadigital.com.ar\/?p=7121","title":{"rendered":"Van a repavimentar y ensanchar las rutas 51 y 41"},"content":{"rendered":"<div dir=\"ltr\"><strong>PROVINCIA Y NACI\u00d3N FIRMARON LOS CONVENIOS.<\/strong><\/div>\n<p><!--more--><\/p>\n<div dir=\"ltr\"><\/div>\n<div dir=\"ltr\">El gobernador de la provincia de Buenos Aires, Axel Kicillof, encabez\u00f3 (15\/10) la firma de convenios para la repavimentaci\u00f3n y el ensanche de dos tramos de las rutas provinciales n\u00b051 y n\u00b041. Lo hizo junto al ministro de Obras P\u00fablicas de la Naci\u00f3n, Gabriel Katopodis; el ministro de Infraestructura y Servicios P\u00fablicos bonaerense, Agust\u00edn Simone; y el administrador general de Vialidad Nacional, Gustavo Arrieta.<\/div>\n<div dir=\"ltr\"><\/div>\n<div dir=\"ltr\">\u201cEstamos trabajando junto al Gobierno Nacional para la reactivaci\u00f3n urgente e inmediata de la obra p\u00fablica en la Provincia. En este caso, son 5 mil millones de pesos que van a dinamizar la econom\u00eda, servir\u00e1n para generar empleo y reactivar muchas actividades de forma directa e indirecta\u201d, se\u00f1al\u00f3 Kicillof durante el acto celebrado en el Sal\u00f3n Dorado de la Gobernaci\u00f3n, donde estuvieron presentes los intendentes de San Andr\u00e9s de Giles, Carlos Javier Puglelli, y de San Antonio de Areco, Francisco Ratto, y el senador provincial Francisco Dura\u00f1ona, y la senadora Agustina Propato.<\/div>\n<div dir=\"ltr\"><\/div>\n<div dir=\"ltr\">Asimismo, el Gobernador destac\u00f3 la magnitud de las obras: \u201cEstas dos rutas apuntan a mejorar las vidas a los vecinos y vecinas de estas regiones, que van a contar con instrumentos de comunicaci\u00f3n que los conecten y agilicen la producci\u00f3n y el turismo\u201d, agreg\u00f3. Luego enfatiz\u00f3 la cooperaci\u00f3n entre Naci\u00f3n, Provincia y municipios para \u201caplicar los recursos necesarios y tomar las decisiones que permitan fortalecer un plan estrat\u00e9gico que contempla las necesidades sociales y productivas y el bienestar de nuestro pueblo\u201d. \u201cEstas obras integran el trabajo, la producci\u00f3n, la cultura y unen a los y las bonaerenses\u201d, concluy\u00f3.<\/div>\n<div dir=\"ltr\"><\/div>\n<div dir=\"ltr\"><strong><img loading=\"lazy\" decoding=\"async\" class=\"aligncenter size-full wp-image-7123\" src=\"https:\/\/revistaepocadigital.com.ar\/wp-content\/uploads\/2020\/10\/unnamed.jpg\" alt=\"\" width=\"512\" height=\"371\" srcset=\"https:\/\/revistaepocadigital.com.ar\/wp-content\/uploads\/2020\/10\/unnamed.jpg 512w, https:\/\/revistaepocadigital.com.ar\/wp-content\/uploads\/2020\/10\/unnamed-300x217.jpg 300w, https:\/\/revistaepocadigital.com.ar\/wp-content\/uploads\/2020\/10\/unnamed-324x235.jpg 324w\" sizes=\"auto, (max-width: 512px) 100vw, 512px\" \/><\/strong><\/div>\n<div dir=\"ltr\"><\/div>\n<div dir=\"ltr\">Por su parte, Katopodis remarc\u00f3: \u201cEstamos cumpliendo con el compromiso que asumimos desde el primer d\u00eda para poner en marcha la obra p\u00fablica en Argentina y en la provincia de Buenos Aires, reactivar las obras que estaban paralizadas y promover proyectos que sigan conectando, integrando y generando la infraestructura que necesita la producci\u00f3n\u201d. Finalmente remarc\u00f3: \u201cSeguiremos trabajando d\u00eda a d\u00eda en el territorio junto al Gobernador y los intendentes para acordar cu\u00e1les son las prioridades\u201d.<\/div>\n<div dir=\"ltr\"><\/div>\n<div dir=\"ltr\">Simone detall\u00f3 que los convenios prev\u00e9n \u201cla repavimentaci\u00f3n y ensanchamiento, la doble v\u00eda de la Ruta 41 entre San Antonio de Areco y San Andr\u00e9s de Giles, una traza con una carga importante de camiones y una alta cantidad de accidentes de tr\u00e1nsito\u201d, y agreg\u00f3: \u201cVamos a hacer una intervenci\u00f3n sobre 23 kil\u00f3metros que implica colectores, distribuidores e iluminaci\u00f3n con una inversi\u00f3n de 3.600 millones de pesos\u201d.<\/div>\n<div dir=\"ltr\"><\/div>\n<div dir=\"ltr\">Adem\u00e1s, detall\u00f3 que la Ruta 51 \u201ces muy importante para el tr\u00e1fico de cargas, ya que atraviesa la Provincia de norte a sur, desde de Ramallo hasta Bah\u00eda Blanca. Terminamos uno de los tramos y estamos firmando el convenio para continuarla\u201d, y concluy\u00f3: \u201cVialidad Provincial tiene proyectada una intervenci\u00f3n de m\u00e1s de 400 kil\u00f3metros, con la generaci\u00f3n de terceras trochas para beneficiar el tr\u00e1fico en caminos que tienen muchos camiones, y tambi\u00e9n la pavimentaci\u00f3n de banquinas. Esto prev\u00e9 una inversi\u00f3n de 1.200 millones de pesos en su primera etapa\u201d.\u00a0Asimismo, Arrieta indic\u00f3 que \u201chay un abordaje estrat\u00e9gico entre el Gobierno de la provincia de Buenos Aires y el Ministerio de Obras P\u00fablicas\u201d y destac\u00f3 las obras que se est\u00e1n llevando adelante en todo el territorio bonaerense: \u201cSabemos el impacto en la conectividad y en la producci\u00f3n que tienen estas rutas\u201d.<\/div>\n<p>&nbsp;<\/p>\n<p>Fuente y foto portada: Direcci\u00f3n de Comunicaci\u00f3n gobierno de la provincia de Buenos Aires.<\/p>\n","protected":false},"excerpt":{"rendered":"<p>PROVINCIA Y NACI\u00d3N FIRMARON LOS CONVENIOS.<\/p>\n","protected":false},"author":3,"featured_media":7125,"comment_status":"open","ping_status":"open","sticky":false,"template":"","format":"standard","meta":{"footnotes":"","jetpack_publicize_message":"","jetpack_publicize_feature_enabled":true,"jetpack_social_post_already_shared":false,"jetpack_social_options":{"image_generator_settings":{"template":"highway","default_image_id":0,"font":"","enabled":false},"version":2}},"categories":[17],"tags":[974],"class_list":["post-7121","post","type-post","status-publish","format-standard","has-post-thumbnail","hentry","category-politica","tag-repavimentacion-rutas-41-y-51"],"jetpack_publicize_connections":[],"jetpack_featured_media_url":"https:\/\/revistaepocadigital.com.ar\/wp-content\/uploads\/2020\/10\/kic-rutas-41-51.jpg","jetpack_likes_enabled":true,"_links":{"self":[{"href":"https:\/\/revistaepocadigital.com.ar\/index.php?rest_route=\/wp\/v2\/posts\/7121","targetHints":{"allow":["GET"]}}],"collection":[{"href":"https:\/\/revistaepocadigital.com.ar\/index.php?rest_route=\/wp\/v2\/posts"}],"about":[{"href":"https:\/\/revistaepocadigital.com.ar\/index.php?rest_route=\/wp\/v2\/types\/post"}],"author":[{"embeddable":true,"href":"https:\/\/revistaepocadigital.com.ar\/index.php?rest_route=\/wp\/v2\/users\/3"}],"replies":[{"embeddable":true,"href":"https:\/\/revistaepocadigital.com.ar\/index.php?rest_route=%2Fwp%2Fv2%2Fcomments&post=7121"}],"version-history":[{"count":0,"href":"https:\/\/revistaepocadigital.com.ar\/index.php?rest_route=\/wp\/v2\/posts\/7121\/revisions"}],"wp:featuredmedia":[{"embeddable":true,"href":"https:\/\/revistaepocadigital.com.ar\/index.php?rest_route=\/wp\/v2\/media\/7125"}],"wp:attachment":[{"href":"https:\/\/revistaepocadigital.com.ar\/index.php?rest_route=%2Fwp%2Fv2%2Fmedia&parent=7121"}],"wp:term":[{"taxonomy":"category","embeddable":true,"href":"https:\/\/revistaepocadigital.com.ar\/index.php?rest_route=%2Fwp%2Fv2%2Fcategories&post=7121"},{"taxonomy":"post_tag","embeddable":true,"href":"https:\/\/revistaepocadigital.com.ar\/index.php?rest_route=%2Fwp%2Fv2%2Ftags&post=7121"}],"curies":[{"name":"wp","href":"https:\/\/api.w.org\/{rel}","templated":true}]}}