{"id":7128,"date":"2020-10-16T01:48:15","date_gmt":"2020-10-16T04:48:15","guid":{"rendered":"https:\/\/revistaepocadigital.com.ar\/?p=7128"},"modified":"2020-10-16T01:48:42","modified_gmt":"2020-10-16T04:48:42","slug":"el-campeon-valerio-diamante-completo-la-fecha-inicial-de-procar4000-con-un-podio","status":"publish","type":"post","link":"https:\/\/revistaepocadigital.com.ar\/?p=7128","title":{"rendered":"El campe\u00f3n Valerio Diamante complet\u00f3 la fecha inicial de Procar4000 con un podio"},"content":{"rendered":"<p><strong>AUTOMOVILISMO. COMIENZO ENTRE SEMANA DEL PROCAR 4000. LA PANDEMIA.<\/strong><!--more--><\/p>\n<p>Se inici\u00f3 en el aut\u00f3dromo de Buenos Aires, el campeonato de Procar4000, cuya actividad como el automovilismo todo, se vio detenida por la pandemia que jaquea al pa\u00eds. Luego de 7 meses de parate, volvi\u00f3 la acci\u00f3n.<\/p>\n<p>En la segunda y \u00faltima carrera Lucas Granja gan\u00f3 un carrer\u00f3n en la Clase A y el capillense y actual campe\u00f3n Valerio Diamante (recientemente fue padre), arrib\u00f3 3\u00ba y subi\u00f3 al podio en una temporada muy apretada en la que busca el bicampeonato.<\/p>\n<p>Granja, de Rafael Castillo, larg\u00f3 20\u00b0 y en la \u00faltima vuelta con una notable maniobra por afuera en la curva uno del Circuito 8, le gan\u00f3 la 3\u00b0 fecha del a\u00f1o de la Clase A del Procar4000 a Gast\u00f3n Garmendia, en tanto como qued\u00f3 dicho, Diamante lleg\u00f3 3\u00ba.<\/p>\n<p>Antes, el l\u00edder fue Nicol\u00e1s Biondo con el Ford motorizado por Sergio Sala. El de Gral. Rodr\u00edguez ven\u00eda haciendo una gran carrera en su debut en la categor\u00eda pero con el pasar de las vueltas no pudo aguantar la presi\u00f3n de Garmendia quien ya hab\u00eda dejado atr\u00e1s a Fabi\u00e1n Battilana y Guillermo Ferr\u00f3n. Otro que avanz\u00f3 fue <strong>Valerio Diamante,<\/strong> quien despu\u00e9s de una primera carrera complicada y enredada, quer\u00eda tomarse revancha con la Dodge del T\u00e1rtara Competici\u00f3n.<\/p>\n<p>Por afuera y a la par, la Chevy de Granja pas\u00f3 en la salida de la curva 1 a la Dodge subcampeona del entrerriano y a partir de ah\u00ed, Lucas se afirm\u00f3 en la punta cruzando la bandera a cuadros en la primera posici\u00f3n, logrando de esta manera una gran victoria en su regreso al Procar4000 en una jornada estupenda para el equipo de Suipacha que gan\u00f3 las dos finales de la Clase A con Chao y Granja. Fue triunfo de Lucas quien fue escoltado por Gast\u00f3n Garmendia y Valerio Diamante, quien tambi\u00e9n en la \u00faltima vuelta logr\u00f3 pasarlo a Nicol\u00e1s Biondo, 4\u00ba a la postre en el Ford n\u00ba 46 en un destacado trabajo.<\/p>\n<p>El comienzo, en la carrera inicial hab\u00eda sido adverso para Valerio Diamante. Ell capillense se fue de pista a pocas vueltas del final en la 2\u00aa fecha de la Clase A y debi\u00f3 abandonar.\u00a0La primera fecha del campeonato hab\u00eda dejado una espina muy grande en el piloto de Capilla del Se\u00f1or, quien hab\u00eda sido un claro protagonista en las pruebas clasificatorias, y por un problema en la carrera debi\u00f3 abandonar la final sin poder coronar un fin de semana muy positivo. Teniendo en cuenta el buen trabajo realizado por el T\u00e1rtara Competici\u00f3n y las habilidades conductivas de Valerio Diamante, se esperaba conseguir un podio que le permita escalar posiciones en la tabla.<\/p>\n<p><img loading=\"lazy\" decoding=\"async\" class=\"aligncenter size-full wp-image-7130\" src=\"https:\/\/revistaepocadigital.com.ar\/wp-content\/uploads\/2020\/10\/diamante-20.jpg\" alt=\"\" width=\"645\" height=\"430\" srcset=\"https:\/\/revistaepocadigital.com.ar\/wp-content\/uploads\/2020\/10\/diamante-20.jpg 645w, https:\/\/revistaepocadigital.com.ar\/wp-content\/uploads\/2020\/10\/diamante-20-300x200.jpg 300w, https:\/\/revistaepocadigital.com.ar\/wp-content\/uploads\/2020\/10\/diamante-20-630x420.jpg 630w\" sizes=\"auto, (max-width: 645px) 100vw, 645px\" \/><\/p>\n<p>Sin embargo en esa primera final, a falta de 3 vueltas, cuando iba 4\u00ba y peleaba el 3\u00bar lugar, el auto del capillense sali\u00f3 despedido de la pista y debi\u00f3 abandonar.<\/p>\n<p>En una jornada at\u00edpica para la categor\u00eda debido a la falta de fechas durante los pr\u00f3ximos fines de semana, las cuales est\u00e1n ocupadas por las categor\u00edas nacionales, se vio obligada a apelar a la creatividad e imitando el modelo empleado por el Nascar lanzar su campeonato con fechas entre semana. De esta manera se convirtieron en la primer categor\u00eda zonal en regresar a la actividad.<\/p>\n<p>Al cabo de la fecha doble, el campeonato de la Clase A del Procar4000 hab\u00eda quedado liderado por Jorge Gargaglione 83.5 puntos, 2\u00b0 Gast\u00f3n Garmendia 80, 3\u00b0 Lucas Granja 77, 4\u00b0 Claudio Rodr\u00edguez 72.5, 5\u00b0 Fabi\u00e1n Hermoso 70.5, 6\u00b0 Diego Chao 63, 7\u00b0 Ramiro Apecetche 58.5, 8\u00b0 Mauro Tramontana 47, 9\u00b0 Mat\u00edas Pastorino 46 y 10\u00b0 Valerio Diamante 40.5. La pr\u00f3xima fecha, 1 de noviembre en el G\u00e1lvez Circuito 9.<\/p>\n<p>&nbsp;<\/p>\n<p>&nbsp;<\/p>\n","protected":false},"excerpt":{"rendered":"<p>AUTOMOVILISMO. COMIENZO ENTRE SEMANA DEL PROCAR 4000. LA PANDEMIA.<\/p>\n","protected":false},"author":4,"featured_media":7131,"comment_status":"open","ping_status":"open","sticky":false,"template":"","format":"standard","meta":{"footnotes":"","jetpack_publicize_message":"","jetpack_publicize_feature_enabled":true,"jetpack_social_post_already_shared":false,"jetpack_social_options":{"image_generator_settings":{"template":"highway","default_image_id":0,"font":"","enabled":false},"version":2}},"categories":[9],"tags":[22,333],"class_list":["post-7128","post","type-post","status-publish","format-standard","has-post-thumbnail","hentry","category-deportes","tag-automovilismo","tag-diamante"],"jetpack_publicize_connections":[],"jetpack_featured_media_url":"https:\/\/revistaepocadigital.com.ar\/wp-content\/uploads\/2020\/10\/Diamante.jpg","jetpack_likes_enabled":true,"_links":{"self":[{"href":"https:\/\/revistaepocadigital.com.ar\/index.php?rest_route=\/wp\/v2\/posts\/7128","targetHints":{"allow":["GET"]}}],"collection":[{"href":"https:\/\/revistaepocadigital.com.ar\/index.php?rest_route=\/wp\/v2\/posts"}],"about":[{"href":"https:\/\/revistaepocadigital.com.ar\/index.php?rest_route=\/wp\/v2\/types\/post"}],"author":[{"embeddable":true,"href":"https:\/\/revistaepocadigital.com.ar\/index.php?rest_route=\/wp\/v2\/users\/4"}],"replies":[{"embeddable":true,"href":"https:\/\/revistaepocadigital.com.ar\/index.php?rest_route=%2Fwp%2Fv2%2Fcomments&post=7128"}],"version-history":[{"count":0,"href":"https:\/\/revistaepocadigital.com.ar\/index.php?rest_route=\/wp\/v2\/posts\/7128\/revisions"}],"wp:featuredmedia":[{"embeddable":true,"href":"https:\/\/revistaepocadigital.com.ar\/index.php?rest_route=\/wp\/v2\/media\/7131"}],"wp:attachment":[{"href":"https:\/\/revistaepocadigital.com.ar\/index.php?rest_route=%2Fwp%2Fv2%2Fmedia&parent=7128"}],"wp:term":[{"taxonomy":"category","embeddable":true,"href":"https:\/\/revistaepocadigital.com.ar\/index.php?rest_route=%2Fwp%2Fv2%2Fcategories&post=7128"},{"taxonomy":"post_tag","embeddable":true,"href":"https:\/\/revistaepocadigital.com.ar\/index.php?rest_route=%2Fwp%2Fv2%2Ftags&post=7128"}],"curies":[{"name":"wp","href":"https:\/\/api.w.org\/{rel}","templated":true}]}}