{"id":7158,"date":"2020-10-17T23:40:51","date_gmt":"2020-10-18T02:40:51","guid":{"rendered":"https:\/\/revistaepocadigital.com.ar\/?p=7158"},"modified":"2020-10-18T00:47:34","modified_gmt":"2020-10-18T03:47:34","slug":"pongamos-un-freno-denunciemos-entre-todos-las-picadas-ilegales","status":"publish","type":"post","link":"https:\/\/revistaepocadigital.com.ar\/?p=7158","title":{"rendered":"Pongamos un freno, denunciemos entre todos las picadas ilegales"},"content":{"rendered":"<p><strong>SE HACEN A LA VISTA DE TODOS.<\/strong><!--more--><\/p>\n<p>Las picadas callejeras se realizan a la vista de todos, y ponen en peligro no s\u00f3lo la vida de aquellos que las realizan sino la de terceros inocentes. Por ello, desde la <strong>Agencia Nacional de Seguridad Vial (ANSV),<\/strong> dependiente del Ministerio de Transporte, se est\u00e1n tomando todas las medidas de fiscalizaci\u00f3n y jur\u00eddicas para erradicarlas y, tambi\u00e9n, se solicita a que quienes detecten estas competencias prohibidas las graben y las compartan con el organismo para que act\u00fae de inmediato.<\/p>\n<div class=\"yiv9163879821x_MsoNormal\">\n<p class=\"yiv9163879821x_MsoNormal\">Si sos testigo de una picada ilegal, pod\u00e9s hacer la denuncia grabando y envi\u00e1ndonos el video: pod\u00e9s escribir a <a href=\"mailto:comunicacion@seguridadvial.gob.ar\" target=\"_blank\" rel=\"nofollow noopener noreferrer\">comunicacion@seguridadvial.gob.ar<\/a>, por WhatsApp al 1162070590 o por nuestras redes sociales a @infosegvial (Facebook, Instagram o Twitter). Es importante que se puedan visualizar las patentes para que identifiquemos a los veh\u00edculos y actuemos de inmediato. Entre todos podemos frenar estas conductas temerarias que ponen en riesgo la vida de todos.<\/p>\n<p class=\"yiv9163879821x_MsoNormal\"><i>&#8220;Los idiotas que ponen en peligro a la gente y los idiotas que les festejan su supuesta valent\u00eda, necesitan subir las im\u00e1genes a Internet para completar la haza\u00f1a. Nosotros les pedimos a todos los que repudian esta irresponsabilidad que nos env\u00eden las pruebas para que podamos actuar, tanto las que puedan capturar en las redes como las que graben como peatones, cuando se encuentren con una picada. Necesitamos construir entre todos y todas una nueva cultura vial, en la que el control social del tr\u00e1nsito es un elemento central&#8221;, <\/i>se\u00f1al\u00f3 Pablo Mart\u00ednez Carignano, Director Ejecutivo de la ANSV.<\/p>\n<p class=\"yiv9163879821x_MsoNormal\">La suspensi\u00f3n provisional de la Licencia es una medida que fue creada por la ANSV mediante la Disposici\u00f3n 384\/2020, y tiene como objetivo sacar de las calles y las rutas a los conductores que desarrollen conductas grav\u00edsimas para la seguridad vial a los efectos de su reevaluaci\u00f3n por las autoridades de tr\u00e1nsito de cada jurisdicci\u00f3n. Al momento, esta medida ha sido aplicada con \u00e9xito para conductores de CABA, Mar del Plata, General Guido, Hurlingham, San Mart\u00edn, Esteban Echeverr\u00eda, Vicente L\u00f3pez, San Isidro, Pilar, Quilmes, La Matanza y Paso de la Patria.<\/p>\n<\/div>\n<p><b>Acerca de la Agencia Nacional de Seguridad Vial (ANSV)<\/b><\/p>\n<p>Organismo del Ministerio de Transporte de la Naci\u00f3n que trabaja con todas las jurisdicciones del pa\u00eds para reducir la tasa de siniestralidad vial. Se ocupa de la promoci\u00f3n, coordinaci\u00f3n, control y seguimiento de las pol\u00edticas de seguridad vial.<\/p>\n<p>&nbsp;<\/p>\n<p>Foto portada: gentileza Rosario3.com<\/p>\n","protected":false},"excerpt":{"rendered":"<p>SE HACEN A LA VISTA DE TODOS.<\/p>\n","protected":false},"author":3,"featured_media":7160,"comment_status":"open","ping_status":"open","sticky":false,"template":"","format":"standard","meta":{"footnotes":"","jetpack_publicize_message":"","jetpack_publicize_feature_enabled":true,"jetpack_social_post_already_shared":false,"jetpack_social_options":{"image_generator_settings":{"template":"highway","default_image_id":0,"font":"","enabled":false},"version":2}},"categories":[10],"tags":[37,978,977],"class_list":["post-7158","post","type-post","status-publish","format-standard","has-post-thumbnail","hentry","category-editorial","tag-destacada","tag-picadas","tag-seguridad-vial"],"jetpack_publicize_connections":[],"jetpack_featured_media_url":"https:\/\/revistaepocadigital.com.ar\/wp-content\/uploads\/2020\/10\/picadas_crop1561475533275.jpg_227831130.jpg","jetpack_likes_enabled":true,"_links":{"self":[{"href":"https:\/\/revistaepocadigital.com.ar\/index.php?rest_route=\/wp\/v2\/posts\/7158","targetHints":{"allow":["GET"]}}],"collection":[{"href":"https:\/\/revistaepocadigital.com.ar\/index.php?rest_route=\/wp\/v2\/posts"}],"about":[{"href":"https:\/\/revistaepocadigital.com.ar\/index.php?rest_route=\/wp\/v2\/types\/post"}],"author":[{"embeddable":true,"href":"https:\/\/revistaepocadigital.com.ar\/index.php?rest_route=\/wp\/v2\/users\/3"}],"replies":[{"embeddable":true,"href":"https:\/\/revistaepocadigital.com.ar\/index.php?rest_route=%2Fwp%2Fv2%2Fcomments&post=7158"}],"version-history":[{"count":0,"href":"https:\/\/revistaepocadigital.com.ar\/index.php?rest_route=\/wp\/v2\/posts\/7158\/revisions"}],"wp:featuredmedia":[{"embeddable":true,"href":"https:\/\/revistaepocadigital.com.ar\/index.php?rest_route=\/wp\/v2\/media\/7160"}],"wp:attachment":[{"href":"https:\/\/revistaepocadigital.com.ar\/index.php?rest_route=%2Fwp%2Fv2%2Fmedia&parent=7158"}],"wp:term":[{"taxonomy":"category","embeddable":true,"href":"https:\/\/revistaepocadigital.com.ar\/index.php?rest_route=%2Fwp%2Fv2%2Fcategories&post=7158"},{"taxonomy":"post_tag","embeddable":true,"href":"https:\/\/revistaepocadigital.com.ar\/index.php?rest_route=%2Fwp%2Fv2%2Ftags&post=7158"}],"curies":[{"name":"wp","href":"https:\/\/api.w.org\/{rel}","templated":true}]}}