{"id":7206,"date":"2020-10-20T23:38:00","date_gmt":"2020-10-21T02:38:00","guid":{"rendered":"https:\/\/revistaepocadigital.com.ar\/?p=7206"},"modified":"2020-10-20T23:38:00","modified_gmt":"2020-10-21T02:38:00","slug":"el-parque-cultural","status":"publish","type":"post","link":"https:\/\/revistaepocadigital.com.ar\/?p=7206","title":{"rendered":"EL PARQUE CULTURAL"},"content":{"rendered":"<div class=\"kvgmc6g5 cxmmr5t8 oygrvhab hcukyx3x c1et5uql ii04i59q\">\n<div dir=\"auto\"><strong>TRABAJOS.<\/strong><\/div>\n<\/div>\n<p><!--more--><\/p>\n<div class=\"o9v6fnle cxmmr5t8 oygrvhab hcukyx3x c1et5uql ii04i59q\">\n<div dir=\"auto\">Contin\u00faan en el Parque Cultural de Los Cardales, en este caso en el galp\u00f3n del Ferrocarril Mitre, que est\u00e1 siendo acondicionado como espacio cerrado para diversas actividades. En la semana iniciada el 19 de octubre, se avanz\u00f3 en la construcci\u00f3n, con personal y recursos del municipio y la delegaci\u00f3n, de las puertas ventanas que se van a instalar en el lugar, que estar\u00e1 inaugurado en breve.<\/div>\n<div dir=\"auto\"><\/div>\n<div dir=\"auto\">El Paseo Cultural incluye un sector para los chicos, con juegos inclusivos, y un peque\u00f1o bosque para lectura y recreo. A la vez, la propuesta implic\u00f3 la puesta en valor del galp\u00f3n del ferrocarril, para eventos culturales bajo superficie techada.<\/div>\n<\/div>\n","protected":false},"excerpt":{"rendered":"<p>TRABAJOS.<\/p>\n","protected":false},"author":3,"featured_media":7208,"comment_status":"open","ping_status":"open","sticky":false,"template":"","format":"standard","meta":{"footnotes":"","jetpack_publicize_message":"","jetpack_publicize_feature_enabled":true,"jetpack_social_post_already_shared":false,"jetpack_social_options":{"image_generator_settings":{"template":"highway","default_image_id":0,"font":"","enabled":false},"version":2}},"categories":[4],"tags":[777],"class_list":["post-7206","post","type-post","status-publish","format-standard","has-post-thumbnail","hentry","category-aqui-los-cardales","tag-parque-cultural"],"jetpack_publicize_connections":[],"jetpack_featured_media_url":"https:\/\/revistaepocadigital.com.ar\/wp-content\/uploads\/2020\/10\/carda-pque-cultur20.jpg","jetpack_likes_enabled":true,"_links":{"self":[{"href":"https:\/\/revistaepocadigital.com.ar\/index.php?rest_route=\/wp\/v2\/posts\/7206","targetHints":{"allow":["GET"]}}],"collection":[{"href":"https:\/\/revistaepocadigital.com.ar\/index.php?rest_route=\/wp\/v2\/posts"}],"about":[{"href":"https:\/\/revistaepocadigital.com.ar\/index.php?rest_route=\/wp\/v2\/types\/post"}],"author":[{"embeddable":true,"href":"https:\/\/revistaepocadigital.com.ar\/index.php?rest_route=\/wp\/v2\/users\/3"}],"replies":[{"embeddable":true,"href":"https:\/\/revistaepocadigital.com.ar\/index.php?rest_route=%2Fwp%2Fv2%2Fcomments&post=7206"}],"version-history":[{"count":0,"href":"https:\/\/revistaepocadigital.com.ar\/index.php?rest_route=\/wp\/v2\/posts\/7206\/revisions"}],"wp:featuredmedia":[{"embeddable":true,"href":"https:\/\/revistaepocadigital.com.ar\/index.php?rest_route=\/wp\/v2\/media\/7208"}],"wp:attachment":[{"href":"https:\/\/revistaepocadigital.com.ar\/index.php?rest_route=%2Fwp%2Fv2%2Fmedia&parent=7206"}],"wp:term":[{"taxonomy":"category","embeddable":true,"href":"https:\/\/revistaepocadigital.com.ar\/index.php?rest_route=%2Fwp%2Fv2%2Fcategories&post=7206"},{"taxonomy":"post_tag","embeddable":true,"href":"https:\/\/revistaepocadigital.com.ar\/index.php?rest_route=%2Fwp%2Fv2%2Ftags&post=7206"}],"curies":[{"name":"wp","href":"https:\/\/api.w.org\/{rel}","templated":true}]}}