{"id":7218,"date":"2020-10-21T23:12:07","date_gmt":"2020-10-22T02:12:07","guid":{"rendered":"https:\/\/revistaepocadigital.com.ar\/?p=7218"},"modified":"2020-10-21T23:13:19","modified_gmt":"2020-10-22T02:13:19","slug":"la-vuelta-de-los-colectivos-y-trenes-interurbanos-y-larga-distancia-de-pasajeros","status":"publish","type":"post","link":"https:\/\/revistaepocadigital.com.ar\/?p=7218","title":{"rendered":"La vuelta  de los colectivos y trenes interurbanos y de larga distancia de pasajeros"},"content":{"rendered":"<blockquote>\n<div dir=\"ltr\">\n<div class=\"yiv7383971568gmail_quote\">\n<div dir=\"ltr\">\n<div class=\"yiv7383971568gmail_quote\">\n<div dir=\"ltr\">\n<div class=\"yiv7383971568gmail_quote\">\n<div dir=\"ltr\">\n<div class=\"yiv7383971568gmail_quote\">\n<div dir=\"ltr\">\n<div class=\"yiv7383971568gmail_quote\">\n<div dir=\"ltr\">\n<div class=\"yiv7383971568gmail_quote\">\n<div dir=\"ltr\">\n<div class=\"yiv7383971568gmail_quote\">\n<div dir=\"ltr\">\n<div class=\"yiv7383971568gmail_quote\">\n<div dir=\"ltr\">\n<div class=\"yiv7383971568gmail_quote\">\n<div dir=\"ltr\">\n<div class=\"yiv7383971568gmail_quote\">\n<div dir=\"ltr\">\n<div class=\"yiv7383971568gmail_quote\">\n<div dir=\"ltr\">\n<div class=\"yiv7383971568gmail_quote\">\n<div style=\"text-align: left;\"><strong><em>EL REGRESO CON PROTOCOLOS.<!--more--><\/em><\/strong><\/div>\n<div style=\"text-align: left;\">La Comisi\u00f3n Nacional de Regulaci\u00f3n del Transporte (CNRT), organismo del Ministerio de Transporte, fiscaliza a trav\u00e9s de su Comit\u00e9 de Crisis Prevenci\u00f3n Covid- 19 los servicios del transporte automotor y ferroviario interurbano de pasajeros de jurisdicci\u00f3n nacional, a partir de la Resoluci\u00f3n 222\/2020 del Ministerio de Transporte que determin\u00f3 su regreso y el protocolo aprobado este mi\u00e9rcoles por Disposici\u00f3n CNRT 271\/2020.<\/div>\n<p class=\"yiv7383971568MsoNormal\" style=\"text-align: left;\">\u201cSeguimos con el mismo objetivo de cuidar a<i> todas y todos los argentinos. En esta apertura continuamos haciendo las fiscalizaciones al transporte de acuerdo a los protocolos que determinan las pautas de higiene y prevenci\u00f3n para evitar la propagaci\u00f3n del virus y aquellas que son para la seguridad del veh\u00edculo. Esta tarea se realiza junto a organismos nacionales, fuerzas provinciales y locales, para garantizar un transporte seguro<\/i>\u201d, detall\u00f3 Jos\u00e9 Arteaga, Director Ejecutivo de CNRT.<\/p>\n<p class=\"yiv7383971568MsoNormal\">En este sentido, luego de la suspensi\u00f3n como consecuencia del COVID y la determinaci\u00f3n del aislamiento social, preventivo y obligatorio (ASPO), los servicios de transporte volvieron a funcionar a partir de la publicaci\u00f3n de la resoluci\u00f3n ministerial que indica que deber\u00e1n tener previamente la autorizaci\u00f3n de cada jurisdicci\u00f3n provincial. A su vez, para seguir cuidando a quienes circulan y viajen por las rutas del pa\u00eds, el Comit\u00e9 de Crisis Prevenci\u00f3n Covid \u2013 19 de CNRT actualiz\u00f3 su protocolo de fiscalizaci\u00f3n a trav\u00e9s de la Disposici\u00f3n CNRT 271\/2020.<\/p>\n<p class=\"yiv7383971568MsoNormal\">Cabe recordar, que seg\u00fan el art\u00edculo 22 del Decreto 792\/2020 el uso del servicio de transporte p\u00fablico de pasajeros interurbano e interjurisdiccional autorizado a circular quedar\u00e1 reservado para las personas con actividades y servicios esenciales contempladas en el art. 11 del mencionado decreto, as\u00ed como para las personas que deban asistir a la realizaci\u00f3n de tratamientos m\u00e9dicos y sus acompa\u00f1antes.<\/p>\n<p class=\"yiv7383971568MsoNormal\"><b>\u00bfQu\u00e9 es lo que hay que saber?<\/b><\/p>\n<p class=\"yiv7383971568MsoNormal\">En la reanudaci\u00f3n deber\u00e1n aplicarse los respectivos protocolos y actualizaciones, que fueron elaborados por el \u201cComit\u00e9 de Crisis Prevenci\u00f3n Covid-19 para el transporte automotor y ferroviario\u201d.<\/p>\n<p><b>1-\u00a0\u00a0\u00a0\u00a0\u00a0\u00a0<\/b><b>Venta o reserva de pasajes:\u00a0<\/b>se procurar\u00e1 utilizar medios no presenciales.<\/p>\n<p><b>2-\u00a0\u00a0\u00a0\u00a0\u00a0\u00a0<\/b>Previo al ingreso al veh\u00edculo el pasajero exhibir\u00e1 la\u00a0<b>aplicaci\u00f3n Cuidar o el Certificado \u00danico Habilitante para circulaci\u00f3n \u2013 emergencia covid-19\u201d<\/b><\/p>\n<p>Durante la espera, ascenso y descenso a los veh\u00edculos, o para retirar las valijas de las bauleras, los pasajeros deber\u00e1n mantener la distancia social.<u><\/u><\/p>\n<p class=\"yiv7383971568MsoNormal\"><b>\u00a0<\/b><b>3-\u00a0\u00a0\u00a0\u00a0\u00a0\u00a0<\/b><b>Toma de temperatura:<\/b>\u00a0Previo al ascenso al veh\u00edculo se le tomar\u00e1 la temperatura a los pasajeros y conductores.<\/p>\n<p><b>4-\u00a0\u00a0\u00a0\u00a0\u00a0\u00a0<\/b>Es obligatorio tanto para los conductores como para los pasajeros, el\u00a0<b>uso de elementos de protecci\u00f3n que cubran nariz, boca y ment\u00f3n.<\/b><b>\u00a0<\/b><\/p>\n<p><b>5-\u00a0\u00a0\u00a0\u00a0\u00a0\u00a0<\/b><b>Aviso a los pasajeros<\/b>\u00a0Una vez que los pasajeros se encuentren a bordo, personal designado por la empresa transportista deber\u00e1 informarles que deben denunciar la aparici\u00f3n de s\u00edntomas durante el viaje a la tripulaci\u00f3n.<\/p>\n<p><b>6-\u00a0\u00a0\u00a0\u00a0\u00a0\u00a0<\/b><b>Movilidad a bordo:\u00a0<\/b>Se limitar\u00e1 la circulaci\u00f3n de pasajeros dentro de la unidad, debiendo permanecer los mismos sentados en su butaca durante todo el recorrido, a excepci\u00f3n del momento que deseen utilizar el sanitario. Para ello, deber\u00e1n aguardar que la se\u00f1al luminosa indique que el mismo se encuentra disponible, evitando hacer una fila frente a su ingreso.<\/p>\n<p><b>\u00a0<\/b><\/p>\n<p><b>Ocupaci\u00f3n:<\/b>\u00a01. \u201cSemi Cama\u201d: podr\u00e1n trasladar simult\u00e1neamente hasta 37 pasajeros (60 %).<\/p>\n<p>2. Cama Ejecutivo: podr\u00e1n trasladar simult\u00e1neamente hasta 26 pasajeros (65%).<\/p>\n<p>3. Cama Suite: podr\u00e1n trasladar simult\u00e1neamente hasta 18 pasajeros (80%).<\/p>\n<p>Ferroviario con ocupaci\u00f3n al 60% por cada coche en servicio.<\/p>\n<p class=\"yiv7383971568MsoNormal\"><b>\u00a0<\/b><b>7-\u00a0\u00a0\u00a0\u00a0\u00a0\u00a0<\/b><b>Medidas de higiene:\u00a0<\/b>Todas las unidades contar\u00e1n dentro del sanitario con suministros de jab\u00f3n. No obstante, se recomienda a los pasajeros traer consigo otros productos de protecci\u00f3n personal como alcohol en gel o toallas higi\u00e9nicas para utilizar antes, durante y despu\u00e9s del recorrido.<\/p>\n<p><b>8-\u00a0\u00a0\u00a0\u00a0\u00a0\u00a0<\/b><b>Catering, m\u00e1quinas de caf\u00e9 y jugo<\/b>\u00a0suspendidos los servicios de comidas y bebidas provistos por la empresa de transporte. Los pasajeros s\u00ed podr\u00e1n traer consigo provisiones para consumir durante el trayecto.<b><\/b><\/p>\n<p><b>Se suspender\u00e1 moment\u00e1neamente todo material de lectura, as\u00ed como tambi\u00e9n objetos como mantas, almohadas y\/o auriculares.<\/b><\/p>\n<p><b>9-\u00a0\u00a0\u00a0\u00a0\u00a0\u00a0<\/b><b>Ventilaci\u00f3n permanente<\/b>: mediante la apertura de sus ventanillas y\/o puertas cuando se encuentre fuera de servicio, a la espera de la toma de servicio y cuando finalice el mismo. Durante el viaje se realizar\u00e1n 20 renovaciones de aire por hora a trav\u00e9s del aire acondicionado en modo no recirculaci\u00f3n (aire exterior).<\/p>\n<p><b>10-\u00a0\u00a0<\/b><b>Alerta en recorrido<\/b>: Si alg\u00fan pasajero presenta s\u00edntomas de fiebre y tos, deber\u00e1 ser aislado en lo posible del resto de los pasajeros y mantener una distancia de seguridad de al menos 3 (m). Se activar\u00e1 el plan de contingencia y el conductor deber\u00e1 comunicarse con el n\u00famero 0800-222-1002 opci\u00f3n 1, a los efectos de recibir las instrucciones respecto del pasajero enfermo y el resto del pasaje. Los conductores deber\u00e1n contar con un listado de los centros de salud que se encuentran en la traza que realizan, para reportar cualquier caso sospechoso o emergencia.<\/p>\n<div><img loading=\"lazy\" decoding=\"async\" class=\"aligncenter size-full wp-image-7219\" src=\"https:\/\/revistaepocadigital.com.ar\/wp-content\/uploads\/2020\/10\/thumbnail-1.jpg\" alt=\"\" width=\"899\" height=\"1280\" srcset=\"https:\/\/revistaepocadigital.com.ar\/wp-content\/uploads\/2020\/10\/thumbnail-1.jpg 899w, https:\/\/revistaepocadigital.com.ar\/wp-content\/uploads\/2020\/10\/thumbnail-1-211x300.jpg 211w, https:\/\/revistaepocadigital.com.ar\/wp-content\/uploads\/2020\/10\/thumbnail-1-719x1024.jpg 719w, https:\/\/revistaepocadigital.com.ar\/wp-content\/uploads\/2020\/10\/thumbnail-1-768x1093.jpg 768w, https:\/\/revistaepocadigital.com.ar\/wp-content\/uploads\/2020\/10\/thumbnail-1-696x991.jpg 696w, https:\/\/revistaepocadigital.com.ar\/wp-content\/uploads\/2020\/10\/thumbnail-1-295x420.jpg 295w, https:\/\/revistaepocadigital.com.ar\/wp-content\/uploads\/2020\/10\/thumbnail-1-590x840.jpg 590w\" sizes=\"auto, (max-width: 899px) 100vw, 899px\" \/><\/div>\n<\/div>\n<\/div>\n<\/div>\n<\/div>\n<\/div>\n<\/div>\n<\/div>\n<\/div>\n<\/div>\n<\/div>\n<\/div>\n<\/div>\n<\/div>\n<\/div>\n<\/div>\n<\/div>\n<\/div>\n<\/div>\n<\/div>\n<\/div>\n<\/div>\n<\/div>\n<\/div>\n<\/div>\n<\/blockquote>\n<p>Fuente: CNRT.<\/p>\n","protected":false},"excerpt":{"rendered":"<p>EL REGRESO CON PROTOCOLOS.<\/p>\n","protected":false},"author":3,"featured_media":7220,"comment_status":"open","ping_status":"open","sticky":false,"template":"","format":"standard","meta":{"footnotes":"","jetpack_publicize_message":"","jetpack_publicize_feature_enabled":true,"jetpack_social_post_already_shared":false,"jetpack_social_options":{"image_generator_settings":{"template":"highway","default_image_id":0,"font":"","enabled":false},"version":2}},"categories":[17],"tags":[981],"class_list":["post-7218","post","type-post","status-publish","format-standard","has-post-thumbnail","hentry","category-politica","tag-medios-transporte-pasajerps-pandemia"],"jetpack_publicize_connections":[],"jetpack_featured_media_url":"https:\/\/revistaepocadigital.com.ar\/wp-content\/uploads\/2020\/10\/TERMINAL-DE-MICROS-COLECTIVOS-LARGA-DISTANCIA-3.jpg","jetpack_likes_enabled":true,"_links":{"self":[{"href":"https:\/\/revistaepocadigital.com.ar\/index.php?rest_route=\/wp\/v2\/posts\/7218","targetHints":{"allow":["GET"]}}],"collection":[{"href":"https:\/\/revistaepocadigital.com.ar\/index.php?rest_route=\/wp\/v2\/posts"}],"about":[{"href":"https:\/\/revistaepocadigital.com.ar\/index.php?rest_route=\/wp\/v2\/types\/post"}],"author":[{"embeddable":true,"href":"https:\/\/revistaepocadigital.com.ar\/index.php?rest_route=\/wp\/v2\/users\/3"}],"replies":[{"embeddable":true,"href":"https:\/\/revistaepocadigital.com.ar\/index.php?rest_route=%2Fwp%2Fv2%2Fcomments&post=7218"}],"version-history":[{"count":0,"href":"https:\/\/revistaepocadigital.com.ar\/index.php?rest_route=\/wp\/v2\/posts\/7218\/revisions"}],"wp:featuredmedia":[{"embeddable":true,"href":"https:\/\/revistaepocadigital.com.ar\/index.php?rest_route=\/wp\/v2\/media\/7220"}],"wp:attachment":[{"href":"https:\/\/revistaepocadigital.com.ar\/index.php?rest_route=%2Fwp%2Fv2%2Fmedia&parent=7218"}],"wp:term":[{"taxonomy":"category","embeddable":true,"href":"https:\/\/revistaepocadigital.com.ar\/index.php?rest_route=%2Fwp%2Fv2%2Fcategories&post=7218"},{"taxonomy":"post_tag","embeddable":true,"href":"https:\/\/revistaepocadigital.com.ar\/index.php?rest_route=%2Fwp%2Fv2%2Ftags&post=7218"}],"curies":[{"name":"wp","href":"https:\/\/api.w.org\/{rel}","templated":true}]}}