{"id":7244,"date":"2020-10-23T21:22:27","date_gmt":"2020-10-24T00:22:27","guid":{"rendered":"https:\/\/revistaepocadigital.com.ar\/?p=7244"},"modified":"2020-10-23T21:24:00","modified_gmt":"2020-10-24T00:24:00","slug":"politica-educativa-los-alimentos-demanda-esencial","status":"publish","type":"post","link":"https:\/\/revistaepocadigital.com.ar\/?p=7244","title":{"rendered":"Pol\u00edtica Educativa, los alimentos, demanda esencial, que pasa en Exaltaci\u00f3n de la Cruz"},"content":{"rendered":"<p><strong>SE CONCRET\u00d3 UNA JORNADA DE UNIDAD Y COMPROMISO.<\/strong><!--more--><\/p>\n<p>La <strong>Secretaria Politicas Educativas Municipalidad de la municipalidad de Exaltacion de la Cruz, Vanesa Russo<\/strong> coment\u00f3 acerca del evento realizado. La jornada de unidad y compromiso (23\/10) se concret\u00f3 para dar respuestas a una demanda esencial, c\u00f3mo es el alimento que se le entrega a diferentes servicios educativos de nuestro distrito.<\/p>\n<p><em>&#8220;Se hizo posible a trav\u00e9s del destino de la partida presupuestaria aprobada por el intendente Diego Nanni, para la compra de 300 m\u00f3dulos dobles de alimentos que completan los cupos faltantes del S.A.E&#8221;<\/em>, sostuvo la funcionaria y luego agreg\u00f3, <em>&#8220;esto sucede cuando los organismos que deben intervenir, se alinean ante la necesidad de dar respuesta a la comunidad educativa del distrito como la Secretar\u00eda municipal de Pol\u00edticas Educativas , Jefatura Distrital, el Consejo Escolar, Inspectores de Ense\u00f1anza, Directivos, Docentes, Auxiliares de la Educaci\u00f3n y Gremios, con un objetivo com\u00fan: Garantizar el alimento de ni\u00f1os, ni\u00f1as, adolescentes del sistema educativo&#8221;<\/em>.<\/p>\n<p>Despu\u00e9s Russo agradeci\u00f3<em> &#8220;la colaboraci\u00f3n del personal del Jardin Maternal Municipal \u201cEl Abrojito&#8221;, en el armado de los m\u00f3dulos alimentarios, personal de la Delegaci\u00f3n de Los Cardales en el traslado y descarga de alimentos a las escuelas, Delegaci\u00f3n de Parada Robles y personal municipal&#8221;.<\/em><\/p>\n<p><em>&#8220;En un momento donde debemos dar el ejemplo como sociedad se celebra que nos encuentre unidos y trabajando por el bienestar de nuestro distrito. De esta salimos juntos, acompa\u00f1ados y trabajando en equipo&#8221;<\/em>, resalt\u00f3 Russo que luego acot\u00f3 junto a la profesora Gisela Llanos, <em>&#8220;en lo personal agradecemos a la FEB, Fernanda Agnes, SUTEBA Alejandro Villanueva, al presidente de Consejo Escolar, Patricio Diez; consejeros escolares: Nancy Gim\u00e9nez y Cesar Acosta y la Inspectora Jefe Distrital, Marta Villanueva, quienes pusieron su esfuerzo y veh\u00edculos personales&#8221;.<\/em><\/p>\n","protected":false},"excerpt":{"rendered":"<p>SE CONCRET\u00d3 UNA JORNADA DE UNIDAD Y COMPROMISO.<\/p>\n","protected":false},"author":3,"featured_media":7246,"comment_status":"open","ping_status":"open","sticky":false,"template":"","format":"standard","meta":{"footnotes":"","jetpack_publicize_message":"","jetpack_publicize_feature_enabled":true,"jetpack_social_post_already_shared":false,"jetpack_social_options":{"image_generator_settings":{"template":"highway","default_image_id":0,"font":"","enabled":false},"version":2}},"categories":[17],"tags":[575,985],"class_list":["post-7244","post","type-post","status-publish","format-standard","has-post-thumbnail","hentry","category-politica","tag-alimentos","tag-politicas-educativas"],"jetpack_publicize_connections":[],"jetpack_featured_media_url":"https:\/\/revistaepocadigital.com.ar\/wp-content\/uploads\/2020\/10\/107325237_156683539289279_56466010757950558_n.jpg","jetpack_likes_enabled":true,"_links":{"self":[{"href":"https:\/\/revistaepocadigital.com.ar\/index.php?rest_route=\/wp\/v2\/posts\/7244","targetHints":{"allow":["GET"]}}],"collection":[{"href":"https:\/\/revistaepocadigital.com.ar\/index.php?rest_route=\/wp\/v2\/posts"}],"about":[{"href":"https:\/\/revistaepocadigital.com.ar\/index.php?rest_route=\/wp\/v2\/types\/post"}],"author":[{"embeddable":true,"href":"https:\/\/revistaepocadigital.com.ar\/index.php?rest_route=\/wp\/v2\/users\/3"}],"replies":[{"embeddable":true,"href":"https:\/\/revistaepocadigital.com.ar\/index.php?rest_route=%2Fwp%2Fv2%2Fcomments&post=7244"}],"version-history":[{"count":0,"href":"https:\/\/revistaepocadigital.com.ar\/index.php?rest_route=\/wp\/v2\/posts\/7244\/revisions"}],"wp:featuredmedia":[{"embeddable":true,"href":"https:\/\/revistaepocadigital.com.ar\/index.php?rest_route=\/wp\/v2\/media\/7246"}],"wp:attachment":[{"href":"https:\/\/revistaepocadigital.com.ar\/index.php?rest_route=%2Fwp%2Fv2%2Fmedia&parent=7244"}],"wp:term":[{"taxonomy":"category","embeddable":true,"href":"https:\/\/revistaepocadigital.com.ar\/index.php?rest_route=%2Fwp%2Fv2%2Fcategories&post=7244"},{"taxonomy":"post_tag","embeddable":true,"href":"https:\/\/revistaepocadigital.com.ar\/index.php?rest_route=%2Fwp%2Fv2%2Ftags&post=7244"}],"curies":[{"name":"wp","href":"https:\/\/api.w.org\/{rel}","templated":true}]}}