{"id":7307,"date":"2020-10-28T23:34:55","date_gmt":"2020-10-29T02:34:55","guid":{"rendered":"https:\/\/revistaepocadigital.com.ar\/?p=7307"},"modified":"2020-10-29T00:54:15","modified_gmt":"2020-10-29T03:54:15","slug":"donde-en-serio-descienden-los-casos-de-covid-19-y-cae-la-ocupacion-de-camas","status":"publish","type":"post","link":"https:\/\/revistaepocadigital.com.ar\/?p=7307","title":{"rendered":"\u00bfD\u00f3nde?, \u00bfen serio?. Descienden los casos de Covid-19 y cae la ocupaci\u00f3n de camas"},"content":{"rendered":"<div class=\"row\">\n<div class=\"col-12\">\n<section class=\"section-detail-header\">\n<div class=\"detail-header\">\n<div class=\"detail-header-wrapper\">\n<div class=\"grouper-and-date-wrapper d-flex flex-row align-items-center justify-content-start\"><span class=\"article-theme \"><strong>EL PROMEDIO DIARIO DE CONTAGIOS POR SEMANA.<\/strong><!--more--><\/span><\/div>\n<div><\/div>\n<div class=\"grouper-and-date-wrapper d-flex flex-row align-items-center justify-content-start\">En la <strong>provincia de Buenos Aires<\/strong><\/div>\n<p>&nbsp;<\/p>\n<\/div>\n<\/div>\n<\/section>\n<\/div>\n<\/div>\n<p><!--more--><\/p>\n<div class=\"row\">\n<div class=\"col-12 col-md-12 col-lg-8\">\n<section class=\"detail-body content-protected-false\">\n<div class=\"detail-gallery\">\n<div class=\"gallery-container\">\n<div id=\"content-gallery\">\n<div id=\"fotogaleria-Object_32879_24326\" class=\"gallery\">\n<div class=\"snapshot-container owl-carousel\">\n<div class=\"media-wrapper image itemGallery classid7479747 wide-aspect-ratio\">\n<p><img decoding=\"async\" title=\"Provincia de Buenos Aires: siguen en descenso nuevos casos de Covid-19 y cae la ocupaci\u00f3n de camas\" src=\"https:\/\/media.ambito.com\/adjuntos\/239\/imagenes\/038\/188\/0038188105.png\" alt=\"Provincia de Buenos Aires: siguen en descenso nuevos casos de Covid-19 y cae la ocupaci\u00f3n de camas\" longdesc=\"https:\/\/media.ambito.com\/adjuntos\/239\/imagenes\/038\/188\/0038188105.png\" \/><\/p>\n<div class=\"credit-media with-content \"><\/div>\n<\/div>\n<\/div>\n<\/div>\n<\/div>\n<\/div>\n<\/div>\n<\/section>\n<section class=\"detail-body first-paragraph\">\n<section id=\"note-body\" class=\"body-content note-body content-protected-false\" data-twitter-link=\"https:\/\/twitter.com\/intent\/tweet?url=https:\/\/www.ambito.com\/c5143437&amp;v\u00eda=Ambitocom&amp;related=\u00e1mbito.com&amp;text=\">De las cifras oficiales sobre la\u00a0<a class=\"agrupador\" href=\"https:\/\/www.ambito.com\/pandemia-a5128487\" rel=\"5128487\">pandemia<\/a>\u00a0de\u00a0<a class=\"agrupador\" href=\"https:\/\/www.ambito.com\/coronavirus-a5127695\" rel=\"5127695\">coronavirus<\/a>\u00a0surge un dato alentador en la provincia de\u00a0<a class=\"agrupador\" href=\"https:\/\/www.ambito.com\/buenos-aires-a5123001\" rel=\"5123001\">Buenos Aires<\/a>, ya que\u00a0<strong>en la \u00faltima semana se afianzaron los datos que marcan una fase descendente en los contagios, lo que podr\u00eda traducirse en la apertura de nuevas actividades para las pr\u00f3ximas semanas<\/strong>, tal como lo anticip\u00f3 el gobernador Axel Kicillof el pasado viernes.<\/section>\n<\/section>\n<section class=\"related-note-in-body\">\n<article class=\"related-note-in-body-article row align-items-stretch no-gutters \" data-type=\"article\">\n<div class=\"col-auto\">\n<figure class=\"figure\">En el conjunto del<strong> \u00c1rea Metropolitana de Buenos Aires (AMBA)<\/strong> la semana pasada arroj\u00f3<strong> un descenso del 12%, con respecto a la anterior en el ritmo de incremento de casos: un 4,34% contra un 4,93%.<\/strong>\u00a0En tanto que en el <strong>interior provincial<\/strong>, los casos se incrementaron en un 15,64% en la \u00faltima semana, descendiendo un 7% respecto al 16,85% de crecimiento en la semana previa. Fuentes oficiales, indicaron que el descenso es el <em>\u201cresultado de las medidas de cuidados impulsadas por el gobierno bonaerense y el fortalecimiento del sistema sanitario provincial\u201d.<\/em><\/figure>\n<\/div>\n<\/article>\n<\/section>\n<section class=\"detail-body\">\n<section class=\"body-content note-body content-protected-false\">Al analizar la evoluci\u00f3n de la pandemia por regiones se advierte que\u00a0<strong>la tercera secci\u00f3n electoral (zona sur del conurbano y La Matanza) contin\u00faa siendo la regi\u00f3n bonaerense donde el ritmo de crecimiento de la pandemia cae en forma m\u00e1s pronunciada.<\/strong>\u00a0En la \u00faltima semana, el total de casos en esta zona del Gran Buenos Aires se increment\u00f3 un 3,67%, la mitad de lo registrado un mes atr\u00e1s y un cuarto de los n\u00fameros de hace dos meses. En la evoluci\u00f3n intersemanal marca un descenso del 12% en el ritmo de crecimiento de nuevos casos. Similarmente, en la primera secci\u00f3n los casos se incrementaron un 5,10% con relaci\u00f3n a la semana anterior (descenso del 12% en el ritmo de crecimiento) y en la octava secci\u00f3n un 4,71% (ca\u00edda del 25% en relaci\u00f3n al incremento de la semana anterior).<strong>Durante la semana pasada tambi\u00e9n, todas las secciones electorales de la provincia registraron ca\u00eddas en el ritmo de crecimiento de nuevos casos a excepci\u00f3n de las secciones cuarta y s\u00e9ptima, con leves incrementos.<\/strong><\/p>\n<div id=\"7479751-Libre-1720239079_wrap\" class=\"embed_cont type_imagen\" contenteditable=\"false\">\n<div id=\"7479751-Libre-1720239079_content\" class=\"embed_content\"><img decoding=\"async\" id=\"7479751-Libre-1720239079_embed\" src=\"https:\/\/media.ambito.com\/adjuntos\/239\/imagenes\/038\/188\/0038188164.png?0000-00-00-00-00-00\" alt=\"\" longdesc=\"https:\/\/media.ambito.com\/adjuntos\/239\/imagenes\/038\/188\/0038188164.png?0000-00-00-00-00-00\" \/><\/div>\n<div id=\"7479751-Libre-1720239079_copyright\" class=\"embed_copyright\">Provincia Buenos Aires<\/div>\n<\/div>\n<p>&nbsp;<\/p>\n<p><strong>En el conurbano, s\u00f3lo los partidos del cuarto cord\u00f3n registraron un incremento neto semanal de nuevos casos ligeramente superior al de la semana previa<\/strong>, con 919 nuevos casos frente a 893 en la semana anterior. En el primer cord\u00f3n se registraron 6.067 nuevos casos en la semana del 24 de octubre contra 7.033 de la semana anterior. En el segundo cord\u00f3n, el n\u00famero de nuevos contagios en la \u00faltima semana fue de 8.741 contra 8.893 de la semana previa.\u00a0<strong>En el tercer cord\u00f3n, 1.559 contra 1.779; y en el Gran La Plata, 1147 nuevos casos en la semana del 24 de octubre contra 1.345 en la del 17 de octubre.<\/strong><\/p>\n<p><em>\u201cSi se observa el ritmo de crecimiento de la pandemia, todos los cordones del Gran Buenos Aires registraron ca\u00eddas en los \u00edndices de incremento semanal de nuevos casos\u201d,<\/em> explicaron las mismas fuentes. En ese sentido,\u00a0<strong>el menor ritmo de crecimiento se observa en el primero y segundo cord\u00f3n del conurbano, confirmando que el descenso en el impacto de la pandemia se produce en forma conc\u00e9ntrica.<\/strong><\/p>\n<\/section>\n<\/section>\n<div class=\"subscription-newsletter-button\">Fuente: nota publicada en Ambito Financiero.<\/div>\n<div>Foto: gentileza Getty images.<\/div>\n<\/div>\n<\/div>\n","protected":false},"excerpt":{"rendered":"<p>EL PROMEDIO DIARIO DE CONTAGIOS POR SEMANA.<\/p>\n","protected":false},"author":3,"featured_media":7310,"comment_status":"open","ping_status":"open","sticky":false,"template":"","format":"standard","meta":{"footnotes":"","jetpack_publicize_message":"","jetpack_publicize_feature_enabled":true,"jetpack_social_post_already_shared":false,"jetpack_social_options":{"image_generator_settings":{"template":"highway","default_image_id":0,"font":"","enabled":false},"version":2}},"categories":[13],"tags":[798,639],"class_list":["post-7307","post","type-post","status-publish","format-standard","has-post-thumbnail","hentry","category-interes-general","tag-casos","tag-pandemia"],"jetpack_publicize_connections":[],"jetpack_featured_media_url":"https:\/\/revistaepocadigital.com.ar\/wp-content\/uploads\/2020\/10\/covid-20.jpg","jetpack_likes_enabled":true,"_links":{"self":[{"href":"https:\/\/revistaepocadigital.com.ar\/index.php?rest_route=\/wp\/v2\/posts\/7307","targetHints":{"allow":["GET"]}}],"collection":[{"href":"https:\/\/revistaepocadigital.com.ar\/index.php?rest_route=\/wp\/v2\/posts"}],"about":[{"href":"https:\/\/revistaepocadigital.com.ar\/index.php?rest_route=\/wp\/v2\/types\/post"}],"author":[{"embeddable":true,"href":"https:\/\/revistaepocadigital.com.ar\/index.php?rest_route=\/wp\/v2\/users\/3"}],"replies":[{"embeddable":true,"href":"https:\/\/revistaepocadigital.com.ar\/index.php?rest_route=%2Fwp%2Fv2%2Fcomments&post=7307"}],"version-history":[{"count":0,"href":"https:\/\/revistaepocadigital.com.ar\/index.php?rest_route=\/wp\/v2\/posts\/7307\/revisions"}],"wp:featuredmedia":[{"embeddable":true,"href":"https:\/\/revistaepocadigital.com.ar\/index.php?rest_route=\/wp\/v2\/media\/7310"}],"wp:attachment":[{"href":"https:\/\/revistaepocadigital.com.ar\/index.php?rest_route=%2Fwp%2Fv2%2Fmedia&parent=7307"}],"wp:term":[{"taxonomy":"category","embeddable":true,"href":"https:\/\/revistaepocadigital.com.ar\/index.php?rest_route=%2Fwp%2Fv2%2Fcategories&post=7307"},{"taxonomy":"post_tag","embeddable":true,"href":"https:\/\/revistaepocadigital.com.ar\/index.php?rest_route=%2Fwp%2Fv2%2Ftags&post=7307"}],"curies":[{"name":"wp","href":"https:\/\/api.w.org\/{rel}","templated":true}]}}