{"id":731,"date":"2018-12-05T08:54:27","date_gmt":"2018-12-05T11:54:27","guid":{"rendered":"https:\/\/revistaepocadigital.com.ar\/?p=731"},"modified":"2018-12-05T08:54:27","modified_gmt":"2018-12-05T11:54:27","slug":"telon-rapido-para-el-2018-confiemos-en-2019","status":"publish","type":"post","link":"https:\/\/revistaepocadigital.com.ar\/?p=731","title":{"rendered":"TELON RAPIDO PARA EL 2018, CONFIEMOS EN 2019"},"content":{"rendered":"<p><strong>CIMBRONAZOS. <\/strong><!--more--><\/p>\n<p>Aumentos de tarifas, inflaci\u00f3n alt\u00edsima, precios por las nubes, recesi\u00f3n, salarios en ca\u00edda lo mismo que la actividad industrial y comercial. Conflictos pol\u00edticos, gremiales, sociales, falta de trabajo. Un gobierno nacional que trastabill\u00f3 m\u00e1s de la cuenta, a la vez que sigui\u00f3 siendo respaldado por una parte de la sociedad. La grieta no dej\u00f3 rastros que en alg\u00fan momento, sea un triste recuerdo.<\/p>\n<p><strong>2018 ser\u00e1 un a\u00f1o inolvidable,<\/strong> los argentinos y desde los exaltacruce\u00f1os, debieron soportar duros embates que tornaron muy delicada la situaci\u00f3n que perdura y, todo indica, no variar\u00e1 en demas\u00eda en el a\u00f1o que se inicia. As\u00ed estamos, as\u00ed le bajamos el tel\u00f3n a 365 d\u00edas inolvidables.<\/p>\n<p>El a\u00f1o se cierra marcado por reclamos sociales y preocupaciones; tambi\u00e9n, deseando que la realidad nos d\u00e9 un respiro y las cosas vuelvan a su cauce normal, como merecemos los argentinos que nos ilusionamos y trabajamos a diario por un pa\u00eds mejor.<\/p>\n<p><img loading=\"lazy\" decoding=\"async\" class=\"aligncenter size-full wp-image-737\" src=\"https:\/\/revistaepocadigital.com.ar\/wp-content\/uploads\/2018\/12\/escudo-cap-2-1-1-1.jpg\" alt=\"\" width=\"163\" height=\"125\" \/><\/p>\n<p><strong>Exaltaci\u00f3n de la Cruz<\/strong> como resulta obvio, tambi\u00e9n se vio golpeado por la realidad nacional y los &#8220;numeros&#8221; no cerraron para vecinos, comerciantes y tambi\u00e9n para el municipio que ha venido atravesando una compleja situaci\u00f3n financiera, que en gran parte han endilgado a la falta de env\u00edos de fondos de la provincia, m\u00e1s all\u00e1 que tambi\u00e9n debieran analizar hacia adentro, la realizaci\u00f3n de los fondos municipales y los gastos que en ciertas \u00e1reas y rubros, parecieron superar lo aconsejable. A prop\u00f3sito, y sirve como dato, el presupuesto 2019 que consideraba el <strong>Concejo Deliberante,<\/strong> supon\u00eda que iba a autorizar al Ejecutivo municipal a pagar bonificaciones por antiguedad al intendente, secretarios y directores que no se encuentran dentro del estatuto municipal y a su vez, incrementar los gastos de representaci\u00f3n del intendente en un 100% en relaci\u00f3n a la remuneraci\u00f3n b\u00e1sica&#8230;<\/p>\n<p>Como en la vida, en Exaltaci\u00f3n de la Cruz, se entremezcaron buenas y por el panorama nacional, m\u00e1s malas de las deseadas. Y entre ambos extremos, un hecho que por relacionarse a la <strong>educaci\u00f3n<\/strong> que tanto priorizamos en EPOCA, vale mencionar. Y fue la inauguraci\u00f3n del <strong>Centro de Formaci\u00f3n Profesional 402,<\/strong> destinado a formar a vecinos exaltacruce\u00f1os en diferentes oficios que los acercar\u00e1n a una salida laboral y por ende a una mejor calidad de vida. En el debe, quedaron pendientes diferentes cuestiones que preocupan a los vecinos, como el caso de los usos de <strong>agroqu\u00edmicos<\/strong> y de la utilizaci\u00f3n del <strong>agua<\/strong> y tratamientos de <strong>residuos cloacales.<\/strong><\/p>\n<p>Y mientras part\u00eda el 2018,<strong> irrumpe<\/strong> el 2019; un a\u00f1o<strong> crucial para la Argentina y para Exaltaci\u00f3n de la Cruz,<\/strong> que estar\u00e1 marcado por las vitales elecciones que servir\u00e1n para elegir presidente, gobernador e intendente. La rueda ha comenzado a girar. Y mucha tela habr\u00e1 para cortar.<\/p>\n<p><span style=\"color: #ff6600;\">EN MODO &#8220;PAUSA&#8221;<\/span><\/p>\n<p>EPOCA se incorpor\u00f3 a la era digital; como te contamos, pod\u00e9s ver y leer la revista en el sitio de la revista <strong>www.revistaepocadigital.com.ar<\/strong><\/p>\n<p>Con un moderno, atractivo y \u00e1gil dise\u00f1o, te encontr\u00e1s con toda la informaci\u00f3n que cont\u00e1s en la revista impresa que te contamos, se toma una pausa en el receso veraniego.<\/p>\n<p>A la info y notas en la edici\u00f3n digital, le pod\u00e9s sumar m\u00e1s posibilidades, con significan una mayor y din\u00e1mica interacci\u00f3n. Son momentos dif\u00edciles, sin embargo, para los que hacemos EPOCA sigue siendo una <strong>&#8220;Epoca de ponermos en marcha&#8221;.<\/strong><\/p>\n<p>Desde ya, el <strong>agradecimiento<\/strong> permanente por continuar acompa\u00f1andonos, y <strong>\u00a1los mejores deseos para que vivan muy Feliz Navidad y un gran a\u00f1o 2019!.<\/strong><\/p>\n<p><strong>\u00a0\u00a0\u00a0\u00a0 LA DIRECCION<\/strong><\/p>\n<p>&nbsp;<\/p>\n<p>Foto portada: gentileza La Posada del Orante.<\/p>\n","protected":false},"excerpt":{"rendered":"<p>CIMBRONAZOS.<\/p>\n","protected":false},"author":3,"featured_media":735,"comment_status":"open","ping_status":"open","sticky":false,"template":"","format":"standard","meta":{"footnotes":"","jetpack_publicize_message":"","jetpack_publicize_feature_enabled":true,"jetpack_social_post_already_shared":false,"jetpack_social_options":{"image_generator_settings":{"template":"highway","default_image_id":0,"font":"","enabled":false},"version":2}},"categories":[10],"tags":[37,40],"class_list":["post-731","post","type-post","status-publish","format-standard","has-post-thumbnail","hentry","category-editorial","tag-destacada","tag-editorial-diciembre-18"],"jetpack_publicize_connections":[],"jetpack_featured_media_url":"https:\/\/revistaepocadigital.com.ar\/wp-content\/uploads\/2018\/12\/cruz-1.jpg","jetpack_likes_enabled":true,"_links":{"self":[{"href":"https:\/\/revistaepocadigital.com.ar\/index.php?rest_route=\/wp\/v2\/posts\/731","targetHints":{"allow":["GET"]}}],"collection":[{"href":"https:\/\/revistaepocadigital.com.ar\/index.php?rest_route=\/wp\/v2\/posts"}],"about":[{"href":"https:\/\/revistaepocadigital.com.ar\/index.php?rest_route=\/wp\/v2\/types\/post"}],"author":[{"embeddable":true,"href":"https:\/\/revistaepocadigital.com.ar\/index.php?rest_route=\/wp\/v2\/users\/3"}],"replies":[{"embeddable":true,"href":"https:\/\/revistaepocadigital.com.ar\/index.php?rest_route=%2Fwp%2Fv2%2Fcomments&post=731"}],"version-history":[{"count":0,"href":"https:\/\/revistaepocadigital.com.ar\/index.php?rest_route=\/wp\/v2\/posts\/731\/revisions"}],"wp:featuredmedia":[{"embeddable":true,"href":"https:\/\/revistaepocadigital.com.ar\/index.php?rest_route=\/wp\/v2\/media\/735"}],"wp:attachment":[{"href":"https:\/\/revistaepocadigital.com.ar\/index.php?rest_route=%2Fwp%2Fv2%2Fmedia&parent=731"}],"wp:term":[{"taxonomy":"category","embeddable":true,"href":"https:\/\/revistaepocadigital.com.ar\/index.php?rest_route=%2Fwp%2Fv2%2Fcategories&post=731"},{"taxonomy":"post_tag","embeddable":true,"href":"https:\/\/revistaepocadigital.com.ar\/index.php?rest_route=%2Fwp%2Fv2%2Ftags&post=731"}],"curies":[{"name":"wp","href":"https:\/\/api.w.org\/{rel}","templated":true}]}}