{"id":7314,"date":"2020-10-29T00:48:15","date_gmt":"2020-10-29T03:48:15","guid":{"rendered":"https:\/\/revistaepocadigital.com.ar\/?p=7314"},"modified":"2020-10-29T00:48:15","modified_gmt":"2020-10-29T03:48:15","slug":"un-cacho-de-cultura","status":"publish","type":"post","link":"https:\/\/revistaepocadigital.com.ar\/?p=7314","title":{"rendered":"&#8220;Un cacho de cultura&#8221;"},"content":{"rendered":"<div class=\"\" dir=\"auto\">\n<div id=\"jsc_c_11y\" class=\"ecm0bbzt hv4rvrfc ihqw7lf3 dati1w0a\" data-ad-comet-preview=\"message\" data-ad-preview=\"message\">\n<div class=\"j83agx80 cbu4d94t ew0dbk1b irj2b8pg\">\n<div class=\"qzhwtbm6 knvmm38d\">\n<div class=\"kvgmc6g5 cxmmr5t8 oygrvhab hcukyx3x c1et5uql ii04i59q\">\n<div dir=\"auto\">\n<h5><strong>CALOI, Y SUS HISTORIETAS, Y SU CLEMENTE SU MEMORABLE CREACI\u00d3N. TODO ES CULTURA. Y UNA FORMA DE AMPLIARLA Y DIFUNDIRLA COMO VITAL APORTE\u00a0 A LAS SOCIEDADES, SON LOS CENTROS CULTURALES.<!--more--><\/strong><\/h5>\n<h3><span style=\"color: #222222; font-family: Verdana, Geneva, sans-serif; font-size: 15px;\">Acercar a los vecinos, a la gente, a desplegar ideas, inquietudes, espect\u00e1culos. Podr\u00eda decirse que se encuentran entre los objetivos a cumplirse en el inaugurado Centro Cultural de Parada Robles.<\/span><\/h3>\n<h5><span style=\"color: #222222; font-family: Verdana, Geneva, sans-serif; font-size: 15px;\">En el acto (28\/10) qued\u00f3 formalmente inaugurado el nuevo Centro Cultural de Parada Robles, ubicado junto a la Delegaci\u00f3n Municipal en la localidad exaltacruce\u00f1a. Estuvo el<\/span> intendente Diego Nanni, autoridades del municipio, de la delegaci\u00f3n, representantes de la cultura, de entidades intermedias y trabajadores\u00a0 que se ocuparon de la construcci\u00f3n del lugar.<\/h5>\n<\/div>\n<p><img loading=\"lazy\" decoding=\"async\" class=\"aligncenter size-full wp-image-7316\" src=\"https:\/\/revistaepocadigital.com.ar\/wp-content\/uploads\/2020\/10\/roble-cen-cul20.jpg\" alt=\"\" width=\"1280\" height=\"853\" srcset=\"https:\/\/revistaepocadigital.com.ar\/wp-content\/uploads\/2020\/10\/roble-cen-cul20.jpg 1280w, https:\/\/revistaepocadigital.com.ar\/wp-content\/uploads\/2020\/10\/roble-cen-cul20-300x200.jpg 300w, https:\/\/revistaepocadigital.com.ar\/wp-content\/uploads\/2020\/10\/roble-cen-cul20-1200x800.jpg 1200w, https:\/\/revistaepocadigital.com.ar\/wp-content\/uploads\/2020\/10\/roble-cen-cul20-768x512.jpg 768w, https:\/\/revistaepocadigital.com.ar\/wp-content\/uploads\/2020\/10\/roble-cen-cul20-696x464.jpg 696w, https:\/\/revistaepocadigital.com.ar\/wp-content\/uploads\/2020\/10\/roble-cen-cul20-1068x712.jpg 1068w, https:\/\/revistaepocadigital.com.ar\/wp-content\/uploads\/2020\/10\/roble-cen-cul20-630x420.jpg 630w, https:\/\/revistaepocadigital.com.ar\/wp-content\/uploads\/2020\/10\/roble-cen-cul20-1260x840.jpg 1260w\" sizes=\"auto, (max-width: 1280px) 100vw, 1280px\" \/><\/p>\n<\/div>\n<div class=\"o9v6fnle cxmmr5t8 oygrvhab hcukyx3x c1et5uql ii04i59q\">\n<div dir=\"auto\">\u201cEstamos materializando lo que venimos planificando desde hace tiempo. Este sue\u00f1o se remonta al 2006, y representa un progreso para la comunidad\u201d, dijo Nanni. Luego acot\u00f3, &#8220;gracias a los gobiernos que pasaron y a los empleados municipales que hicieron este esfuerzo para que el nuevo centro sea una realidad\u201d.<\/div>\n<\/div>\n<div class=\"o9v6fnle cxmmr5t8 oygrvhab hcukyx3x c1et5uql ii04i59q\">\n<div dir=\"auto\"><\/div>\n<div dir=\"auto\">El jefe comunal mencion\u00f3 m\u00e1s tarde: \u201cDesde un distrito peque\u00f1o, hemos demostrado que se pueden materializar cosas, si la comunidad se pone de acuerdo, sin banderas pol\u00edticas. Estamos en una emergencia sanitaria y tenemos que cuidarnos, pero no podemos escudarnos en la pandemia para no hacer y no gestionar\u201d.<\/div>\n<div dir=\"auto\"><\/div>\n<\/div>\n<div class=\"o9v6fnle cxmmr5t8 oygrvhab hcukyx3x c1et5uql ii04i59q\">\n<div dir=\"auto\">Luego del tradicional corte de cintas, las autoridades entregaron una placa recordatoria a representantes del Centro de Jubilados \u201cNo me olvides\u201d, en memoria de Marta Lapolla, fallecida recientemente. Dicho centro fue tambi\u00e9n impulsor del flamante Centro Cultural concretado.<\/div>\n<div dir=\"auto\"><\/div>\n<\/div>\n<div class=\"o9v6fnle cxmmr5t8 oygrvhab hcukyx3x c1et5uql ii04i59q\">\n<div dir=\"auto\">Tambi\u00e9n fue plantado un ceibo, en nombre de la comunidad de artistas de Parada Robles, quienes ahora cuentan con un nuevo espacio,\u00a0 una vez que haya concluido la pandemia.<\/div>\n<\/div>\n<\/div>\n<\/div>\n<\/div>\n<\/div>\n<p>&nbsp;<\/p>\n<p>Fotos:Prensa Municipalidad.<\/p>\n","protected":false},"excerpt":{"rendered":"<p>CALOI, Y SUS HISTORIETAS, Y SU CLEMENTE SU MEMORABLE CREACI\u00d3N. TODO ES CULTURA. Y UNA FORMA DE AMPLIARLA Y DIFUNDIRLA COMO VITAL APORTE\u00a0 A LAS SOCIEDADES, SON LOS CENTROS CULTURALES.<\/p>\n","protected":false},"author":4,"featured_media":7315,"comment_status":"open","ping_status":"open","sticky":false,"template":"","format":"standard","meta":{"footnotes":"","jetpack_publicize_message":"","jetpack_publicize_feature_enabled":true,"jetpack_social_post_already_shared":false,"jetpack_social_options":{"image_generator_settings":{"template":"highway","default_image_id":0,"font":"","enabled":false},"version":2}},"categories":[5,17],"tags":[996,997],"class_list":["post-7314","post","type-post","status-publish","format-standard","has-post-thumbnail","hentry","category-aqui-parada-robles","category-politica","tag-centro-cultural-robles","tag-inauguracion"],"jetpack_publicize_connections":[],"jetpack_featured_media_url":"https:\/\/revistaepocadigital.com.ar\/wp-content\/uploads\/2020\/10\/robles-inau-ctro-cul-20.jpg","jetpack_likes_enabled":true,"_links":{"self":[{"href":"https:\/\/revistaepocadigital.com.ar\/index.php?rest_route=\/wp\/v2\/posts\/7314","targetHints":{"allow":["GET"]}}],"collection":[{"href":"https:\/\/revistaepocadigital.com.ar\/index.php?rest_route=\/wp\/v2\/posts"}],"about":[{"href":"https:\/\/revistaepocadigital.com.ar\/index.php?rest_route=\/wp\/v2\/types\/post"}],"author":[{"embeddable":true,"href":"https:\/\/revistaepocadigital.com.ar\/index.php?rest_route=\/wp\/v2\/users\/4"}],"replies":[{"embeddable":true,"href":"https:\/\/revistaepocadigital.com.ar\/index.php?rest_route=%2Fwp%2Fv2%2Fcomments&post=7314"}],"version-history":[{"count":0,"href":"https:\/\/revistaepocadigital.com.ar\/index.php?rest_route=\/wp\/v2\/posts\/7314\/revisions"}],"wp:featuredmedia":[{"embeddable":true,"href":"https:\/\/revistaepocadigital.com.ar\/index.php?rest_route=\/wp\/v2\/media\/7315"}],"wp:attachment":[{"href":"https:\/\/revistaepocadigital.com.ar\/index.php?rest_route=%2Fwp%2Fv2%2Fmedia&parent=7314"}],"wp:term":[{"taxonomy":"category","embeddable":true,"href":"https:\/\/revistaepocadigital.com.ar\/index.php?rest_route=%2Fwp%2Fv2%2Fcategories&post=7314"},{"taxonomy":"post_tag","embeddable":true,"href":"https:\/\/revistaepocadigital.com.ar\/index.php?rest_route=%2Fwp%2Fv2%2Ftags&post=7314"}],"curies":[{"name":"wp","href":"https:\/\/api.w.org\/{rel}","templated":true}]}}