{"id":7326,"date":"2020-10-29T19:42:03","date_gmt":"2020-10-29T22:42:03","guid":{"rendered":"https:\/\/revistaepocadigital.com.ar\/?p=7326"},"modified":"2020-10-29T19:42:03","modified_gmt":"2020-10-29T22:42:03","slug":"que-se-vengan-los-chicos-amplian-asignacion-universal-por-hijo","status":"publish","type":"post","link":"https:\/\/revistaepocadigital.com.ar\/?p=7326","title":{"rendered":"Que se vengan los chicos, ampl\u00edan Asignaci\u00f3n Universal por Hijo"},"content":{"rendered":"<p class=\"yiv3670426588MsoNormal\" style=\"text-align: left;\" align=\"center\"><b><span lang=\"ES-TRAD\">\u00a0EL GOBIERNO SUMA A UN MILL\u00d3N DE NI\u00d1OS, NI\u00d1AS Y ADOLESCENTES A LA ASIGNACI\u00d3N UNIVERSAL POR HIJO.<\/span><\/b><!--more--><\/p>\n<p class=\"yiv3670426588MsoNormal\"><span lang=\"ES-TRAD\">El Presidente\u00a0<b>Alberto Fern\u00e1ndez<\/b> firm\u00f3 (29\/10) un decreto que permitir\u00e1 <b>incorporar a la Asignaci\u00f3n Universal por Hijo (AUH) a m\u00e1s de un mill\u00f3n de ni\u00f1os, ni\u00f1as y adolescentes\u00a0<\/b>que no tienen cobertura por parte del Estado, para lo cual se destinar\u00e1 una inversi\u00f3n de 30.000 millones de pesos.\u00a0El Presidente estuvo acompa\u00f1ado por <b>la directora ejecutiva de la ANSES, Fernanda Raverta <\/b>(foto).<\/span><\/p>\n<p class=\"yiv3670426588MsoNormal\"><i><span lang=\"ES-TRAD\">\u201cSe cumplen 11 a\u00f1os de lo que creo que fue algo revolucionario en la seguridad social en la Argentina, fue la primera vez que un plan se universaliz\u00f3 para proteger a los chicos m\u00e1s desprotegidos, y ese plan ha funcionado muy bien llegando a los que m\u00e1s lo necesitan\u201d,<\/span><\/i><span lang=\"ES-TRAD\">\u00a0expres\u00f3 el Presidente.<\/span><\/p>\n<p class=\"yiv3670426588MsoNormal\"><i><span lang=\"ES-TRAD\">\u201cNuestra preocupaci\u00f3n es entender la situaci\u00f3n de esas familias, de esos nenes y nenas, y ver de qu\u00e9 modo podemos seguir extendi\u00e9ndoles la mano que el Estado debe tenderles\u201d<\/span><\/i><span lang=\"ES-TRAD\">, sostuvo\u00a0Fern\u00e1ndez, y detall\u00f3:\u00a0<i>\u201cA instancias del trabajo de la ANSES, lo primero que estamos haciendo hoy es llevando tranquilidad, dici\u00e9ndoles que\u00a0<b>aquellos que no pudieron cumplir con los requisitos que la AUH\u00a0<\/b>impone a los padres, porque se hizo dif\u00edcil controlar la salud de los chicos o garantizar la escolaridad,\u00a0<b>que se queden tranquilos, que les daremos tiempo para regularizar eso y mientras tanto seguir\u00e1n cubiertos por la asignaci\u00f3n<\/b>\u201d.<\/i><\/span><\/p>\n<p class=\"yiv3670426588MsoNormal\"><span lang=\"ES-TRAD\">El Presidente<\/span><span lang=\"ES-TRAD\">\u00a0tambi\u00e9n explic\u00f3 que se\u00a0<i>detect\u00f3, \u201cla existencia de muchos argentinos indocumentados y muchas veces esos padres indocumentados no pudieron acceder por la falta de documentaci\u00f3n a esta asignaci\u00f3n que el Estado les otorga para criar a sus hijos, y all\u00ed fuimos a buscarlos y a resolver el problema\u201d<\/i>.<\/span><\/p>\n<p class=\"yiv3670426588MsoNormal\"><i><span lang=\"ES-TRAD\">\u201cPrimero les dimos los documentos para integrarlos a la sociedad de la que son parte y ahora les damos los derechos que tienen como parte de esa sociedad. Celebro que todo esto ocurra hoy, cuando\u00a0se cumplen 11 a\u00f1os del d\u00eda en que Cristina impuls\u00f3 la AUH\u201d<\/span><\/i><span lang=\"ES-TRAD\">, afirm\u00f3.<\/span><\/p>\n<p class=\"yiv3670426588MsoNormal\"><span lang=\"ES-TRAD\">Fernanda Raverta<\/span><span lang=\"ES-TRAD\">, en tanto, se\u00f1al\u00f3 que\u00a0<i>\u201cdesde el gobierno creemos que el Estado debe garantizar los derechos,\u00a0no esperar que los ciudadanos y ciudadanas vengan a buscarlos, sino el Estado ir, resolver y garantizar esos derechos\u201d<\/i>.<\/span><\/p>\n<p class=\"yiv3670426588MsoNormal\"><span lang=\"ES-TRAD\">En tanto, expuso que\u00a0<i>\u201ca partir del decreto que va a firmar el Presidente de la Naci\u00f3n vamos a ir a buscar a esos nenes.\u00a0<b>Hay 723 mil chicos y chicas que ya hemos encontrado, haciendo una tarea de cruce de informaci\u00f3n en nuestro sistema<\/b>,<b>\u00a0<\/b>en nuestra base de datos. Por lo tanto, eso va a ser muy r\u00e1pido y vamos a poder abrazar a esos chicos y a esas chicas\u201d<\/i>.<\/span><\/p>\n<p class=\"yiv3670426588MsoNormal\"><b><span lang=\"ES-TRAD\">La AUH<\/span><\/b><span lang=\"ES-TRAD\">\u00a0llega actualmente a 4 millones de beneficiarios y es un derecho que\u00a0<b>alcanza a chicas y chicos de hasta 18 a\u00f1os de edad<\/b>\u00a0<b>cuya madre o padre est\u00e1n desocupados, son trabajadores no registrados, del servicio dom\u00e9stico o son monotributistas sociales.<\/b><\/span><\/p>\n<p class=\"yiv3670426588MsoNormal\"><span lang=\"ES-TRAD\">De acuerdo a los datos de la ANSES, existen en la Argentina aproximadamente un mill\u00f3n de ni\u00f1os, ni\u00f1as y adolescentes que se encuentran por fuera del sistema de la Seguridad Social. Hasta el momento el organismo pudo elaborar un registro que ya permiti\u00f3 identificar a 723.987 de ese total<\/span><\/p>\n<p>Fuente: ANSES Prensa.<\/p>\n","protected":false},"excerpt":{"rendered":"<p>\u00a0EL GOBIERNO SUMA A UN MILL\u00d3N DE NI\u00d1OS, NI\u00d1AS Y ADOLESCENTES A LA ASIGNACI\u00d3N UNIVERSAL POR HIJO.<\/p>\n","protected":false},"author":3,"featured_media":7327,"comment_status":"open","ping_status":"open","sticky":false,"template":"","format":"standard","meta":{"footnotes":"","jetpack_publicize_message":"","jetpack_publicize_feature_enabled":true,"jetpack_social_post_already_shared":false,"jetpack_social_options":{"image_generator_settings":{"template":"highway","default_image_id":0,"font":"","enabled":false},"version":2}},"categories":[81,17],"tags":[21,999],"class_list":["post-7326","post","type-post","status-publish","format-standard","has-post-thumbnail","hentry","category-anses","category-politica","tag-anses","tag-auh"],"jetpack_publicize_connections":[],"jetpack_featured_media_url":"https:\/\/revistaepocadigital.com.ar\/wp-content\/uploads\/2020\/10\/fernandez-raverta-20.jpeg","jetpack_likes_enabled":true,"_links":{"self":[{"href":"https:\/\/revistaepocadigital.com.ar\/index.php?rest_route=\/wp\/v2\/posts\/7326","targetHints":{"allow":["GET"]}}],"collection":[{"href":"https:\/\/revistaepocadigital.com.ar\/index.php?rest_route=\/wp\/v2\/posts"}],"about":[{"href":"https:\/\/revistaepocadigital.com.ar\/index.php?rest_route=\/wp\/v2\/types\/post"}],"author":[{"embeddable":true,"href":"https:\/\/revistaepocadigital.com.ar\/index.php?rest_route=\/wp\/v2\/users\/3"}],"replies":[{"embeddable":true,"href":"https:\/\/revistaepocadigital.com.ar\/index.php?rest_route=%2Fwp%2Fv2%2Fcomments&post=7326"}],"version-history":[{"count":0,"href":"https:\/\/revistaepocadigital.com.ar\/index.php?rest_route=\/wp\/v2\/posts\/7326\/revisions"}],"wp:featuredmedia":[{"embeddable":true,"href":"https:\/\/revistaepocadigital.com.ar\/index.php?rest_route=\/wp\/v2\/media\/7327"}],"wp:attachment":[{"href":"https:\/\/revistaepocadigital.com.ar\/index.php?rest_route=%2Fwp%2Fv2%2Fmedia&parent=7326"}],"wp:term":[{"taxonomy":"category","embeddable":true,"href":"https:\/\/revistaepocadigital.com.ar\/index.php?rest_route=%2Fwp%2Fv2%2Fcategories&post=7326"},{"taxonomy":"post_tag","embeddable":true,"href":"https:\/\/revistaepocadigital.com.ar\/index.php?rest_route=%2Fwp%2Fv2%2Ftags&post=7326"}],"curies":[{"name":"wp","href":"https:\/\/api.w.org\/{rel}","templated":true}]}}