{"id":7346,"date":"2020-10-31T00:32:23","date_gmt":"2020-10-31T03:32:23","guid":{"rendered":"https:\/\/revistaepocadigital.com.ar\/?p=7346"},"modified":"2020-10-31T00:47:00","modified_gmt":"2020-10-31T03:47:00","slug":"tomas-de-terrenos-en-exaltacion-de-la-cruz-no","status":"publish","type":"post","link":"https:\/\/revistaepocadigital.com.ar\/?p=7346","title":{"rendered":"\u00bfTOMAS DE TERRENOS, EN EXALTACI\u00d3N DE LA CRUZ? \u00a1NO!"},"content":{"rendered":"<p><strong>DESOCUPAN PREDIOS.<\/strong><!--more--><\/p>\n<div class=\"kvgmc6g5 cxmmr5t8 oygrvhab hcukyx3x c1et5uql ii04i59q\">\n<div dir=\"auto\">Que m\u00e1s decir sobre uno de los problemas m\u00e1s acuciantes y profundos, con indiscutidas aristas pol\u00edticas, sociales y de intereses que desde hace mucho y encendidos en los \u00faltimos d\u00edas, representan las usurpaciones, las tomas de terrenos y propiedades.<\/div>\n<div dir=\"auto\"><\/div>\n<div dir=\"auto\">En Exaltaci\u00f3n de la Cruz, la problem\u00e1tica que dispara diferentes aristas, los vecinos anhelan a que estos episodios nos tengan lugar en el distrito, m\u00e1s all\u00e1 de las evidentes necesidades sociales.<\/div>\n<div dir=\"auto\"><\/div>\n<div dir=\"auto\">La municipalidad es de suponer, a modo preventivo, ha estado desocupando predios. Uno da zona conocida como &#8220;El Bajo&#8221;. Distintas \u00e1reas municipales como Legales, Seguridad, Prevenci\u00f3n de Riesgo, sumados a personal policial y del Juzgado, siguen avanzando en la recuperaci\u00f3n de lotes y predios ocupados de manera irregular, para evitar asentamientos o eventuales dep\u00f3sitos de basura y materiales en desuso.<\/div>\n<\/div>\n<div dir=\"auto\"><img loading=\"lazy\" decoding=\"async\" class=\"aligncenter size-large wp-image-7353\" src=\"https:\/\/revistaepocadigital.com.ar\/wp-content\/uploads\/2020\/10\/tomas-3-1200x800.jpg\" alt=\"\" width=\"696\" height=\"464\" srcset=\"https:\/\/revistaepocadigital.com.ar\/wp-content\/uploads\/2020\/10\/tomas-3-1200x800.jpg 1200w, https:\/\/revistaepocadigital.com.ar\/wp-content\/uploads\/2020\/10\/tomas-3-300x200.jpg 300w, https:\/\/revistaepocadigital.com.ar\/wp-content\/uploads\/2020\/10\/tomas-3-768x512.jpg 768w, https:\/\/revistaepocadigital.com.ar\/wp-content\/uploads\/2020\/10\/tomas-3-696x464.jpg 696w, https:\/\/revistaepocadigital.com.ar\/wp-content\/uploads\/2020\/10\/tomas-3-1068x712.jpg 1068w, https:\/\/revistaepocadigital.com.ar\/wp-content\/uploads\/2020\/10\/tomas-3-630x420.jpg 630w, https:\/\/revistaepocadigital.com.ar\/wp-content\/uploads\/2020\/10\/tomas-3.jpg 1261w\" sizes=\"auto, (max-width: 696px) 100vw, 696px\" \/><\/div>\n<div dir=\"auto\">\n<figure id=\"attachment_7354\" aria-describedby=\"caption-attachment-7354\" style=\"width: 696px\" class=\"wp-caption aligncenter\"><img loading=\"lazy\" decoding=\"async\" class=\"size-large wp-image-7354\" src=\"https:\/\/revistaepocadigital.com.ar\/wp-content\/uploads\/2020\/10\/tomnas-2-1200x800.jpg\" alt=\"\" width=\"696\" height=\"464\" srcset=\"https:\/\/revistaepocadigital.com.ar\/wp-content\/uploads\/2020\/10\/tomnas-2-1200x800.jpg 1200w, https:\/\/revistaepocadigital.com.ar\/wp-content\/uploads\/2020\/10\/tomnas-2-300x200.jpg 300w, https:\/\/revistaepocadigital.com.ar\/wp-content\/uploads\/2020\/10\/tomnas-2-768x512.jpg 768w, https:\/\/revistaepocadigital.com.ar\/wp-content\/uploads\/2020\/10\/tomnas-2-696x464.jpg 696w, https:\/\/revistaepocadigital.com.ar\/wp-content\/uploads\/2020\/10\/tomnas-2-1068x712.jpg 1068w, https:\/\/revistaepocadigital.com.ar\/wp-content\/uploads\/2020\/10\/tomnas-2-630x420.jpg 630w, https:\/\/revistaepocadigital.com.ar\/wp-content\/uploads\/2020\/10\/tomnas-2-1260x840.jpg 1260w, https:\/\/revistaepocadigital.com.ar\/wp-content\/uploads\/2020\/10\/tomnas-2.jpg 1280w\" sizes=\"auto, (max-width: 696px) 100vw, 696px\" \/><figcaption id=\"caption-attachment-7354\" class=\"wp-caption-text\">Las medidas adoptadas en la zona de El Bajo.<\/figcaption><\/figure>\n<\/div>\n<div dir=\"auto\"><em>&#8220;En ese sentido<\/em> -informaron desde el municipio- <em>esta semana (26-30\/10) se procedi\u00f3 a liberar un amplio sector de Arroyo de la Cruz, que un particular decidi\u00f3 utilizar como basurero ilegal, con visible perjuicio para el medio ambiente y la salud p\u00fablica. Algo similar ocurri\u00f3 en el barrio El Bajo, en Capilla del Se\u00f1or, en donde se despej\u00f3 un terreno del ferrocarril ocupado por un particular.<\/em><\/div>\n<div class=\"o9v6fnle cxmmr5t8 oygrvhab hcukyx3x c1et5uql ii04i59q\">\n<div dir=\"auto\"><em>Esta decisi\u00f3n apunta a comprometer a los particulares, y a todos los niveles del Estado, en el cuidado y prevenci\u00f3n respecto de la usurpaci\u00f3n de lotes, ya sea denunciando o controlando para que no ocurran. Es necesario el compromiso de todos&#8221;.\u00a0<\/em><\/div>\n<\/div>\n<div dir=\"auto\"><\/div>\n<div dir=\"auto\">\n<div class=\"\" dir=\"auto\">\n<div id=\"jsc_c_h8\" class=\"ecm0bbzt hv4rvrfc ihqw7lf3 dati1w0a\" data-ad-comet-preview=\"message\" data-ad-preview=\"message\">\n<div class=\"j83agx80 cbu4d94t ew0dbk1b irj2b8pg\">\n<div class=\"qzhwtbm6 knvmm38d\">\n<div class=\"kvgmc6g5 cxmmr5t8 oygrvhab hcukyx3x c1et5uql ii04i59q\">\n<div dir=\"auto\"><strong>TAMBI\u00c9N EN ARROYO DE LA CRUZ.<\/strong><\/div>\n<div dir=\"auto\"><\/div>\n<\/div>\n<div class=\"o9v6fnle cxmmr5t8 oygrvhab hcukyx3x c1et5uql ii04i59q\">\n<div dir=\"auto\">La localidad de Arroyo de la Cruz, donde en anteriores ocasiones se vivieran episodios controvertidos, un amplio operativo desarrolla (28\/10) fue llevado a\u00a0 cabo con el objetivo de retirar basura acumulada en un amplio predio, ubicado a metros del Destacamento Rural de la polic\u00eda.<\/div>\n<\/div>\n<div class=\"o9v6fnle cxmmr5t8 oygrvhab hcukyx3x c1et5uql ii04i59q\">\n<div dir=\"auto\"><\/div>\n<div dir=\"auto\">Las acciones incluyeron la utilizaci\u00f3n de camiones, palas mec\u00e1nicas, y equipo pesado, con la participaci\u00f3n de \u00e1reas como Producci\u00f3n y Medio Ambiente, Gobierno, Zoonosis, Legales, Seguridad y Reducci\u00f3n de Riesgo, y la Polic\u00eda Ecol\u00f3gica de la provincia de Buenos Aires, entre otros.<\/div>\n<\/div>\n<\/div>\n<\/div>\n<div dir=\"auto\"><img loading=\"lazy\" decoding=\"async\" class=\"aligncenter size-medium wp-image-7355\" src=\"https:\/\/revistaepocadigital.com.ar\/wp-content\/uploads\/2020\/10\/arro-300x200.jpg\" alt=\"\" width=\"300\" height=\"200\" srcset=\"https:\/\/revistaepocadigital.com.ar\/wp-content\/uploads\/2020\/10\/arro-300x200.jpg 300w, https:\/\/revistaepocadigital.com.ar\/wp-content\/uploads\/2020\/10\/arro-768x512.jpg 768w, https:\/\/revistaepocadigital.com.ar\/wp-content\/uploads\/2020\/10\/arro-696x464.jpg 696w, https:\/\/revistaepocadigital.com.ar\/wp-content\/uploads\/2020\/10\/arro-630x420.jpg 630w, https:\/\/revistaepocadigital.com.ar\/wp-content\/uploads\/2020\/10\/arro.jpg 800w\" sizes=\"auto, (max-width: 300px) 100vw, 300px\" \/><\/div>\n<\/div>\n<div dir=\"auto\">\n<figure id=\"attachment_7356\" aria-describedby=\"caption-attachment-7356\" style=\"width: 300px\" class=\"wp-caption aligncenter\"><img loading=\"lazy\" decoding=\"async\" class=\"size-medium wp-image-7356\" src=\"https:\/\/revistaepocadigital.com.ar\/wp-content\/uploads\/2020\/10\/arro-1-300x200.jpg\" alt=\"\" width=\"300\" height=\"200\" srcset=\"https:\/\/revistaepocadigital.com.ar\/wp-content\/uploads\/2020\/10\/arro-1-300x200.jpg 300w, https:\/\/revistaepocadigital.com.ar\/wp-content\/uploads\/2020\/10\/arro-1-768x512.jpg 768w, https:\/\/revistaepocadigital.com.ar\/wp-content\/uploads\/2020\/10\/arro-1-696x464.jpg 696w, https:\/\/revistaepocadigital.com.ar\/wp-content\/uploads\/2020\/10\/arro-1-630x420.jpg 630w, https:\/\/revistaepocadigital.com.ar\/wp-content\/uploads\/2020\/10\/arro-1.jpg 800w\" sizes=\"auto, (max-width: 300px) 100vw, 300px\" \/><figcaption id=\"caption-attachment-7356\" class=\"wp-caption-text\">Imagenes de las tareas realizadas en Arroyo de la Cruz.<\/figcaption><\/figure>\n<\/div>\n<div id=\"jsc_c_h8\" class=\"ecm0bbzt hv4rvrfc ihqw7lf3 dati1w0a\" data-ad-comet-preview=\"message\" data-ad-preview=\"message\">\n<div class=\"j83agx80 cbu4d94t ew0dbk1b irj2b8pg\">\n<div class=\"qzhwtbm6 knvmm38d\">\n<div class=\"o9v6fnle cxmmr5t8 oygrvhab hcukyx3x c1et5uql ii04i59q\">\n<div dir=\"auto\">El objetivo en Arroyo sostuvieron desde la comuna, &#8220;fue liberar la zona de basura acumulada, luego que un privado ocupara el espacio de una calle p\u00fablica para depositar desechos. As\u00ed, con la fuerza p\u00fablica, se decidi\u00f3 proceder a retirar esos elementos&#8221;.<\/div>\n<\/div>\n<div class=\"o9v6fnle cxmmr5t8 oygrvhab hcukyx3x c1et5uql ii04i59q\">\n<div dir=\"auto\"><\/div>\n<div dir=\"auto\">En el mismo proceso, es investigaba si alguno de los elementos que se retiraron del lugar, pudieran proceder de un hecho delictivo, tema que deber\u00e1 oportunamente investigar la Justicia. Lo retirado era depositado en \u201cla tosquera\u201d, contiguo al complejo ambiental, hasta que el Juez de Faltas definiera la disposici\u00f3n final.<\/div>\n<div dir=\"auto\"><\/div>\n<\/div>\n<div class=\"o9v6fnle cxmmr5t8 oygrvhab hcukyx3x c1et5uql ii04i59q\">\n<div dir=\"auto\">Mientras tanto, y hasta que se resuelva la cuesti\u00f3n judicial, los equipos y camiones del municipio continuaban limpiando el sector, con el fin de prevenir cualquier episodio sanitario y ambiental, como consecuencia de la basura acumulada.<\/div>\n<\/div>\n<\/div>\n<\/div>\n<\/div>\n<\/div>\n<\/div>\n<div class=\"l9j0dhe7\"><\/div>\n<div>Fotos: Prensa Municipalidad<\/div>\n","protected":false},"excerpt":{"rendered":"<p>DESOCUPAN PREDIOS.<\/p>\n","protected":false},"author":4,"featured_media":7352,"comment_status":"open","ping_status":"open","sticky":false,"template":"","format":"standard","meta":{"footnotes":"","jetpack_publicize_message":"","jetpack_publicize_feature_enabled":true,"jetpack_social_post_already_shared":false,"jetpack_social_options":{"image_generator_settings":{"template":"highway","default_image_id":0,"font":"","enabled":false},"version":2}},"categories":[17],"tags":[1007,1006],"class_list":["post-7346","post","type-post","status-publish","format-standard","has-post-thumbnail","hentry","category-politica","tag-limpieza","tag-predios"],"jetpack_publicize_connections":[],"jetpack_featured_media_url":"https:\/\/revistaepocadigital.com.ar\/wp-content\/uploads\/2020\/10\/tomas-1.jpg","jetpack_likes_enabled":true,"_links":{"self":[{"href":"https:\/\/revistaepocadigital.com.ar\/index.php?rest_route=\/wp\/v2\/posts\/7346","targetHints":{"allow":["GET"]}}],"collection":[{"href":"https:\/\/revistaepocadigital.com.ar\/index.php?rest_route=\/wp\/v2\/posts"}],"about":[{"href":"https:\/\/revistaepocadigital.com.ar\/index.php?rest_route=\/wp\/v2\/types\/post"}],"author":[{"embeddable":true,"href":"https:\/\/revistaepocadigital.com.ar\/index.php?rest_route=\/wp\/v2\/users\/4"}],"replies":[{"embeddable":true,"href":"https:\/\/revistaepocadigital.com.ar\/index.php?rest_route=%2Fwp%2Fv2%2Fcomments&post=7346"}],"version-history":[{"count":0,"href":"https:\/\/revistaepocadigital.com.ar\/index.php?rest_route=\/wp\/v2\/posts\/7346\/revisions"}],"wp:featuredmedia":[{"embeddable":true,"href":"https:\/\/revistaepocadigital.com.ar\/index.php?rest_route=\/wp\/v2\/media\/7352"}],"wp:attachment":[{"href":"https:\/\/revistaepocadigital.com.ar\/index.php?rest_route=%2Fwp%2Fv2%2Fmedia&parent=7346"}],"wp:term":[{"taxonomy":"category","embeddable":true,"href":"https:\/\/revistaepocadigital.com.ar\/index.php?rest_route=%2Fwp%2Fv2%2Fcategories&post=7346"},{"taxonomy":"post_tag","embeddable":true,"href":"https:\/\/revistaepocadigital.com.ar\/index.php?rest_route=%2Fwp%2Fv2%2Ftags&post=7346"}],"curies":[{"name":"wp","href":"https:\/\/api.w.org\/{rel}","templated":true}]}}