{"id":7348,"date":"2020-10-30T17:17:11","date_gmt":"2020-10-30T20:17:11","guid":{"rendered":"https:\/\/revistaepocadigital.com.ar\/?p=7348"},"modified":"2020-11-01T23:43:55","modified_gmt":"2020-11-02T02:43:55","slug":"la-fogata-inedita-virtual","status":"publish","type":"post","link":"https:\/\/revistaepocadigital.com.ar\/?p=7348","title":{"rendered":"LA FOGATA IN\u00c9DITA, VIRTUAL"},"content":{"rendered":"<div class=\"o9v6fnle cxmmr5t8 oygrvhab hcukyx3x c1et5uql ii04i59q\">\n<div dir=\"auto\"><strong>EL VIRUS QUE TANTO GOLPEA<\/strong>.<!--more--><\/div>\n<div dir=\"auto\"><\/div>\n<div dir=\"auto\">Tambi\u00e9n impidi\u00f3 entre tantas actividades habituales y beneficiosas en nuestro pa\u00eds y el mundo, eventos que son muy importantes para las comunidades y que tambi\u00e9n, cuentan con su costado solidario.<\/div>\n<div dir=\"auto\"><\/div>\n<div dir=\"auto\">Uno de los casos es La Fogata de San Juan que desde hace 26 a\u00f1os se lleva a cabo en Los Cardales, con un suceso y repercusi\u00f3n que no ha dejado de crecer expandi\u00e9ndose, creciendo y con much\u00edsima gente que asiste no solo vecinos, sino tambi\u00e9n visitantes de distintos puntos del pa\u00eds.<\/div>\n<div dir=\"auto\"><\/div>\n<div dir=\"auto\">La edici\u00f3n 27 del s\u00e1bado 31 de octubre, por la pandemia y las restricciones vigentes, se efectuaba en forma virtual, in\u00e9dito por cierto, y es de desear que el a\u00f1o que viene, vuelva a su escenario en la Plaza Mitre.<\/div>\n<div dir=\"auto\"><\/div>\n<div dir=\"auto\">A la Fogata virtual la televisaba la TV local, y tambi\u00e9n se pod\u00eda observar por las redes sociales, incluyendo las del municipio.<\/div>\n<\/div>\n<p>La actividad, que habitualmente se desarrolla en el coraz\u00f3n de la Plaza Mitre cardalense, pasaba a la web, con la presentaci\u00f3n de una banda musical local, y la tradicional fiesta del fuego.<\/p>\n<div class=\"o9v6fnle cxmmr5t8 oygrvhab hcukyx3x c1et5uql ii04i59q\">\n<div dir=\"auto\">La idea era preservar el esp\u00edritu que desde hace 27 a\u00f1os mueve a la comunidad organizadora de este evento, pero a la vez no exponer a los vecinos a reuniones multitudinarias, que pudieran afectar a la salud.<\/div>\n<\/div>\n<div class=\"o9v6fnle cxmmr5t8 oygrvhab hcukyx3x c1et5uql ii04i59q\">\n<div dir=\"auto\"><\/div>\n<div dir=\"auto\">La cita, a las 21 horas a trav\u00e9s de la se\u00f1al de cable local, redes sociales de La Fogata y las redes sociales del municipio que apoya y acompa\u00f1a la realizaci\u00f3n del tradicional evento.<\/div>\n<\/div>\n<div dir=\"auto\"><\/div>\n<div dir=\"auto\"><\/div>\n","protected":false},"excerpt":{"rendered":"<p>EL VIRUS QUE TANTO GOLPEA.<\/p>\n","protected":false},"author":4,"featured_media":7361,"comment_status":"open","ping_status":"open","sticky":false,"template":"","format":"standard","meta":{"footnotes":"","jetpack_publicize_message":"","jetpack_publicize_feature_enabled":true,"jetpack_social_post_already_shared":false,"jetpack_social_options":{"image_generator_settings":{"template":"highway","default_image_id":0,"font":"","enabled":false},"version":2}},"categories":[4],"tags":[1009,1008,898],"class_list":["post-7348","post","type-post","status-publish","format-standard","has-post-thumbnail","hentry","category-aqui-los-cardales","tag-edicion-27","tag-fogata-san-juan","tag-virtual"],"jetpack_publicize_connections":[],"jetpack_featured_media_url":"https:\/\/revistaepocadigital.com.ar\/wp-content\/uploads\/2020\/10\/foga.jpg","jetpack_likes_enabled":true,"_links":{"self":[{"href":"https:\/\/revistaepocadigital.com.ar\/index.php?rest_route=\/wp\/v2\/posts\/7348","targetHints":{"allow":["GET"]}}],"collection":[{"href":"https:\/\/revistaepocadigital.com.ar\/index.php?rest_route=\/wp\/v2\/posts"}],"about":[{"href":"https:\/\/revistaepocadigital.com.ar\/index.php?rest_route=\/wp\/v2\/types\/post"}],"author":[{"embeddable":true,"href":"https:\/\/revistaepocadigital.com.ar\/index.php?rest_route=\/wp\/v2\/users\/4"}],"replies":[{"embeddable":true,"href":"https:\/\/revistaepocadigital.com.ar\/index.php?rest_route=%2Fwp%2Fv2%2Fcomments&post=7348"}],"version-history":[{"count":0,"href":"https:\/\/revistaepocadigital.com.ar\/index.php?rest_route=\/wp\/v2\/posts\/7348\/revisions"}],"wp:featuredmedia":[{"embeddable":true,"href":"https:\/\/revistaepocadigital.com.ar\/index.php?rest_route=\/wp\/v2\/media\/7361"}],"wp:attachment":[{"href":"https:\/\/revistaepocadigital.com.ar\/index.php?rest_route=%2Fwp%2Fv2%2Fmedia&parent=7348"}],"wp:term":[{"taxonomy":"category","embeddable":true,"href":"https:\/\/revistaepocadigital.com.ar\/index.php?rest_route=%2Fwp%2Fv2%2Fcategories&post=7348"},{"taxonomy":"post_tag","embeddable":true,"href":"https:\/\/revistaepocadigital.com.ar\/index.php?rest_route=%2Fwp%2Fv2%2Ftags&post=7348"}],"curies":[{"name":"wp","href":"https:\/\/api.w.org\/{rel}","templated":true}]}}