{"id":7374,"date":"2020-11-05T19:56:55","date_gmt":"2020-11-05T22:56:55","guid":{"rendered":"https:\/\/revistaepocadigital.com.ar\/?p=7374"},"modified":"2020-11-12T00:57:43","modified_gmt":"2020-11-12T03:57:43","slug":"milo-y-jano-de-alta-enhorabuena-vale-la-pena-el-dolor-si-trae-vida-conmovedor-testimonio-de-la-mama","status":"publish","type":"post","link":"https:\/\/revistaepocadigital.com.ar\/?p=7374","title":{"rendered":"MILO Y JANO. UNA HISTORIA QUE CONMUEVE HASTA EL ALMA. &#8220;VALE LA PENA EL DOLOR SI TRAE VIDA!&#8221;, CONFIESA LA MAM\u00c1 DE LOS CHIQUITOS"},"content":{"rendered":"<div class=\"qbxu24ho bxzzcbxg lxuwth05 h2mp5456 ue3kfks5 pw54ja7n uo3d90p7 l82x9zwi goun2846 ccm00jje s44p3ltw mk2mc5f4 frvqaej8 ed0hlay0 afxsp9o4 jcgfde61 tvfksri0 ozuftl9m\">\n<div class=\"\">\n<div class=\"hqeojc4l\">\n<div class=\"\" dir=\"auto\">\n<div class=\"\" dir=\"auto\">\n<div class=\"ecm0bbzt hv4rvrfc ihqw7lf3 dati1w0a\" data-ad-comet-preview=\"message\" data-ad-preview=\"message\">\n<div class=\"j83agx80 cbu4d94t ew0dbk1b irj2b8pg\">\n<div class=\"qzhwtbm6 knvmm38d\">\n<div class=\"kvgmc6g5 cxmmr5t8 oygrvhab hcukyx3x c1et5uql ii04i59q\"><\/div>\n<div class=\"o9v6fnle cxmmr5t8 oygrvhab hcukyx3x c1et5uql ii04i59q\">\n<div dir=\"auto\"><strong>UNA M\u00c9DULA PARA MILO Y JANO. UNA INMENSA HISTORIA DE VIDA, MIENTRAS TANTO LA PELEA DIARIA SIGUE.<!--more--><\/strong><\/div>\n<div dir=\"auto\"><\/div>\n<div dir=\"auto\">Fue la consigna que convoc\u00f3 a tantos vecinos, el municipio, instituciones. La salud de los chiquitos se convirti\u00f3 una lucha de todos, tit\u00e1nica y con obst\u00e1culos, encabezada por los peque\u00f1os, por su padres de una fe, voluntad y garra infranqueable, y la fundamental labor de los m\u00e9dicos locales y los que los atendieron en el Hospital Garrahan.<\/div>\n<\/div>\n<\/div>\n<\/div>\n<\/div>\n<\/div>\n<div dir=\"auto\">\n<figure id=\"attachment_7381\" aria-describedby=\"caption-attachment-7381\" style=\"width: 960px\" class=\"wp-caption aligncenter\"><img loading=\"lazy\" decoding=\"async\" class=\"size-full wp-image-7381\" src=\"https:\/\/revistaepocadigital.com.ar\/wp-content\/uploads\/2020\/10\/MILO-JAMP.png\" alt=\"\" width=\"960\" height=\"720\" srcset=\"https:\/\/revistaepocadigital.com.ar\/wp-content\/uploads\/2020\/10\/MILO-JAMP.png 960w, https:\/\/revistaepocadigital.com.ar\/wp-content\/uploads\/2020\/10\/MILO-JAMP-300x225.png 300w, https:\/\/revistaepocadigital.com.ar\/wp-content\/uploads\/2020\/10\/MILO-JAMP-768x576.png 768w, https:\/\/revistaepocadigital.com.ar\/wp-content\/uploads\/2020\/10\/MILO-JAMP-80x60.png 80w, https:\/\/revistaepocadigital.com.ar\/wp-content\/uploads\/2020\/10\/MILO-JAMP-160x120.png 160w, https:\/\/revistaepocadigital.com.ar\/wp-content\/uploads\/2020\/10\/MILO-JAMP-265x198.png 265w, https:\/\/revistaepocadigital.com.ar\/wp-content\/uploads\/2020\/10\/MILO-JAMP-696x522.png 696w, https:\/\/revistaepocadigital.com.ar\/wp-content\/uploads\/2020\/10\/MILO-JAMP-560x420.png 560w\" sizes=\"auto, (max-width: 960px) 100vw, 960px\" \/><figcaption id=\"caption-attachment-7381\" class=\"wp-caption-text\">El d\u00eda que salieron del hospital Garrahan. Las consultas tres veces por semana los hacen retornar juntos a sus pap\u00e1s, y luego de nuevo al departamento cercano donde contin\u00faan la recuperaci\u00f3n.<\/figcaption><\/figure>\n<\/div>\n<div class=\"\" dir=\"auto\">\n<div class=\"ecm0bbzt hv4rvrfc ihqw7lf3 dati1w0a\" data-ad-comet-preview=\"message\" data-ad-preview=\"message\">\n<div class=\"j83agx80 cbu4d94t ew0dbk1b irj2b8pg\">\n<div class=\"qzhwtbm6 knvmm38d\">\n<div class=\"o9v6fnle cxmmr5t8 oygrvhab hcukyx3x c1et5uql ii04i59q\">\n<div dir=\"auto\">Un sentimiento absolutamente compartido y vivido. Los chicos dijeron con convicci\u00f3n los padres, &#8220;la pelearon, la lucharon, la sufrieron y a 2 meses de sus 2 a\u00f1os , con su transplante de m\u00e9dula, s\u00ed que les daba el cuerpito y el valor mis amores! Gracias donantes por que en sus cuerpitos llevan tu santa m\u00e9dula&#8221;.<\/div>\n<div dir=\"auto\"><\/div>\n<\/div>\n<div class=\"o9v6fnle cxmmr5t8 oygrvhab hcukyx3x c1et5uql ii04i59q\">\n<div dir=\"auto\">El conmovedor testimonio de la mam\u00e1 de los chicos, Bel\u00e9n Varela, refleja los duros momentos vividos, el encomiable esfuerzo y convicci\u00f3n para no dejar de luchar por la salud de sus hijos. &#8220;Arrancamos en julio de 2019 con la maldita noticia de su s\u00edndrome y tambi\u00e9n arrancamos con 20 donantes de m\u00e9dula que salieron de Capilla en una combi que puso la municipalidad al Hospital Austral. Hasta ese d\u00eda hab\u00eda llorado 7 noches, obvio cuando ellos dorm\u00edan en el d\u00eda cant\u00e1bamos, bail\u00e1bamos y est\u00e1bamos l\u00facidos para sus cuidados!. Ese d\u00eda que tuvieron sus primeros 20 donantes y el apoyo de Mar\u00eda Luz (Bozzani) secretaria de gobierno de Capilla, &#8220;vos dispone Bel\u00e9n, estamos todos para ayudarte y tenes un municipio a disposici\u00f3n!&#8221;, me dijo.<\/div>\n<div dir=\"auto\">Despu\u00e9s record\u00f3, &#8220;ah\u00ed fu\u00ed para traer una fundaci\u00f3n y en 15 d\u00edas tuvimos 590 donantes, lleg\u00f3 el Club All Boys que no llegamos a hacer ah\u00ed la donaci\u00f3n, pero alg\u00fan d\u00eda lo vamos a terminar y concretar. Y ah\u00ed no paramos hasta que una m\u00ednima pero importante parte de la Argentina, se hizo donante por Milo y Jano!&#8221;<\/div>\n<div dir=\"auto\"><\/div>\n<div dir=\"auto\">&#8220;Ah\u00ed vimos -cont\u00f3 la madre- que hab\u00eda esperanza si lograban estos beb\u00e9s esto, pod\u00edan con todo y m\u00e1s despu\u00e9s ya no pudieron m\u00e1s sus cuerpos, la pelearon sufrieron en diciembre, casi un a\u00f1o nos dicen que coordinaramos la fecha porque hab\u00eda donante!!!&#8221;.<\/div>\n<\/div>\n<\/div>\n<\/div>\n<\/div>\n<\/div>\n<\/div>\n<\/div>\n<\/div>\n<div dir=\"auto\">\n<figure id=\"attachment_7382\" aria-describedby=\"caption-attachment-7382\" style=\"width: 960px\" class=\"wp-caption aligncenter\"><img loading=\"lazy\" decoding=\"async\" class=\"size-full wp-image-7382\" src=\"https:\/\/revistaepocadigital.com.ar\/wp-content\/uploads\/2020\/10\/MILO-JANOO.jpg\" alt=\"\" width=\"960\" height=\"720\" srcset=\"https:\/\/revistaepocadigital.com.ar\/wp-content\/uploads\/2020\/10\/MILO-JANOO.jpg 960w, https:\/\/revistaepocadigital.com.ar\/wp-content\/uploads\/2020\/10\/MILO-JANOO-300x225.jpg 300w, https:\/\/revistaepocadigital.com.ar\/wp-content\/uploads\/2020\/10\/MILO-JANOO-768x576.jpg 768w, https:\/\/revistaepocadigital.com.ar\/wp-content\/uploads\/2020\/10\/MILO-JANOO-80x60.jpg 80w, https:\/\/revistaepocadigital.com.ar\/wp-content\/uploads\/2020\/10\/MILO-JANOO-160x120.jpg 160w, https:\/\/revistaepocadigital.com.ar\/wp-content\/uploads\/2020\/10\/MILO-JANOO-265x198.jpg 265w, https:\/\/revistaepocadigital.com.ar\/wp-content\/uploads\/2020\/10\/MILO-JANOO-696x522.jpg 696w, https:\/\/revistaepocadigital.com.ar\/wp-content\/uploads\/2020\/10\/MILO-JANOO-560x420.jpg 560w\" sizes=\"auto, (max-width: 960px) 100vw, 960px\" \/><figcaption id=\"caption-attachment-7382\" class=\"wp-caption-text\">Los chiquitos. Sus vivencias y la de sus padres, no dejan de conmover.<\/figcaption><\/figure>\n<\/div>\n<div class=\"\">\n<div class=\"hqeojc4l\">\n<div class=\"\" dir=\"auto\">\n<div class=\"\" dir=\"auto\">\n<div class=\"ecm0bbzt hv4rvrfc ihqw7lf3 dati1w0a\" data-ad-comet-preview=\"message\" data-ad-preview=\"message\">\n<div class=\"j83agx80 cbu4d94t ew0dbk1b irj2b8pg\">\n<div class=\"qzhwtbm6 knvmm38d\">\n<div class=\"o9v6fnle cxmmr5t8 oygrvhab hcukyx3x c1et5uql ii04i59q\">\n<div dir=\"auto\"><\/div>\n<div dir=\"auto\">&#8220;Nuestra fecha fue para el inicio de pandemia y nos congelaron, hasta que los nenes entraron en estado cr\u00edtico y ah\u00ed pasamos a tmo!. Se puede s\u00ed que se puede; luchen que est\u00e1 Dios enorme y nuestra Santa Cecilia que siempre nos ilumin\u00f3. Se puede, no bajen los brazos ni cuando te dicen que qued\u00e1s afuera de transplante por que aparecieron c\u00e9lulas malignas!!, que despu\u00e9s desaparecieron sin explicaci\u00f3n m\u00e9dica!!! La Fe s\u00ed mueve monta\u00f1as, pero acompa\u00f1ados de garra amor y solidaridad!&#8221;&#8221; confes\u00f3 la mam\u00e1.<\/div>\n<\/div>\n<div dir=\"auto\">\n<div class=\"mceTemp\"><\/div>\n<figure id=\"attachment_7408\" aria-describedby=\"caption-attachment-7408\" style=\"width: 696px\" class=\"wp-caption aligncenter\"><img loading=\"lazy\" decoding=\"async\" class=\"size-large wp-image-7408\" src=\"https:\/\/revistaepocadigital.com.ar\/wp-content\/uploads\/2020\/11\/MILO-JA-PAPAS-1200x900.jpg\" alt=\"\" width=\"696\" height=\"522\" srcset=\"https:\/\/revistaepocadigital.com.ar\/wp-content\/uploads\/2020\/11\/MILO-JA-PAPAS-1200x900.jpg 1200w, https:\/\/revistaepocadigital.com.ar\/wp-content\/uploads\/2020\/11\/MILO-JA-PAPAS-300x225.jpg 300w, https:\/\/revistaepocadigital.com.ar\/wp-content\/uploads\/2020\/11\/MILO-JA-PAPAS-768x576.jpg 768w, https:\/\/revistaepocadigital.com.ar\/wp-content\/uploads\/2020\/11\/MILO-JA-PAPAS-1536x1152.jpg 1536w, https:\/\/revistaepocadigital.com.ar\/wp-content\/uploads\/2020\/11\/MILO-JA-PAPAS-80x60.jpg 80w, https:\/\/revistaepocadigital.com.ar\/wp-content\/uploads\/2020\/11\/MILO-JA-PAPAS-160x120.jpg 160w, https:\/\/revistaepocadigital.com.ar\/wp-content\/uploads\/2020\/11\/MILO-JA-PAPAS-265x198.jpg 265w, https:\/\/revistaepocadigital.com.ar\/wp-content\/uploads\/2020\/11\/MILO-JA-PAPAS-696x522.jpg 696w, https:\/\/revistaepocadigital.com.ar\/wp-content\/uploads\/2020\/11\/MILO-JA-PAPAS-1068x801.jpg 1068w, https:\/\/revistaepocadigital.com.ar\/wp-content\/uploads\/2020\/11\/MILO-JA-PAPAS-560x420.jpg 560w, https:\/\/revistaepocadigital.com.ar\/wp-content\/uploads\/2020\/11\/MILO-JA-PAPAS-1120x840.jpg 1120w, https:\/\/revistaepocadigital.com.ar\/wp-content\/uploads\/2020\/11\/MILO-JA-PAPAS-1920x1440.jpg 1920w, https:\/\/revistaepocadigital.com.ar\/wp-content\/uploads\/2020\/11\/MILO-JA-PAPAS.jpg 2048w\" sizes=\"auto, (max-width: 696px) 100vw, 696px\" \/><figcaption id=\"caption-attachment-7408\" class=\"wp-caption-text\">Juntos. Jano, Milo y mam\u00e1 Belen Varela y pap\u00e1 Nicol\u00e1s M\u00e9ndez en un pase\u00edto cercano al Garrahan.<\/figcaption><\/figure>\n<p>&#8220;Leo a mam\u00e1s despedirse de sus hijos, no mam\u00e1s mientras su coraz\u00f3n late hay soluci\u00f3n m\u00e9dica o puede venir de Dios!!! Fuerzas mam\u00e1s peleen bajo pron\u00f3sticos deplorables, paciencia y mucha Fe! Que vale la pena el dolor si trae vida!!!!&#8221;, dice y se emociona Bel\u00e9n.<\/p>\n<\/div>\n<\/div>\n<\/div>\n<\/div>\n<\/div>\n<\/div>\n<\/div>\n<\/div>\n<\/div>\n<div dir=\"auto\">Y mientras a los chiquitos los deben llevar para controles al Garrahan, tres veces por semana que hasta el momento ven\u00edan siendo muy satisfactorios, la ganas y ansiedad por volver a Capilla as\u00ed las explica Bel\u00e9n, &#8220;Volveremos a Capilla cuando a los chicos se les pueda sacar el cat\u00e9ter implantado. Eso va a depender del estado de salud de ellos y c\u00f3mo vayan d\u00eda a d\u00eda. Esto es as\u00ed, bien real, es un d\u00eda a d\u00eda&#8221;<\/div>\n<div dir=\"auto\"><\/div>\n<div dir=\"auto\">Mientras tanto evolucionan, son controlados y los primeros 100 d\u00edas son muy importantes de cara al futuro. Por eso deben permanecer en\u00a0 Capital Federal, en principio durante 3 meses. &#8220;Estamos bien, nos ubicamos en un departamento que est\u00e1 cruzando la placita del Garrahan, y pueden salir un ratito todos los d\u00edas; ellos est\u00e1n felices, como si nada hubiera pasado. Rogamos que todo siga as\u00ed&#8221;, confiesa la mam\u00e1 y claro sus palabras nos sensibilizan a todos.<\/div>\n<div dir=\"auto\"><\/div>\n<div dir=\"auto\"><img loading=\"lazy\" decoding=\"async\" class=\"aligncenter size-large wp-image-7409\" src=\"https:\/\/revistaepocadigital.com.ar\/wp-content\/uploads\/2020\/11\/MILO-JA-TRICIO-1200x900.jpg\" alt=\"\" width=\"696\" height=\"522\" srcset=\"https:\/\/revistaepocadigital.com.ar\/wp-content\/uploads\/2020\/11\/MILO-JA-TRICIO-1200x900.jpg 1200w, https:\/\/revistaepocadigital.com.ar\/wp-content\/uploads\/2020\/11\/MILO-JA-TRICIO-300x225.jpg 300w, https:\/\/revistaepocadigital.com.ar\/wp-content\/uploads\/2020\/11\/MILO-JA-TRICIO-768x576.jpg 768w, https:\/\/revistaepocadigital.com.ar\/wp-content\/uploads\/2020\/11\/MILO-JA-TRICIO-1536x1152.jpg 1536w, https:\/\/revistaepocadigital.com.ar\/wp-content\/uploads\/2020\/11\/MILO-JA-TRICIO-80x60.jpg 80w, https:\/\/revistaepocadigital.com.ar\/wp-content\/uploads\/2020\/11\/MILO-JA-TRICIO-160x120.jpg 160w, https:\/\/revistaepocadigital.com.ar\/wp-content\/uploads\/2020\/11\/MILO-JA-TRICIO-265x198.jpg 265w, https:\/\/revistaepocadigital.com.ar\/wp-content\/uploads\/2020\/11\/MILO-JA-TRICIO-696x522.jpg 696w, https:\/\/revistaepocadigital.com.ar\/wp-content\/uploads\/2020\/11\/MILO-JA-TRICIO-1068x801.jpg 1068w, https:\/\/revistaepocadigital.com.ar\/wp-content\/uploads\/2020\/11\/MILO-JA-TRICIO-560x420.jpg 560w, https:\/\/revistaepocadigital.com.ar\/wp-content\/uploads\/2020\/11\/MILO-JA-TRICIO-1120x840.jpg 1120w, https:\/\/revistaepocadigital.com.ar\/wp-content\/uploads\/2020\/11\/MILO-JA-TRICIO-1920x1440.jpg 1920w, https:\/\/revistaepocadigital.com.ar\/wp-content\/uploads\/2020\/11\/MILO-JA-TRICIO.jpg 2048w\" sizes=\"auto, (max-width: 696px) 100vw, 696px\" \/><\/div>\n<div dir=\"auto\"><\/div>\n<div dir=\"auto\">&#8220;Muchas gracias a todos por el apoyo de siempre que venimos recibiendo, nos ayuda un mont\u00f3n. Y tenemos que seguir con fe, nos falta mucho a\u00fan. A todos por favor, sigan pidiendo, al menos hasta que lleguemos a los 6 meses y ah\u00ed nos dar\u00e1 un respiro&#8221;, anhel\u00f3 Bel\u00e9n.<\/div>\n<div dir=\"auto\"><\/div>\n<div dir=\"auto\"><\/div>\n<div dir=\"auto\"><\/div>\n","protected":false},"excerpt":{"rendered":"<p>UNA M\u00c9DULA PARA MILO Y JANO. UNA INMENSA HISTORIA DE VIDA, MIENTRAS TANTO LA PELEA DIARIA SIGUE.<\/p>\n","protected":false},"author":4,"featured_media":7379,"comment_status":"open","ping_status":"open","sticky":false,"template":"","format":"standard","meta":{"footnotes":"","jetpack_publicize_message":"","jetpack_publicize_feature_enabled":true,"jetpack_social_post_already_shared":false,"jetpack_social_options":{"image_generator_settings":{"template":"highway","default_image_id":0,"font":"","enabled":false},"version":2}},"categories":[10],"tags":[1013,37,1012,462],"class_list":["post-7374","post","type-post","status-publish","format-standard","has-post-thumbnail","hentry","category-editorial","tag-comunidad","tag-destacada","tag-medula","tag-milo-y-jano"],"jetpack_publicize_connections":[],"jetpack_featured_media_url":"https:\/\/revistaepocadigital.com.ar\/wp-content\/uploads\/2020\/10\/MILO-JAMPO.png","jetpack_likes_enabled":true,"_links":{"self":[{"href":"https:\/\/revistaepocadigital.com.ar\/index.php?rest_route=\/wp\/v2\/posts\/7374","targetHints":{"allow":["GET"]}}],"collection":[{"href":"https:\/\/revistaepocadigital.com.ar\/index.php?rest_route=\/wp\/v2\/posts"}],"about":[{"href":"https:\/\/revistaepocadigital.com.ar\/index.php?rest_route=\/wp\/v2\/types\/post"}],"author":[{"embeddable":true,"href":"https:\/\/revistaepocadigital.com.ar\/index.php?rest_route=\/wp\/v2\/users\/4"}],"replies":[{"embeddable":true,"href":"https:\/\/revistaepocadigital.com.ar\/index.php?rest_route=%2Fwp%2Fv2%2Fcomments&post=7374"}],"version-history":[{"count":0,"href":"https:\/\/revistaepocadigital.com.ar\/index.php?rest_route=\/wp\/v2\/posts\/7374\/revisions"}],"wp:featuredmedia":[{"embeddable":true,"href":"https:\/\/revistaepocadigital.com.ar\/index.php?rest_route=\/wp\/v2\/media\/7379"}],"wp:attachment":[{"href":"https:\/\/revistaepocadigital.com.ar\/index.php?rest_route=%2Fwp%2Fv2%2Fmedia&parent=7374"}],"wp:term":[{"taxonomy":"category","embeddable":true,"href":"https:\/\/revistaepocadigital.com.ar\/index.php?rest_route=%2Fwp%2Fv2%2Fcategories&post=7374"},{"taxonomy":"post_tag","embeddable":true,"href":"https:\/\/revistaepocadigital.com.ar\/index.php?rest_route=%2Fwp%2Fv2%2Ftags&post=7374"}],"curies":[{"name":"wp","href":"https:\/\/api.w.org\/{rel}","templated":true}]}}