{"id":739,"date":"2018-12-05T09:05:25","date_gmt":"2018-12-05T12:05:25","guid":{"rendered":"https:\/\/revistaepocadigital.com.ar\/?p=739"},"modified":"2018-12-05T09:05:25","modified_gmt":"2018-12-05T12:05:25","slug":"luis-niz-heroe-argentino","status":"publish","type":"post","link":"https:\/\/revistaepocadigital.com.ar\/?p=739","title":{"rendered":"LUIS NIZ, H\u00c9ROE ARGENTINO"},"content":{"rendered":"<p><strong>TRIPULANTE DEL SUBMARINO ARA SAN JUAN.<\/strong><!--more--><\/p>\n<p>H\u00e9roe argentino<br \/>\ny capillense<\/p>\n<p>El homenaje que merece un h\u00e9roe. <strong>Luis Niz,<\/strong> nuestro joven vecino, pleno de sue\u00f1os, integraba la dotaci\u00f3n del submarino <strong>ARA San Juan<\/strong>, hundido en las aguas del sur del Oce\u00e1no Atl\u00e1ntico hace poco m\u00e1s de un a\u00f1o, en un acontecimiento que conmocion\u00f3 a nuestro pa\u00eds y al mundo y produjo profundo dolor y angustia e innumerables connotaciones que a\u00fan persisten.<\/p>\n<p>Despu\u00e9s de un a\u00f1o plagado de pol\u00e9micas, donde los intereses pol\u00edticos y sectoriales afloraron, los familiares desolados del ARA San Juan luego de reclamar que se trabajara para localizar al submarino en el mar, debiendo luchar a brazo partido para que el reclamo no cayera en saco roto. Sin embargo, el nav\u00edo de una empresa extranjera adecuado para b\u00fasquedas de esta magnitud, pudo dar con el submarino en las profundidades.<\/p>\n<p>El anuncio renov\u00f3 el dolor irreparable de los familiares, a la vez que arroj\u00f3 algo de alivio al conocerse por fin una noticia concreta. Los <strong>44 tripulantes<\/strong> del ARA San Juan amaban lo que hac\u00edan, y dejaron sus vidas detr\u00e1s de la elecci\u00f3n de vida. Se convirtieron en h\u00e9roes para todos los argentinos y ejemplos de lo que significan las convicciones.<\/p>\n<p><strong><img loading=\"lazy\" decoding=\"async\" class=\"aligncenter size-full wp-image-741\" src=\"https:\/\/revistaepocadigital.com.ar\/wp-content\/uploads\/2018\/12\/niz18-1-1.jpg\" alt=\"\" width=\"343\" height=\"495\" \/><\/strong><\/p>\n<p><strong>Luis Niz<\/strong> como sus 43 camaradas deber\u00e1n permanecer en la <strong>memoria de todos los argentinos<\/strong>, y deberemos tenerlos presentes y en rendirles homenaje haciendo un pa\u00eds mejor. Como tiene que darse hacia Luis en Exaltaci\u00f3n de la Cruz. Se hab\u00eda venido comentando sobre distintos homenajes a la memoria de nuestro compatriota y vecino. Por de pronto, el <strong>Concejo Deliberante<\/strong> aprob\u00f3 por unanimidad el cambio de nombre a la calle donde viv\u00eda <strong>Luis<\/strong>, en el <strong>Barrio San Jos\u00e9<\/strong>. Dicha calle ha pasado a denominarse <em>&#8220;ARA SAN JUAN&#8221;<\/em>.<\/p>\n<p>En cuanto a la inquietud de colocar el nombre de nuestro vecino tripulante del submarino al <strong>m\u00e1stil<\/strong> ubicado en el ingreso a Capilla del Se\u00f1or, sobre la ruta 39,en principio existe una ordenanza que regula la imposici\u00f3n de nombres a calles, plazas, etc, y para que se le imponga el nombre a una calle, deben haber transcurrido cinco a\u00f1os del fallecimiento.<\/p>\n<p>Habr\u00e1 de parte del municipio, pudo saber EPOCA, un reconocimiento como merece la memoria de Luis y sus compa\u00f1eros, h\u00e9roes de nuestra Patria. Y claro, uno de los mejores reconocimientos y homenaje a los 44 marinos, ser\u00e1 que sean esclarecidos los hechos que derivaron en semejante tragedia, para que ellos, los 44 tripulantes descansen en paz, y a la vez, transmitir algo de paz interior a las familias quebradas por el dolor.<\/p>\n","protected":false},"excerpt":{"rendered":"<p>TRIPULANTE DEL SUBMARINO ARA SAN JUAN.<\/p>\n","protected":false},"author":3,"featured_media":744,"comment_status":"open","ping_status":"open","sticky":false,"template":"","format":"standard","meta":{"footnotes":"","jetpack_publicize_message":"","jetpack_publicize_feature_enabled":true,"jetpack_social_post_already_shared":false,"jetpack_social_options":{"image_generator_settings":{"template":"highway","default_image_id":0,"font":"","enabled":false},"version":2}},"categories":[6],"tags":[37,67],"class_list":["post-739","post","type-post","status-publish","format-standard","has-post-thumbnail","hentry","category-barrios","tag-destacada","tag-niz"],"jetpack_publicize_connections":[],"jetpack_featured_media_url":"https:\/\/revistaepocadigital.com.ar\/wp-content\/uploads\/2018\/12\/niz18a-1.jpg","jetpack_likes_enabled":true,"_links":{"self":[{"href":"https:\/\/revistaepocadigital.com.ar\/index.php?rest_route=\/wp\/v2\/posts\/739","targetHints":{"allow":["GET"]}}],"collection":[{"href":"https:\/\/revistaepocadigital.com.ar\/index.php?rest_route=\/wp\/v2\/posts"}],"about":[{"href":"https:\/\/revistaepocadigital.com.ar\/index.php?rest_route=\/wp\/v2\/types\/post"}],"author":[{"embeddable":true,"href":"https:\/\/revistaepocadigital.com.ar\/index.php?rest_route=\/wp\/v2\/users\/3"}],"replies":[{"embeddable":true,"href":"https:\/\/revistaepocadigital.com.ar\/index.php?rest_route=%2Fwp%2Fv2%2Fcomments&post=739"}],"version-history":[{"count":0,"href":"https:\/\/revistaepocadigital.com.ar\/index.php?rest_route=\/wp\/v2\/posts\/739\/revisions"}],"wp:featuredmedia":[{"embeddable":true,"href":"https:\/\/revistaepocadigital.com.ar\/index.php?rest_route=\/wp\/v2\/media\/744"}],"wp:attachment":[{"href":"https:\/\/revistaepocadigital.com.ar\/index.php?rest_route=%2Fwp%2Fv2%2Fmedia&parent=739"}],"wp:term":[{"taxonomy":"category","embeddable":true,"href":"https:\/\/revistaepocadigital.com.ar\/index.php?rest_route=%2Fwp%2Fv2%2Fcategories&post=739"},{"taxonomy":"post_tag","embeddable":true,"href":"https:\/\/revistaepocadigital.com.ar\/index.php?rest_route=%2Fwp%2Fv2%2Ftags&post=739"}],"curies":[{"name":"wp","href":"https:\/\/api.w.org\/{rel}","templated":true}]}}