{"id":7429,"date":"2020-11-02T20:44:04","date_gmt":"2020-11-02T23:44:04","guid":{"rendered":"https:\/\/revistaepocadigital.com.ar\/?p=7429"},"modified":"2020-11-12T17:52:46","modified_gmt":"2020-11-12T20:52:46","slug":"emmanuel-rodriguez-atrapado-por-la-danza-ha-llegado-lejos","status":"publish","type":"post","link":"https:\/\/revistaepocadigital.com.ar\/?p=7429","title":{"rendered":"Emmanuel Rodr\u00edguez, atrapado por la danza ha llegado lejos"},"content":{"rendered":"<p><strong>NACIDO EN CAPILLA DEL SE\u00d1OR EN 1984, A MEDIDA QUE CRECI\u00d3 LA DANZA LO ATRAP\u00d3 PARA TODA SU VIDA.<\/strong><!--more--><\/p>\n<p><strong>Emmanuel Rodr\u00edguez<\/strong> ha recorrido un fruct\u00edfera camino en el mundo de la danza, del ballet, y contin\u00faa en un camino ascendente desarrollando nuevas ideas, eventos y proyectos. Actualmente viviendo en La Plata, comenz\u00f3 con su pasi\u00f3n desde chico, en el Instituo Musical Weber con la conocida profesora Graciela Badano, la direcci\u00f3n de \u00c1ngel L\u00f3pez Pizzarro-Maridelfa Orlandi con los que avanz\u00f3 en la t\u00e9cnica de Danza Cl\u00e1sica y Danzas Espa\u00f1olas. Luego continu\u00f3 en el Instituto Maridelfa Orlandi (maestro: Marina Pertusso. Direcci\u00f3n: Maridelfa<br \/>\nOrlandi en la t\u00e9cnica de Danza Cl\u00e1sica.<\/p>\n<p>Un salto importante dio Emmanuel cuando se incorpor\u00f3 al Estudio de Julio Bocca, el bailar\u00edn argentino mundialmente famoso donde recuerda, <em>&#8220;cont\u00e9 con maestros como Katty Gallo, Ra\u00fal Candal, Silvia Bazilis siempre en la t\u00e9cnica de Danza Cl\u00e1sica&#8221;.<\/em> Su evoluci\u00f3n la plasm\u00f3 al sumarse al Taller de Danza Contempor\u00e1nea del Teatro Gral San Mart\u00edn de Buenos Aires, uno de los m\u00e1s prestigiosos y tan conocido, especializ\u00e1ndose en T\u00e9cnica Graham, T\u00e9cnica Cunningham, M\u00fasica y Movimiento, Barra a Terre, Anatom\u00eda Vivencial, Composici\u00f3n coreogr\u00e1fica, Danza<br \/>\nCl\u00e1sica, T\u00e9cnica Robles, Muller, Contac improvisation, Relese, Fly Low, Partenaire Cl\u00e1sico y Contempor\u00e1neo, Modern Jazz, entre otras, junto a los m\u00e1s destacados maestros nacionales e internacionales. Entre otros apunta Emmanuel,<em> &#8220;mis maestros fueron: &#8220;Haichi Akamine, Andrea Bengochea, Norma Binaghi, Mario Galizzi, Claudio Longo, Victoria Viberti, Andrea Chinetti, Marina Giancaspro, Miguel El\u00edas, Dalilah Spritz, Roberto Galv\u00e1n, Laura Roatta, Miguel A. El\u00edas, Alejandro Cervera, Sof\u00eda Ballv\u00e9, Cecilia Elias, Roberto Liaskowsky, Paul Vasterline&#8221;.<\/em><\/p>\n<p><img loading=\"lazy\" decoding=\"async\" class=\"size-full wp-image-7433\" style=\"text-align: center;\" src=\"https:\/\/revistaepocadigital.com.ar\/wp-content\/uploads\/2020\/11\/ema-manuela-bruno.jpg\" alt=\"\" width=\"960\" height=\"720\" srcset=\"https:\/\/revistaepocadigital.com.ar\/wp-content\/uploads\/2020\/11\/ema-manuela-bruno.jpg 960w, https:\/\/revistaepocadigital.com.ar\/wp-content\/uploads\/2020\/11\/ema-manuela-bruno-300x225.jpg 300w, https:\/\/revistaepocadigital.com.ar\/wp-content\/uploads\/2020\/11\/ema-manuela-bruno-768x576.jpg 768w, https:\/\/revistaepocadigital.com.ar\/wp-content\/uploads\/2020\/11\/ema-manuela-bruno-80x60.jpg 80w, https:\/\/revistaepocadigital.com.ar\/wp-content\/uploads\/2020\/11\/ema-manuela-bruno-160x120.jpg 160w, https:\/\/revistaepocadigital.com.ar\/wp-content\/uploads\/2020\/11\/ema-manuela-bruno-265x198.jpg 265w, https:\/\/revistaepocadigital.com.ar\/wp-content\/uploads\/2020\/11\/ema-manuela-bruno-696x522.jpg 696w, https:\/\/revistaepocadigital.com.ar\/wp-content\/uploads\/2020\/11\/ema-manuela-bruno-560x420.jpg 560w\" sizes=\"auto, (max-width: 960px) 100vw, 960px\" \/><\/p>\n<p>Con la bailarina Manuela Bruno en El Cairo.<\/p>\n<p>&nbsp;<\/p>\n<p>La etapa en el Taller de Danza Contemporanea del Teatro San Martin, lo llev\u00f3 a concretar en el a\u00f1o 2005, una gran meta al obtener el t\u00edtulo de Bailar\u00edn Interprete de Danza Contempor\u00e1neo.<\/p>\n<p>Su af\u00e1n por perfeccionarse hizo que realizara numerosos cursos,<em> &#8220;como de Danza Jazz (estudio Julio Bocca) Maestro: Chet Walker (core\u00f3grafo de Broadway, Nueva York), Danza Moderna (estudio Julio Bocca) Maestro: Jonathan Fhelps. Partenaire en danza contempor\u00e1nea (I.U.N.A.) Maestro: Gerardo Fin. Contac improvisation <\/em><br \/>\n<em>(I.U.N.A.) Maestro: Gustavo Lesgart. Modern Jazz (seminario) Maestro: Bruno Garcia. Partenaire de Repertorio Cl\u00e1sico (como invitado) Maestro: Ricardo Rivas. Psicolog\u00eda Corporal: Lic. Pedro Ceruti Picasso, entre otros&#8221;,<\/em> apunta <strong>Emmanuel<\/strong> quien nunca olvida a &#8220;su&#8221; Capilla del Se\u00f1or.<\/p>\n<p>La competencia, concursos, tambi\u00e9n han sido para <strong>Rodr\u00edguez<\/strong> un desaf\u00edo constante,<em> &#8220;as\u00ed es, siempre me han interesado, tanto hace muchos a\u00f1os particip\u00e9 en los Tornes Juveniles Bonaerenses del a\u00f1o 2000, donde obtuve Medalla de bronce en Danza cl\u00e1sica d\u00fao categor\u00eda B (con coreograf\u00eda de Marina Pertusso), y Medalla de oro en Danza contempor\u00e1nea d\u00fao categor\u00eda B (con coreograf\u00eda de Laura Roatta)&#8221;.<\/em><\/p>\n<p><img loading=\"lazy\" decoding=\"async\" class=\"aligncenter size-full wp-image-7435\" src=\"https:\/\/revistaepocadigital.com.ar\/wp-content\/uploads\/2020\/11\/emmm.jpg\" alt=\"\" width=\"1080\" height=\"1080\" srcset=\"https:\/\/revistaepocadigital.com.ar\/wp-content\/uploads\/2020\/11\/emmm.jpg 1080w, https:\/\/revistaepocadigital.com.ar\/wp-content\/uploads\/2020\/11\/emmm-300x300.jpg 300w, https:\/\/revistaepocadigital.com.ar\/wp-content\/uploads\/2020\/11\/emmm-150x150.jpg 150w, https:\/\/revistaepocadigital.com.ar\/wp-content\/uploads\/2020\/11\/emmm-768x768.jpg 768w, https:\/\/revistaepocadigital.com.ar\/wp-content\/uploads\/2020\/11\/emmm-696x696.jpg 696w, https:\/\/revistaepocadigital.com.ar\/wp-content\/uploads\/2020\/11\/emmm-1068x1068.jpg 1068w, https:\/\/revistaepocadigital.com.ar\/wp-content\/uploads\/2020\/11\/emmm-420x420.jpg 420w, https:\/\/revistaepocadigital.com.ar\/wp-content\/uploads\/2020\/11\/emmm-840x840.jpg 840w\" sizes=\"auto, (max-width: 1080px) 100vw, 1080px\" \/><\/p>\n<p>Uno de sus espect\u00e1culos.<\/p>\n<p>&nbsp;<\/p>\n<p>En el a\u00f1o 2001, obtuvo el Premio Le\u00f3n, institu\u00eddo por el Club de Leones de Capilla del Se\u00f1or en la categor\u00eda Educaci\u00f3n Ciencias Cultura. Ese mismo a\u00f1o coment\u00f3 Emmanuel,<em> &#8220;volv\u00ed a participar en los Torneos Juveniles Bonaerenses donde consegu\u00ed Medalla de plata en Danza cl\u00e1sica d\u00fao categor\u00eda B (Aguas Primaverales)&#8221;,<\/em> en ambas participaciones en los Bonaerenses represent\u00f3 a la vecina ciudad de Z\u00e1rate.<\/p>\n<p>Tambi\u00e9n supo lucirse en Punta del Este, Uruguay, en el evento Punta es Danza (Trofeo al mejor partenaire) y Medalla de Oro en Duo Neocl\u00e1sico, Medalla de Oro en Duo Cl\u00e1sico (Pas de Deux Don Quijote) y Medalla de Oro: Duo Contempor\u00e1neo (Coreograf\u00eda Laura Roatta).<\/p>\n<p>El Rotary Club de Capilla del Se\u00f1or, por otra parte, tambi\u00e9n lo reconoci\u00f3 en 2011 con el Premio S.A.T.O, por su servicio a trav\u00e9s de la ocupaci\u00f3n, a la vez que alcanz\u00f3 medallas sde oro, plata y bronce en otros concursos nacionales e internacionales.<\/p>\n<p>Dedicaci\u00f3n, capacidad, a\u00f1os de esfuerzo estudiando, perfeccionando llevaron al capillense a atravesar hasta el presente por muy ricas e importantes experiencias laborales, as\u00ed en 1999-2000 BALLET SUB 16 DE JULIO BOCCA; 2000-2001 BALLET MUNICIPAL DE ZARATE,; 2002 BALLET EL CISNE. En 2003 en el TEATRO COLON de Buenos Aires con la OPERA IDOMENEO dirigida por Alejandro Cervera. Al a\u00f1o siguiente en el CENTRO CULTURAL ROJAS con el CICLO DANZA CON OTROS, entre 2006-2013 BALLET CONCIERTO del gran bailar\u00edn I\u00d1AKI URLEZAGA. Ingresado en 2006 por concurso al Ballet Concierto de I\u00f1aki Urlezaga,<em> &#8220;realic\u00e9 con ellos giras por los 5 continentes, con los m\u00e1s variados repertorios cl\u00e1sicos y contempor\u00e1neos y trabajando con core\u00f3grafos nacionales y extranjeros&#8221;<\/em>, apunta <strong>Emmanuel.<\/strong><\/p>\n<p><img loading=\"lazy\" decoding=\"async\" class=\"aligncenter size-large wp-image-7437\" src=\"https:\/\/revistaepocadigital.com.ar\/wp-content\/uploads\/2020\/11\/evem.jpg\" alt=\"\" width=\"540\" height=\"270\" srcset=\"https:\/\/revistaepocadigital.com.ar\/wp-content\/uploads\/2020\/11\/evem.jpg 540w, https:\/\/revistaepocadigital.com.ar\/wp-content\/uploads\/2020\/11\/evem-300x150.jpg 300w\" sizes=\"auto, (max-width: 540px) 100vw, 540px\" \/><\/p>\n<p>Uno de los espect\u00e1culos en los que participa.<\/p>\n<p>Desde aquel 2007 a la actualidad, invitado por Lilian Giovine, directora del Ballet de I\u00f1aki Urlezaga, comenz\u00f3 a dictar clases de Partenaire Clasico, y Danza Contemporanea en el Instituto Arte y Ballet donde concurren bailarines profesionales de ballet. En 2008 <em>&#8220;me convoc\u00f3 de nuevo I\u00f1aki Urlezaga como repositor de la obra contempor\u00e1nea \u201cCarmina Burana\u201d del core\u00f3grafo franc\u00e9s Jean Pierre Aviotte, realizando funciones en nuestro pa\u00eds y el exterior, recorriendo pa\u00edses de Asia, Europa y Am\u00e9rica&#8221;.<\/em><\/p>\n<p><em>&#8220;A pedido de la producci\u00f3n del Ballet Concierto y del propio I\u00f1aki, me un\u00ed en el 2009 al trabajo sobre la pre-producci\u00f3n y produccion de La Traviata en Ballet, con coreograf\u00eda y puesta en escena del mismo Urlezaga&#8221;<\/em>, remarca mientras que en 2010 <em>&#8220;me contrataron como asistente del core\u00f3grafo contempor\u00e1neo Jorge Amarante para su \u201cOpera Rock\u201d, Shock Stop Rock para el Ballet Concierto de I\u00f1aki Urlezaga, que se present\u00f3 en toda la Argentina y en otros pa\u00edses. Es as\u00ed que desde 2010 me desempe\u00f1o como asistente y Stage de la compan\u00eda&#8221;<\/em>.<\/p>\n<p>La labor incesante, productiva y sin pausas del bailar\u00edn oriundo de Capilla del Se\u00f1or, se reiter\u00f3 en 2011: nuevamente contratado como asistente y repositor del core\u00f3grafo Jorge Amarante en su obra Bolero de Ravel presentada en la gira internacional Europa 2011.<em> &#8220;Luego fu\u00ed Asistente y Repositor de la obra Aires de Tango de Celia Millan para Ballet Concierto de I\u00f1aki Urlezaga presentando dicha obra por provincias argentinas y en el extranjero como result\u00f3, representando a la Argentina en la Expo Mundial Yeosu en Corea del Sur o en el Cultural Centre de Shangahi (China) y en el Cairo Opera House entre otros. Actualmente dicto cursos de danza cl\u00e1sica, partenaire y contempor\u00e1neo en varias ciudades del interior&#8221;,<\/em> detalla Emmanuel.<\/p>\n<p>.<br \/>\nLos a\u00f1os m\u00e1s recientes ha mantenido el mismo ritmo, reiterando su notable grado de profesionalismo, <em>&#8220;en 2014 -2015 ingres\u00e9 por concurso al Cuerpo de Danza por la Inclusion dependiente del Ministerio de Desarrollo Social de la Nacion dirigido por Inaki (Urlezaga), con el que nos presentamos en todas sus temporadas en el Teatro Coliseo de Buenos Aires e hicimos giras por el interior y por Espa\u00f1a y Portugal&#8221;.<\/em> Convocado de nuevo por Urlezaga y el municipio de la ciudad de La Plata dict\u00f3 seminarios bimestrales de Danza Contempor\u00e1nea y<br \/>\nPartenaire.<\/p>\n<figure id=\"attachment_7439\" aria-describedby=\"caption-attachment-7439\" style=\"width: 583px\" class=\"wp-caption aligncenter\"><img loading=\"lazy\" decoding=\"async\" class=\"size-full wp-image-7439\" src=\"https:\/\/revistaepocadigital.com.ar\/wp-content\/uploads\/2020\/11\/ema-bailarines.jpg\" alt=\"\" width=\"583\" height=\"437\" srcset=\"https:\/\/revistaepocadigital.com.ar\/wp-content\/uploads\/2020\/11\/ema-bailarines.jpg 583w, https:\/\/revistaepocadigital.com.ar\/wp-content\/uploads\/2020\/11\/ema-bailarines-300x225.jpg 300w, https:\/\/revistaepocadigital.com.ar\/wp-content\/uploads\/2020\/11\/ema-bailarines-80x60.jpg 80w, https:\/\/revistaepocadigital.com.ar\/wp-content\/uploads\/2020\/11\/ema-bailarines-160x120.jpg 160w, https:\/\/revistaepocadigital.com.ar\/wp-content\/uploads\/2020\/11\/ema-bailarines-265x198.jpg 265w, https:\/\/revistaepocadigital.com.ar\/wp-content\/uploads\/2020\/11\/ema-bailarines-530x396.jpg 530w, https:\/\/revistaepocadigital.com.ar\/wp-content\/uploads\/2020\/11\/ema-bailarines-560x420.jpg 560w\" sizes=\"auto, (max-width: 583px) 100vw, 583px\" \/><figcaption id=\"caption-attachment-7439\" class=\"wp-caption-text\">Con un grupo de bailarines en Alemania.<\/figcaption><\/figure>\n<p>As\u00ed hasta que entre 2018-2019, <em>&#8220;me seleccionaron para integrar el elenco de Tango Legends, compa\u00f1\u00eda de renombre con la que concretamos actuaciones en nuestro pa\u00eds y tuvimos un exitoso recorrido por EE.UU en ciudades como Washington, Philadelphia, Chicago, Nueva York entre otras, con localidades agotadas. Con ese espect\u00e1culo adem\u00e1s estuvimos en el Cairo \u00d3pera House, Alexandria, Jordania, T\u00fanez, Atenas, Thessalonikki, y Chipre<\/em>&#8220;. Ratificando su gran nivel, el a\u00f1o pasado convocado por Celia Mill\u00e1n (ex primera bailarina en<br \/>\nAlemania) viaj\u00f3 a ciudades de aquel pa\u00eds como Bautzen, Dresden y Goerlitz para asistir en reposici\u00f3n coreogr\u00e1fica a compa\u00f1\u00edas alemanas y presentarse en diferentes espect\u00e1culos como su partenaire.<\/p>\n<p>No ha faltado en Emmanuel, su costado solidadrio, dado que por tres a\u00f1os consecutivos <em>&#8220;particip\u00e9 comprometido activamente con el proyecto Operacion Vida (Amor en Accion), perteneciente a la Fundacion Rey de Reyes,<\/em><br \/>\n<em>organizacion sin fines de lucro. Recorrimos el pa\u00eds y casa por casa en viajes de ayuda social y espiritual. A cada localidad visitada llevamos toneladas de alimentos e insumos de necesidad, dirigiendo obras teatrales y coreogr\u00e1ficas en plazas y estadios de f\u00fatbol para mucha gente que jam\u00e1s hab\u00edan podido asistir a un espect\u00e1culo en teatros&#8221;.<\/em><\/p>\n<p>Es<strong> Emmanuel Rodr\u00edguez,<\/strong> naci\u00f3 en Capilla y con la danza ha hecho y sigue haciendo grandes cosas.<\/p>\n","protected":false},"excerpt":{"rendered":"<p>NACIDO EN CAPILLA DEL SE\u00d1OR EN 1984, A MEDIDA QUE CRECI\u00d3 LA DANZA LO ATRAP\u00d3 PARA TODA SU VIDA.<\/p>\n","protected":false},"author":4,"featured_media":7432,"comment_status":"open","ping_status":"open","sticky":false,"template":"","format":"standard","meta":{"footnotes":"","jetpack_publicize_message":"","jetpack_publicize_feature_enabled":true,"jetpack_social_post_already_shared":false,"jetpack_social_options":{"image_generator_settings":{"template":"highway","default_image_id":0,"font":"","enabled":false},"version":2}},"categories":[6,10,12],"tags":[1016,37,1017],"class_list":["post-7429","post","type-post","status-publish","format-standard","has-post-thumbnail","hentry","category-barrios","category-editorial","category-espectaculos","tag-ballet","tag-destacada","tag-rodriguez"],"jetpack_publicize_connections":[],"jetpack_featured_media_url":"https:\/\/revistaepocadigital.com.ar\/wp-content\/uploads\/2020\/11\/emaaa-ale.jpg","jetpack_likes_enabled":true,"_links":{"self":[{"href":"https:\/\/revistaepocadigital.com.ar\/index.php?rest_route=\/wp\/v2\/posts\/7429","targetHints":{"allow":["GET"]}}],"collection":[{"href":"https:\/\/revistaepocadigital.com.ar\/index.php?rest_route=\/wp\/v2\/posts"}],"about":[{"href":"https:\/\/revistaepocadigital.com.ar\/index.php?rest_route=\/wp\/v2\/types\/post"}],"author":[{"embeddable":true,"href":"https:\/\/revistaepocadigital.com.ar\/index.php?rest_route=\/wp\/v2\/users\/4"}],"replies":[{"embeddable":true,"href":"https:\/\/revistaepocadigital.com.ar\/index.php?rest_route=%2Fwp%2Fv2%2Fcomments&post=7429"}],"version-history":[{"count":0,"href":"https:\/\/revistaepocadigital.com.ar\/index.php?rest_route=\/wp\/v2\/posts\/7429\/revisions"}],"wp:featuredmedia":[{"embeddable":true,"href":"https:\/\/revistaepocadigital.com.ar\/index.php?rest_route=\/wp\/v2\/media\/7432"}],"wp:attachment":[{"href":"https:\/\/revistaepocadigital.com.ar\/index.php?rest_route=%2Fwp%2Fv2%2Fmedia&parent=7429"}],"wp:term":[{"taxonomy":"category","embeddable":true,"href":"https:\/\/revistaepocadigital.com.ar\/index.php?rest_route=%2Fwp%2Fv2%2Fcategories&post=7429"},{"taxonomy":"post_tag","embeddable":true,"href":"https:\/\/revistaepocadigital.com.ar\/index.php?rest_route=%2Fwp%2Fv2%2Ftags&post=7429"}],"curies":[{"name":"wp","href":"https:\/\/api.w.org\/{rel}","templated":true}]}}