{"id":746,"date":"2018-12-10T16:49:58","date_gmt":"2018-12-10T19:49:58","guid":{"rendered":"https:\/\/revistaepocadigital.com.ar\/?p=746"},"modified":"2018-12-10T16:49:58","modified_gmt":"2018-12-10T19:49:58","slug":"jubilaciones-pensiones-asignaciones-universales-lo-que-tenes-que-saber","status":"publish","type":"post","link":"https:\/\/revistaepocadigital.com.ar\/?p=746","title":{"rendered":"Jubilaciones, pensiones, asignaciones universales, lo que ten\u00e9s que saber"},"content":{"rendered":"<p><strong>DE VITAL IMPORTANCIA.<\/strong> Son temas en la Argentina los atinentes a los jubilados, pensionados y aquellos vinculados a beneficios y planes sociales. <!--more-->En <strong>Capilla del Se\u00f1or<\/strong> funciona la delegaci\u00f3n de <strong>ANSES<\/strong> encabezada por la gerente <strong>Karina Alejandra Negro,<\/strong> abogada y mediadora, la funcionaria fue entrevistada por EPOCA acerca de aspectos que resultan relevantes en especial para aquellos que de una u otra manera, deben recurrir al ANSES. Por la relevancia que implican estas cuestiones, resulta muy amplia y sustanciosa la informaci\u00f3n brindada por la responsable del organismo en el distrito.<\/p>\n<p><strong>-\u00bfA que cantidad de beneficiarios o solicitantes de distintas operatorias, atiende estimativamente ANSES en Capilla del Se\u00f1or y para el distrito?<\/strong><br \/>\n<em>-La oficina de ANSES de Capilla del Se\u00f1or, realiza la atenci\u00f3n de aproximadamente entre 100 y 150 personas por d\u00eda.<\/em><\/p>\n<p><strong>-\u00bfCuales ser\u00edan los consejos b\u00e1sicos que le dar\u00eda a quienes concurren a ANSES, en procura de tramites jubilatorios, pensiones, etc.<\/strong><br \/>\n<em>-Muchos de los tr\u00e1mites que antes requer\u00edan la presencia del beneficiario en alguna de las oficinas de ANSES, han sido simplificados y pueden efectuarse desde la p\u00e1gina de internet: www.anses.gov.ar, utilizando la clave de la seguridad social. A prop\u00f3sito de la clave, la misma puede crearse y habilitarse en l\u00ednea en la misma p\u00e1gina. Se trata de una herramienta, que procura evitar que el afiliado deba concurrir personalmente a una oficina, y as\u00ed realice tr\u00e1mites desde su domicilio, ahorrando gastos de traslado y tiempo de espera.<\/em><br \/>\n<em>A prop\u00f3sito, en la pagina en internet www.anses.gov.ar, se encuentran enumerados los tr\u00e1mites que pueden realizarse por esta v\u00eda. Entre otros se encuentran: pr\u00e9stamos para titulares de Asignacion universal, asignaci\u00f3n familiar. En cuanto a jubiliados y pensionados, pueden iniciar la reparaci\u00f3n hist\u00f3rica, consulta de fecha y lugar de cobro, presentaci\u00f3n de libreta de asignaci\u00f3n universal, escolaridad, obra social (CODEM), etc.<\/em><br \/>\n<em>Asimismo, tambi\u00e9n vale la pena remarcar para informaci\u00f3n de la gente, que en la pagina web que he mencionado, se encuentran las cartillas de requisitos para cada uno de los tr\u00e1mites. Esto facilita que el afiliado concurra a la oficina con toda la documentaci\u00f3n requerida, para cada prestaci\u00f3n en particular.<\/em><br \/>\n<em>Una segunda opci\u00f3n es la utilizaci\u00f3n de la Terminal de Autoconsulta, la misma se encuentra ubicada en la nuestras oficinas, y mediante la cual es posible efectuar gestiones sin hacer fila, por este medio se pueden solicitar turnos, realizar consultas de estado de expedientes, imprimir constancia de CUIL, averiguar fecha y lugar de cobro, entre otras cuestiones. Ahora bien, si el afiliado no se encuentra familiarizado con los nuevos sistemas inform\u00e1ticos, puede ser atendido en forma personalizada por un agente con la presentaci\u00f3n del DNI original.<\/em><\/p>\n<figure id=\"attachment_751\" aria-describedby=\"caption-attachment-751\" style=\"width: 960px\" class=\"wp-caption aligncenter\"><img loading=\"lazy\" decoding=\"async\" class=\"size-full wp-image-751\" src=\"https:\/\/revistaepocadigital.com.ar\/wp-content\/uploads\/2018\/12\/ANSES-CAPI-1-1.jpg\" alt=\"\" width=\"960\" height=\"720\" \/><figcaption id=\"caption-attachment-751\" class=\"wp-caption-text\">La gerente de ANSES junto a un grupo de beneficiarios<\/figcaption><\/figure>\n<p><span style=\"color: #ff6600;\">Beneficios para titulares<\/span><br \/>\n<span style=\"color: #ff6600;\">de cr\u00e9ditos Argenta<\/span><\/p>\n<p>El programa ARGENTA, dice <strong>Karina Negro,<\/strong> gerente de <strong>ANSES<\/strong> local, <em>&#8220;es un programa de cr\u00e9ditos personales para los jubilados, pensionados, y para quienes cobran Asignaciones por Hijo. Para consultar si pueden solicitar el cr\u00e9dito los beneficiarios deben acceder a la secci\u00f3n MI ANSES desde la pagina web de ANSES&#8221;.<\/em><br \/>\n<em>&#8220;Todas las personas<\/em> -agreg\u00f3- <em>que solicitaron un cr\u00e9dito ANSES acceden autom\u00e1ticamente a los descuentos del programa MEJORA HOGAR, cuyo beneficio consiste en Descuentos de hasta 25% en corralones de todo el pa\u00eds en la compra de materiales de construcci\u00f3n&#8221;. &#8220;Y por otro lado -complet\u00f3- todas las compras con tarjeta de d\u00e9bito, asociadas a la cuenta gratuita de la seguridad social, disponen de un reintegro del 15%. Para acceder a este beneficio, el afiliado no debe hacer ning\u00fan tr\u00e1mite: s\u00f3lo debe presentarse en el corral\u00f3n la constancia de solicitud del Cr\u00e9dito ANSES&#8221;.<\/em><\/p>\n<p><strong>-Recientemente el diario La Naci\u00f3n public\u00f3 un informe acerca de los subsidios por invalidez laboral, habiendose detectado muchos casos irregulares, \u00bfen ANSES de Capilla del Se\u00f1or, son efectuados controles acerca de las prestaciones que recibe la poblaci\u00f3n en cuanto a que se encuentren debidamente recibidas?<\/strong><br \/>\n&#8211;<em>A ver, es importante efectuar una aclaraci\u00f3n respecto a su pregunta. Los controles que se efect\u00faan, est\u00e1n a cargo de la Agencia Nacional de Discapacidad, por lo tanto no los lleva a cabo ANSES. En los casos que ellos advierten alguna anomal\u00eda, se ponen en comunicaci\u00f3n con el afiliado y le solicitan la presentaci\u00f3n de documentaci\u00f3n correspondiente.<\/em><\/p>\n<figure id=\"attachment_752\" aria-describedby=\"caption-attachment-752\" style=\"width: 806px\" class=\"wp-caption aligncenter\"><img loading=\"lazy\" decoding=\"async\" class=\"size-full wp-image-752\" src=\"https:\/\/revistaepocadigital.com.ar\/wp-content\/uploads\/2018\/12\/anses-1-1.jpg\" alt=\"\" width=\"806\" height=\"545\" \/><figcaption id=\"caption-attachment-752\" class=\"wp-caption-text\">Una vista de las oficinas del organismo en Capilla del Se\u00f1or<\/figcaption><\/figure>\n<p><strong>-\u00bfPuede comentar acerca de los aumentos previstos en jubilaciones, pensiones y asignaciones familiares?, cuesti\u00f3n tan sensible por cierto.<\/strong><br \/>\n<em>-Las jubilaciones, pensiones y asignaciones familiares de ANSES, aumentan cuatro veces por a\u00f1o; en los meses de marzo, junio, septiembre y diciembre seg\u00fan lo establecido por la Ley 27.426. La movilidad se calcula teniendo en cuenta: En un 70% el \u00cdndice de Precios al Consumidor del INDEC, y un 30% seg\u00fan la variaci\u00f3n de la Remuneraci\u00f3n Imponible Promedio de los Trabajadores Estables (RIPTE).<\/em><br \/>\n<em>Adem\u00e1s, se garantiza a los jubilados y pensionados que completaron 30 a\u00f1os o m\u00e1s de servicios con aportes <\/em>(sin adherir a moratorias previsionales),<em> un cobro extra que permita alcanzar en un 82% el valor del Salario M\u00ednimo Vital y M\u00f3vil.<\/em><br \/>\n<em>En junio de 2018, se realiz\u00f3 el segundo de los cuatro aumentos del a\u00f1o en las jubilaciones, pensiones y asignaciones familiares de acuerdo con la f\u00f3rmula de movilidad. El aumento para el trimestre junio-agosto fue de 5,69%, y a partir del 1 de septiembre de este a\u00f1o, se aplic\u00f3 el tercero de los cuatro aumentos del a\u00f1o en las jubilaciones, pensiones y asignaciones familiares de acuerdo con la f\u00f3rmula de movilidad. El aumento para el trimestre septiembre-noviembre fue de 6,68%.<\/em><br \/>\n<em>En cuanto al monto de la Asignaci\u00f3n Universal por Hijo, y por Embarazo para Protecci\u00f3n Social vigente a partir del 1 de septiembre \u00faltimo, es de 1684 pesos; del monto total el 80% se cobra mensualmente y el 20% restante en forma anual con la presentaci\u00f3n de la Libreta Asignaci\u00f3n Universal. Los montos correspondientes al aumento de diciemb<\/em>re se publicaban en estos d\u00edas d\u00edas.<\/p>\n<p><span style=\"color: #ff6600;\">LOS CONTROLES A LAS ASIGNACIONES UNIVERSALES<\/span><\/p>\n<p><strong>-\u00bfQue controles son efectuados y requisitos se tienen en cuenta para las asignaciones universales?<\/strong><br \/>\n<em>-La asignaci\u00f3n universal por hijo, es una prestaci\u00f3n mensual por cada hijo menor de 18 a\u00f1os, y sin limite de edad para el caso de hijos con discapacidad, La pueden solicitar los padres desde el momento del nacimiento, priorizando en su cobro a la mam\u00e1. Pueden requerir a su vez esta prestaci\u00f3n, quienes se encuentren desocupados, sean trabajadores no registrados, es decir sin aportes, trabajadores del servicio dom\u00e9stico, monotributistas sociales, personas inscriptas en los programas Hacemos Futuro, Argentina Trabaja y Ellas Hacen), Manos a la Obra y Programas compatibles del Ministerio de Trabajo. Entre los requisitos que deben cumplir se encuentran ser argentinos, residir en el pa\u00eds y contar con DNI. Si son extranjeros o naturalizados, disponer de 3 a\u00f1os de residencia y DNI, y el hijo debe ser soltero y menor de edad, con la salvedad apuntada precedentemente para el caso de hijos discapacitados.<\/em><br \/>\n<em>Respecto a los controles llevados a cabo por el organismo existen dos que resultan de vital importancia: En primer t\u00e9rmino, se corrobora que el ni\u00f1o se encuentre escolarizado, concurriendo regularmente a la escuela, para ello las autoridades del establecimiento educativo, deben completar si el ni\u00f1o (s\u00f3lo mayor de 5 a\u00f1os) se encuentra concurriendo, firmar y sellar la libreta. En segundo t\u00e9rmino, ANSES efect\u00faa un control respecto a la salud del ni\u00f1o, en ese caso el profesional matriculado debe completar si el ni\u00f1o ha recibido las vacunas correspondientes y si le efectuaron los controles de acuerdo a su edad, luego firmar la documentaci\u00f3n y colocarle su sello.<\/em><br \/>\n<em>Este requerimiento debe ser cumplimentado una vez por a\u00f1o. Es decir quienes a\u00fan no lo hayan aprovecho esta entrevista dela revista EPOCA, para informar que deben presentar la libreta antes del 31 de diciembre, para as\u00ed de esa forma, poder cobrar el 20% anual acumulado. Al hacerlo, dicho porcentaje se acreditar\u00e1 en la cuenta al mes siguiente de la presentaci\u00f3n.<\/em><\/p>\n<p>Por \u00faltimo, a la completa y detallada informaci\u00f3n brindada por la gerente de <strong>ANSES<\/strong> de nuestro distrito, vale agregar que los horarios de atenci\u00f3n en la oficina del organismo ubicada en Mateo S. Casco 666, Capilla del Se\u00f1or (tel. 02323-492972),donde tambi\u00e9n son canalizados tr\u00e1mites de vecinos de otros puntos de Exaltaci\u00f3n de la Cruz, son de lunes a viernes de 8.30 a 14.30 hs, y en los Centros de Jubilados de Parada Robles, Los Cardales y Barrio San Jos\u00e9, en cada oportunidad que son entregados los bolsones de alimentos de PAMI.<\/p>\n","protected":false},"excerpt":{"rendered":"<p>DE VITAL IMPORTANCIA. Son temas en la Argentina los atinentes a los jubilados, pensionados y aquellos vinculados a beneficios y planes sociales.<\/p>\n","protected":false},"author":3,"featured_media":750,"comment_status":"open","ping_status":"open","sticky":false,"template":"","format":"standard","meta":{"footnotes":"","jetpack_publicize_message":"","jetpack_publicize_feature_enabled":true,"jetpack_social_post_already_shared":false,"jetpack_social_options":{"image_generator_settings":{"template":"highway","default_image_id":0,"font":"","enabled":false},"version":2}},"categories":[13],"tags":[21,37],"class_list":["post-746","post","type-post","status-publish","format-standard","has-post-thumbnail","hentry","category-interes-general","tag-anses","tag-destacada"],"jetpack_publicize_connections":[],"jetpack_featured_media_url":"https:\/\/revistaepocadigital.com.ar\/wp-content\/uploads\/2018\/12\/negro-karina..-1.jpg","jetpack_likes_enabled":true,"_links":{"self":[{"href":"https:\/\/revistaepocadigital.com.ar\/index.php?rest_route=\/wp\/v2\/posts\/746","targetHints":{"allow":["GET"]}}],"collection":[{"href":"https:\/\/revistaepocadigital.com.ar\/index.php?rest_route=\/wp\/v2\/posts"}],"about":[{"href":"https:\/\/revistaepocadigital.com.ar\/index.php?rest_route=\/wp\/v2\/types\/post"}],"author":[{"embeddable":true,"href":"https:\/\/revistaepocadigital.com.ar\/index.php?rest_route=\/wp\/v2\/users\/3"}],"replies":[{"embeddable":true,"href":"https:\/\/revistaepocadigital.com.ar\/index.php?rest_route=%2Fwp%2Fv2%2Fcomments&post=746"}],"version-history":[{"count":0,"href":"https:\/\/revistaepocadigital.com.ar\/index.php?rest_route=\/wp\/v2\/posts\/746\/revisions"}],"wp:featuredmedia":[{"embeddable":true,"href":"https:\/\/revistaepocadigital.com.ar\/index.php?rest_route=\/wp\/v2\/media\/750"}],"wp:attachment":[{"href":"https:\/\/revistaepocadigital.com.ar\/index.php?rest_route=%2Fwp%2Fv2%2Fmedia&parent=746"}],"wp:term":[{"taxonomy":"category","embeddable":true,"href":"https:\/\/revistaepocadigital.com.ar\/index.php?rest_route=%2Fwp%2Fv2%2Fcategories&post=746"},{"taxonomy":"post_tag","embeddable":true,"href":"https:\/\/revistaepocadigital.com.ar\/index.php?rest_route=%2Fwp%2Fv2%2Ftags&post=746"}],"curies":[{"name":"wp","href":"https:\/\/api.w.org\/{rel}","templated":true}]}}