{"id":7469,"date":"2020-11-05T23:20:20","date_gmt":"2020-11-06T02:20:20","guid":{"rendered":"https:\/\/revistaepocadigital.com.ar\/?p=7469"},"modified":"2020-11-05T23:20:20","modified_gmt":"2020-11-06T02:20:20","slug":"el-papa-francisco-es-populista","status":"publish","type":"post","link":"https:\/\/revistaepocadigital.com.ar\/?p=7469","title":{"rendered":"El Papa Francisco, \u00bfes populista?"},"content":{"rendered":"<p><strong>EL INFORME DEL DIARIO LA NACI\u00d3N EN UN VIDEO.<\/strong><!--more--><\/p>\n<p>Mucho se habla del rol terrenal que puede jugar el jefe de la iglesia cat\u00f3lica, el gu\u00eda de millones y millones de cat\u00f3licos en el mundo, en la pol\u00edtica argentina, campo en el que la controversia est\u00e1 latente.<\/p>\n<p>Mir\u00e1 este informe muy bueno del diario La Naci\u00f3n que replica EPOCA.<\/p>\n<p>&nbsp;<\/p>\n<p><iframe loading=\"lazy\" title=\"El Papa Francisco, \u00bfes populista? - Informe de Beto Valdez\" width=\"696\" height=\"392\" src=\"https:\/\/www.youtube.com\/embed\/1ZvOfG67zWg?feature=oembed\" frameborder=\"0\" allow=\"accelerometer; autoplay; clipboard-write; encrypted-media; gyroscope; picture-in-picture\" allowfullscreen><\/iframe><\/p>\n<p>&nbsp;<\/p>\n","protected":false},"excerpt":{"rendered":"<p>EL INFORME DEL DIARIO LA NACI\u00d3N EN UN VIDEO.<\/p>\n","protected":false},"author":3,"featured_media":7470,"comment_status":"open","ping_status":"open","sticky":false,"template":"","format":"standard","meta":{"footnotes":"","jetpack_publicize_message":"","jetpack_publicize_feature_enabled":true,"jetpack_social_post_already_shared":false,"jetpack_social_options":{"image_generator_settings":{"template":"highway","default_image_id":0,"font":"","enabled":false},"version":2}},"categories":[17],"tags":[1022,1023],"class_list":["post-7469","post","type-post","status-publish","format-standard","has-post-thumbnail","hentry","category-politica","tag-papa-francisco","tag-politica-argentina"],"jetpack_publicize_connections":[],"jetpack_featured_media_url":"https:\/\/revistaepocadigital.com.ar\/wp-content\/uploads\/2020\/11\/PAPA-FRACISO.jpg","jetpack_likes_enabled":true,"_links":{"self":[{"href":"https:\/\/revistaepocadigital.com.ar\/index.php?rest_route=\/wp\/v2\/posts\/7469","targetHints":{"allow":["GET"]}}],"collection":[{"href":"https:\/\/revistaepocadigital.com.ar\/index.php?rest_route=\/wp\/v2\/posts"}],"about":[{"href":"https:\/\/revistaepocadigital.com.ar\/index.php?rest_route=\/wp\/v2\/types\/post"}],"author":[{"embeddable":true,"href":"https:\/\/revistaepocadigital.com.ar\/index.php?rest_route=\/wp\/v2\/users\/3"}],"replies":[{"embeddable":true,"href":"https:\/\/revistaepocadigital.com.ar\/index.php?rest_route=%2Fwp%2Fv2%2Fcomments&post=7469"}],"version-history":[{"count":0,"href":"https:\/\/revistaepocadigital.com.ar\/index.php?rest_route=\/wp\/v2\/posts\/7469\/revisions"}],"wp:featuredmedia":[{"embeddable":true,"href":"https:\/\/revistaepocadigital.com.ar\/index.php?rest_route=\/wp\/v2\/media\/7470"}],"wp:attachment":[{"href":"https:\/\/revistaepocadigital.com.ar\/index.php?rest_route=%2Fwp%2Fv2%2Fmedia&parent=7469"}],"wp:term":[{"taxonomy":"category","embeddable":true,"href":"https:\/\/revistaepocadigital.com.ar\/index.php?rest_route=%2Fwp%2Fv2%2Fcategories&post=7469"},{"taxonomy":"post_tag","embeddable":true,"href":"https:\/\/revistaepocadigital.com.ar\/index.php?rest_route=%2Fwp%2Fv2%2Ftags&post=7469"}],"curies":[{"name":"wp","href":"https:\/\/api.w.org\/{rel}","templated":true}]}}